{"id":361405,"date":"2025-09-02T18:45:08","date_gmt":"2025-09-02T18:45:08","guid":{"rendered":"https:\/\/www.europesays.com\/fr\/361405\/"},"modified":"2025-09-02T18:45:08","modified_gmt":"2025-09-02T18:45:08","slug":"jean-jacques-goldman-ma-donne-la-chance-detre-bienvenue-en-france-le-rare-temoignage-de-celine-dion-sur-m6-tv-magazine","status":"publish","type":"post","link":"https:\/\/www.europesays.com\/fr\/361405\/","title":{"rendered":"\u00abJean-Jacques Goldman m\u2019a donn\u00e9 la chance d\u2019\u00eatre bienvenue en France\u00bb : le rare t\u00e9moignage de C\u00e9line Dion sur M6 &#8211; TV Magazine"},"content":{"rendered":"<ol>\n<li><a href=\"https:\/\/news.google.com\/rss\/articles\/CBMi_gFBVV95cUxNcmRWTFB2SFVvWFdja2E2UDBlelN5Zi1uUXpJY2dGNzVQcXVOMExhUldsWk9Md1AzTWJiSEZQV0VOS1NYdlRYSVdtZndKUHdfd1E1QU9vTUlCUDB4dFc4T0Qwd2ZPTW1tSFZJWXBBcUwxa2p4eFk2cDc5ODFkUXBIU0VaNzhNWDN2R0I4eDBYNHFBS29jQ1hmcGVjS0M0UmJVbTVYb0NZd0V1ckRQRjQ0bUtpbzVxTmU3dVRBNVJwWHFJbWl2SXA3SGxpR05aa3hBdlRzN2t2eDRRNjNUODhLcUozdHQ3d2JkbUxveGtHdW9tUXRfYU1SdU5vSWpPUQ?oc=5\" target=\"_blank\" rel=\"nofollow noopener\">\u00abJean-Jacques Goldman m\u2019a donn\u00e9 la chance d\u2019\u00eatre bienvenue en France\u00bb : le rare t\u00e9moignage de C\u00e9line Dion sur M6<\/a>&nbsp;&nbsp;TV Magazine<\/li>\n<li><a href=\"https:\/\/news.google.com\/rss\/articles\/CBMiowJBVV95cUxPU0swYW5TYU4zRUoyUzNleTlVRklxRkNlOXY2dnIwYUF1TlE4cnM5aTE1UG8tTmVDYk9IOHA5ckVvWTJtd2lxZ2hDUzE4RWpNYnRYT0stc2pfeUp3X1d5NW1RVmdmNmpPYW9QdGhRRjBJV1lqb3gwSHNQeDBqdEUyT1lscG9helhRN1cyTk0xMVBfbEU5R0JnZGE5UEdRMG52NHRobC1lNk5sNm9NeWlpUURzTFFBNElpQl9wTTdYeUNZZW52TTVyNDVDN3BxWTRZZnphRlBPQnNhaS1ZNXFSbDViMkdnemc0VmpRang2ZDBJQTdNdzJ6SnF1dUdCQ0hKZFB4UF9fVVJuanBwbUthQjVVSjFGWkVKTjM3cGpoOWRvS1k?oc=5\" target=\"_blank\" rel=\"nofollow noopener\">C\u00e9line Dion : malaise \u00e0 l\u2019Eurovision, concerts report\u00e9s, documentaire\u2026 Nos r\u00e9v\u00e9lations sur son retour compliqu\u00e9<\/a>&nbsp;&nbsp;Le Parisien<\/li>\n<li><a href=\"https:\/\/news.google.com\/rss\/articles\/CBMizgFBVV95cUxQNTJ2N2E0TWg1UUdXWDBoNGdETnpsaVBURXhSRmFiNnhOZjl3VzBmOHZuVFlEQS1uMkxTRFVTemRObVBWUEF3dzdLVUc0VHdQT3Y1SXN2WHd6OXRWNmZYWVVaOThFZFJWQzB2ZTBIQVh4V1ZTaEdwMlV3bWVGRTg2dkRFQjRBVUQ3amxlREtJZFB4Vm1TSVlZMzlKSVNVOWRsLVo0WEVVVlZEOXdQbEItbFl0YUUzQWRpblhsbVlQY1p4Vng0eWVJRk13WFRGUQ?oc=5\" target=\"_blank\" rel=\"nofollow noopener\">L\u2019album \u00ab D\u2019eux \u00bb a 30 ans : C\u00e9line Dion revient sur sa rencontre avec Jean-Jacques Goldman<\/a>&nbsp;&nbsp;Sud Ouest<\/li>\n<li><a href=\"https:\/\/news.google.com\/rss\/articles\/CBMi4AFBVV95cUxPUjhVUEMxUGk2S2tGaG1YRHdodDQ1dF9aRGotUFJjaVVpS3A1SkR6Wl9xUTFzYTQ3NC12OTRJWHBnU1lHWE1mck12MEJYMUlvY3BRdU1CT2NDNVV5aXNXTVVMSi1HUjZSeDhnWWtNRk9LMUV3dWRrRl85UnpmSkR5aUJqUFdlTGVvTEpPZm1rOFVnZFo1dU4wNHAtYXNVUnlZcnZMeklmU2diNXVZUWZJYlhGZ0x3OUxoT2w2M1h6cy01ZnVOOU1DaDBXc1ZvQmtsNm1rMXk5VE11YXhOVWYwRg?oc=5\" target=\"_blank\" rel=\"nofollow noopener\">Sur M6, C\u00e9line Dion se replonge dans ses souvenirs de l\u2019album \u00ab D\u2019eux \u00bb avec les archives de Jean-Jacques Goldman<\/a>&nbsp;&nbsp;L&rsquo;Humanit\u00e9<\/li>\n<li><a href=\"https:\/\/news.google.com\/rss\/articles\/CBMipwFBVV95cUxQRTZTVEU5Q1AzTGoxdERTNDM0ajdIM0xkM2pZLUhuQ2Z5UEZpZDFqa2d0RDlJQmExQjU1V1Q5ZGhqMDJPaHlPd1dxb2RBMUU4RWM4T2VSOTY0VFZiQ0NiSlhOR3lOelhidXJQaGVSVzJOU3pPb01rWjFjWGZUeGo4OE5MWjNMZWVKZzdXRVVhcVVxdTZpUzRmd0RQaC1LOU5penN3U1Y3WQ?oc=5\" target=\"_blank\" rel=\"nofollow noopener\">C\u00e9line Dion raconte D&rsquo;Eux : faut-il voir ce documentaire in\u00e9dit ?<\/a>&nbsp;&nbsp;L&rsquo;\u00c9claireur Fnac<\/li>\n<\/ol>\n","protected":false},"excerpt":{"rendered":"\u00abJean-Jacques Goldman m\u2019a donn\u00e9 la chance d\u2019\u00eatre bienvenue en France\u00bb : le rare t\u00e9moignage de C\u00e9line Dion sur&hellip;\n","protected":false},"author":2,"featured_media":1445,"comment_status":"","ping_status":"","sticky":false,"template":"","format":"standard","meta":{"footnotes":""},"categories":[1355],"tags":[58,59,1011,27,1361,873],"class_list":{"0":"post-361405","1":"post","2":"type-post","3":"status-publish","4":"format-standard","5":"has-post-thumbnail","7":"category-musique","8":"tag-divertissement","9":"tag-entertainment","10":"tag-fr","11":"tag-france","12":"tag-music","13":"tag-musique"},"share_on_mastodon":{"url":"https:\/\/pubeurope.com\/@fr\/115136189273783248","error":""},"_links":{"self":[{"href":"https:\/\/www.europesays.com\/fr\/wp-json\/wp\/v2\/posts\/361405","targetHints":{"allow":["GET"]}}],"collection":[{"href":"https:\/\/www.europesays.com\/fr\/wp-json\/wp\/v2\/posts"}],"about":[{"href":"https:\/\/www.europesays.com\/fr\/wp-json\/wp\/v2\/types\/post"}],"author":[{"embeddable":true,"href":"https:\/\/www.europesays.com\/fr\/wp-json\/wp\/v2\/users\/2"}],"replies":[{"embeddable":true,"href":"https:\/\/www.europesays.com\/fr\/wp-json\/wp\/v2\/comments?post=361405"}],"version-history":[{"count":0,"href":"https:\/\/www.europesays.com\/fr\/wp-json\/wp\/v2\/posts\/361405\/revisions"}],"wp:featuredmedia":[{"embeddable":true,"href":"https:\/\/www.europesays.com\/fr\/wp-json\/wp\/v2\/media\/1445"}],"wp:attachment":[{"href":"https:\/\/www.europesays.com\/fr\/wp-json\/wp\/v2\/media?parent=361405"}],"wp:term":[{"taxonomy":"category","embeddable":true,"href":"https:\/\/www.europesays.com\/fr\/wp-json\/wp\/v2\/categories?post=361405"},{"taxonomy":"post_tag","embeddable":true,"href":"https:\/\/www.europesays.com\/fr\/wp-json\/wp\/v2\/tags?post=361405"}],"curies":[{"name":"wp","href":"https:\/\/api.w.org\/{rel}","templated":true}]}}