{"id":361406,"date":"2025-09-02T18:46:13","date_gmt":"2025-09-02T18:46:13","guid":{"rendered":"https:\/\/www.europesays.com\/fr\/361406\/"},"modified":"2025-09-02T18:46:13","modified_gmt":"2025-09-02T18:46:13","slug":"un-ete-meurtrier-pour-le-cinema-en-france","status":"publish","type":"post","link":"https:\/\/www.europesays.com\/fr\/361406\/","title":{"rendered":"un \u00e9t\u00e9 meurtrier pour le cin\u00e9ma en France"},"content":{"rendered":"<p><strong>D\u00c9CRYPTAGE &#8211;<\/strong> Apr\u00e8s un mois de juillet maussade, la fr\u00e9quentation a encore chut\u00e9 au mois d\u2019ao\u00fbt, avec moins de 10\u00a0millions d\u2019entr\u00e9es \u00e9coul\u00e9es.<\/p>\n<p class=\"fig-paragraph\">Un \u00ab\u00a0P\u2019tit truc\u00a0\u00bb en moins. Et des si\u00e8ges vides en plus. En juillet comme en ao\u00fbt,\u00a0<a href=\"http:\/\/www.lefigaro.fr\/cinema\/la-frequentation-des-cinemas-dans-le-monde-a-recule-pour-la-premiere-fois-depuis-le-covid-20250516\" data-fig-type=\"NewsFlash\" data-gtm-custom-categorie=\"navigation\" data-gtm-custom-action=\"crossclick\" data-gtm-custom-label=\"Contextuel\" data-gtm-event=\"customEventSPE\" data-fig-domain=\"LEFIGARO\" target=\"_blank\" rel=\"noopener\">les salles de cin\u00e9ma<\/a>\u00a0ont travers\u00e9 un \u00e9t\u00e9 en pente raide. Rien n\u2019y a fait. Pas m\u00eame les \u00e9pisodes caniculaires, qui incitent habituellement les Fran\u00e7ais \u00e0 profiter de la fra\u00eecheur des salles obscures. Fin juin d\u00e9j\u00e0, la F\u00eate du cin\u00e9ma, qui sert traditionnellement de rampe de lancement aux blockbusters estivaux, avec ses billets \u00e0 5\u00a0euros, n\u2019a pas propuls\u00e9 la fr\u00e9quentation au sommet. Un peu plus de 3\u00a0millions d\u2019entr\u00e9es en quatre jours, contre 4,6 lors de la pr\u00e9c\u00e9dente \u00e9dition, qui avait sign\u00e9 un record\u2026<\/p>\n<p class=\"fig-paragraph\">En juillet, 60 films sont sortis sur les \u00e9crans, selon les chiffres du Centre national du cin\u00e9ma (CNC), soit 8\u00a0de plus que l\u2019ann\u00e9e pr\u00e9c\u00e9dente. Parmi eux, 6\u00a0longs-m\u00e9trages am\u00e9ricains, dont Spiderman et Les Schtroumpfs. Les salles ont \u00e9galement pu compter sur des blockbusters anglo-saxons tels Jurassic World\u00a0: Renaissance. Ou encore\u00a0<a href=\"http:\/\/www.lefigaro.fr\/cinema\/notre-critique-de-f1-le-film-a-vrombir-de-plaisir-20250624\" data-fig-type=\"Article\" data-gtm-custom-categorie=\"navigation\" data-gtm-custom-action=\"crossclick\" data-gtm-custom-label=\"Contextuel\" data-gtm-event=\"customEventSPE\" data-fig-domain=\"LEFIGARO\" target=\"_blank\" rel=\"noopener\">F1<\/a> , avec Brad Pitt, sorti \u00e0 la toute fin du mois de juin. Sur les 27\u00a0titres\u2026<\/p>\n<p class=\"fig-premium-paywall__infos\">\n        Cet article est r\u00e9serv\u00e9 aux abonn\u00e9s.        Il vous reste 80% \u00e0 d\u00e9couvrir.\n    <\/p>\n<p>                <img  data- alt=\"Le Figaro\" class=\"fig-img--complete fig-img\"\/><\/p>\n<p class=\"fig-premium-paywall__title\">Vente Flash<\/p>\n<p class=\"fig-premium-paywall__subtitle\">4,99\u20ac par mois pendant 12 mois. Sans engagement<\/p>\n<p class=\"fig-premium-paywall__connect\">\n                D\u00e9j\u00e0 abonn\u00e9\u00a0?                <a class=\"fig-premium-paywall__connect-link\" href=\"https:\/\/connect.lefigaro.fr\/login?client=horizon_web&amp;type=main&amp;redirect_uri=https%3A%2F%2Fwww.lefigaro.fr%2Fmedias%2Fplus-de-films-moins-d-entrees-un-ete-meurtrier-pour-le-cinema-en-france-20250902\" data-js-gtm=\"{&quot;customCategorie&quot;: &quot;conversion&quot;, &quot;customAction&quot;: &quot;before_Landing_Connexion_paywall_auto&quot;, &quot;customLabel&quot;: &quot;bGVmaWdhcm8uZnJfXzFmMDg3ZmE3LWI4NzUtNjdmZS1iN2I5LTk3OTUyZGQyNjQ3Ml9fQXJ0aWNsZQ==_Plus de films, moins d\u2019entr\u00e9es\u00a0: un \u00e9t\u00e9 meurtrier pour le cin\u00e9ma en France_408&quot;, &quot;customIDSPE&quot;: &quot;bGVmaWdhcm8uZnJfXzFmMDg3ZmE3LWI4NzUtNjdmZS1iN2I5LTk3OTUyZGQyNjQ3Ml9fQXJ0aWNsZQ==&quot;, &quot;event&quot;: &quot;customEventSPE&quot;}\" target=\"_blank\" rel=\"noopener\"><br \/>\n                    Connectez-vous<br \/>\n                <\/a>\n            <\/p>\n","protected":false},"excerpt":{"rendered":"D\u00c9CRYPTAGE &#8211; Apr\u00e8s un mois de juillet maussade, la fr\u00e9quentation a encore chut\u00e9 au mois d\u2019ao\u00fbt, avec moins&hellip;\n","protected":false},"author":2,"featured_media":361407,"comment_status":"","ping_status":"","sticky":false,"template":"","format":"standard","meta":{"footnotes":""},"categories":[1354],"tags":[650,18894,58,59,1346,1011,27,49681,1360],"class_list":{"0":"post-361406","1":"post","2":"type-post","3":"status-publish","4":"format-standard","5":"has-post-thumbnail","7":"category-films","8":"tag-cinema","9":"tag-cnc","10":"tag-divertissement","11":"tag-entertainment","12":"tag-films","13":"tag-fr","14":"tag-france","15":"tag-frequentation-salles-de-cinema","16":"tag-movies"},"share_on_mastodon":{"url":"https:\/\/pubeurope.com\/@fr\/115136193531474686","error":""},"_links":{"self":[{"href":"https:\/\/www.europesays.com\/fr\/wp-json\/wp\/v2\/posts\/361406","targetHints":{"allow":["GET"]}}],"collection":[{"href":"https:\/\/www.europesays.com\/fr\/wp-json\/wp\/v2\/posts"}],"about":[{"href":"https:\/\/www.europesays.com\/fr\/wp-json\/wp\/v2\/types\/post"}],"author":[{"embeddable":true,"href":"https:\/\/www.europesays.com\/fr\/wp-json\/wp\/v2\/users\/2"}],"replies":[{"embeddable":true,"href":"https:\/\/www.europesays.com\/fr\/wp-json\/wp\/v2\/comments?post=361406"}],"version-history":[{"count":0,"href":"https:\/\/www.europesays.com\/fr\/wp-json\/wp\/v2\/posts\/361406\/revisions"}],"wp:featuredmedia":[{"embeddable":true,"href":"https:\/\/www.europesays.com\/fr\/wp-json\/wp\/v2\/media\/361407"}],"wp:attachment":[{"href":"https:\/\/www.europesays.com\/fr\/wp-json\/wp\/v2\/media?parent=361406"}],"wp:term":[{"taxonomy":"category","embeddable":true,"href":"https:\/\/www.europesays.com\/fr\/wp-json\/wp\/v2\/categories?post=361406"},{"taxonomy":"post_tag","embeddable":true,"href":"https:\/\/www.europesays.com\/fr\/wp-json\/wp\/v2\/tags?post=361406"}],"curies":[{"name":"wp","href":"https:\/\/api.w.org\/{rel}","templated":true}]}}