{"id":361410,"date":"2025-09-02T18:48:10","date_gmt":"2025-09-02T18:48:10","guid":{"rendered":"https:\/\/www.europesays.com\/fr\/361410\/"},"modified":"2025-09-02T18:48:10","modified_gmt":"2025-09-02T18:48:10","slug":"le-message-de-carlos-soler-apres-son-depart-du-psg","status":"publish","type":"post","link":"https:\/\/www.europesays.com\/fr\/361410\/","title":{"rendered":"Le message de Carlos Soler apr\u00e8s son d\u00e9part du PSG"},"content":{"rendered":"<p><img width=\"640\" height=\"360\" src=\"https:\/\/www.europesays.com\/fr\/wp-content\/uploads\/2025\/09\/CqVtEmJU.jpg\" class=\"attachment-jannah-image-post size-jannah-image-post wp-post-image\" alt=\"Carlos Soler\" is_main_img=\"1\" decoding=\"async\" fetchpriority=\"high\"  \/><br \/>\n Image : as.com<\/p>\n<p>Arriv\u00e9 en 2022, Carlos Soler a d\u00e9finitivement quitt\u00e9 le PSG cet \u00e9t\u00e9 en rejoignant la Real Sociedad. L\u2019Espagnol en a profit\u00e9 pour adresser un message aux Rouge &amp; Bleu.<\/p>\n<p>Dans les derniers instants de ce mercato estival 2025, le <strong>PSG<\/strong> est parvenu \u00e0 se s\u00e9parer de nombreux joueurs. Dans ces derni\u00e8res 24 heures, le club de la capitale a officialis\u00e9 les d\u00e9parts de <strong>Carlos Soler<\/strong>, <strong>Marco Asensio<\/strong> et <strong>Randal Kolo Muani<\/strong>, en attendant celui de <strong><a href=\"https:\/\/canal-supporters.com\/psg-le-transfert-de-donnarumma-officialise-dans-la-matinee\/\" title=\"\" target=\"_blank\" rel=\"noopener\">Gianluigi Donnarumma<\/a><\/strong>.<\/p>\n<p>Arriv\u00e9 \u00e0 l\u2019\u00e9t\u00e9 2022 contre un ch\u00e8que de 18M\u20ac en provenance de <strong>Valence<\/strong>, <strong><a href=\"https:\/\/canal-supporters.com\/officiel-carlos-soler-quitte-definitivement-le-psg\/\" title=\"\" target=\"_blank\" rel=\"noopener\">Carlos Soler<\/a><\/strong> n\u2019est jamais parvenu \u00e0 s\u2019imposer chez les Rouge &amp; Bleu (63 rencontres, 8 buts et 8 passes d\u00e9cisives) avant son pr\u00eat d\u2019un an \u00e0 <strong>West Ham<\/strong> la saison pass\u00e9e. Pas dans les plans de <strong>Luis Enrique<\/strong>, le joueur de 28 ans a rejoint d\u00e9finitivement la <strong>Real Sociedad<\/strong> contre un ch\u00e8que de 8M\u20ac pour 50% de ses droits. Apr\u00e8s l\u2019officialisation de son d\u00e9part, <strong>Carlos Soler<\/strong> a publi\u00e9 un message sur ses <strong><a href=\"https:\/\/www.instagram.com\/carlos10soler\/\" target=\"_blank\" rel=\"noopener\" title=\"\">r\u00e9seaux sociaux<\/a><\/strong> pour souhaiter le meilleur \u00e0 son d\u00e9sormais ex-club. \u00ab\u00a0Un chapitre qui se ferme apr\u00e8s de tr\u00e8s belles exp\u00e9rience v\u00e9cues. Merci <strong>Paris<\/strong>, je vous souhaite le meilleur pour l\u2019avenir.\u00a0\u00bb Au <strong>PSG<\/strong>, l\u2019Espagnol aura remport\u00e9 deux titres de champion de\u00a0<strong>France<\/strong>\u00a0(2023 et 2024), une\u00a0<strong>Coupe de France<\/strong>\u00a0(2024) et un\u00a0<strong>Troph\u00e9e des champions<\/strong>\u00a0(2023).<\/p>\n<blockquote class=\"instagram-media\" data-instgrm-captioned=\"\" data-instgrm-permalink=\"https:\/\/www.instagram.com\/p\/DOEkJoNDRqQ\/?utm_source=ig_embed&amp;utm_campaign=loading\" data-instgrm-version=\"14\" style=\"background:#FFF; border:0; border-radius:3px; box-shadow:0 0 1px 0 rgba(0,0,0,0.5),0 1px 10px 0 rgba(0,0,0,0.15); margin: 1px; max-width:540px; min-width:326px; padding:0; width:99.375%; width:-webkit-calc(100% - 2px); width:calc(100% - 2px);\"><\/blockquote>\n<p>Youtube : <strong><a href=\"https:\/\/www.youtube.com\/@CanalSupportersParis\" target=\"_blank\" rel=\"noopener\" title=\"\">Canal Supporters Paris<\/a><\/strong><\/p>\n<p><script async src=\"\/\/www.instagram.com\/embed.js\"><\/script><\/p>\n","protected":false},"excerpt":{"rendered":"Image : as.com Arriv\u00e9 en 2022, Carlos Soler a d\u00e9finitivement quitt\u00e9 le PSG cet \u00e9t\u00e9 en rejoignant la&hellip;\n","protected":false},"author":2,"featured_media":361411,"comment_status":"","ping_status":"","sticky":false,"template":"","format":"standard","meta":{"footnotes":""},"categories":[9],"tags":[81,28743,787,1011,27,1434,1435,32051,91,92,93,42891,49685,60,96],"class_list":{"0":"post-361410","1":"post","2":"type-post","3":"status-publish","4":"format-standard","5":"has-post-thumbnail","7":"category-sports","8":"tag-canal-supporters","9":"tag-carlos-soler","10":"tag-cs","11":"tag-fr","12":"tag-france","13":"tag-mercato","14":"tag-mercato-psg","15":"tag-milieu-psg","16":"tag-paris-saint-germain","17":"tag-paris-sg","18":"tag-psg","19":"tag-real-sociedad","20":"tag-soler-psg","21":"tag-sports","22":"tag-une"},"share_on_mastodon":{"url":"https:\/\/pubeurope.com\/@fr\/115136201146063224","error":""},"_links":{"self":[{"href":"https:\/\/www.europesays.com\/fr\/wp-json\/wp\/v2\/posts\/361410","targetHints":{"allow":["GET"]}}],"collection":[{"href":"https:\/\/www.europesays.com\/fr\/wp-json\/wp\/v2\/posts"}],"about":[{"href":"https:\/\/www.europesays.com\/fr\/wp-json\/wp\/v2\/types\/post"}],"author":[{"embeddable":true,"href":"https:\/\/www.europesays.com\/fr\/wp-json\/wp\/v2\/users\/2"}],"replies":[{"embeddable":true,"href":"https:\/\/www.europesays.com\/fr\/wp-json\/wp\/v2\/comments?post=361410"}],"version-history":[{"count":0,"href":"https:\/\/www.europesays.com\/fr\/wp-json\/wp\/v2\/posts\/361410\/revisions"}],"wp:featuredmedia":[{"embeddable":true,"href":"https:\/\/www.europesays.com\/fr\/wp-json\/wp\/v2\/media\/361411"}],"wp:attachment":[{"href":"https:\/\/www.europesays.com\/fr\/wp-json\/wp\/v2\/media?parent=361410"}],"wp:term":[{"taxonomy":"category","embeddable":true,"href":"https:\/\/www.europesays.com\/fr\/wp-json\/wp\/v2\/categories?post=361410"},{"taxonomy":"post_tag","embeddable":true,"href":"https:\/\/www.europesays.com\/fr\/wp-json\/wp\/v2\/tags?post=361410"}],"curies":[{"name":"wp","href":"https:\/\/api.w.org\/{rel}","templated":true}]}}