{"id":361416,"date":"2025-09-02T18:51:11","date_gmt":"2025-09-02T18:51:11","guid":{"rendered":"https:\/\/www.europesays.com\/fr\/361416\/"},"modified":"2025-09-02T18:51:11","modified_gmt":"2025-09-02T18:51:11","slug":"la-france-veut-que-la-commission-europeenne-puisse-dereferencer-les-plateformes-chinoises-shein-et-temu","status":"publish","type":"post","link":"https:\/\/www.europesays.com\/fr\/361416\/","title":{"rendered":"La France veut que la Commission europ\u00e9enne puisse d\u00e9r\u00e9f\u00e9rencer les plateformes chinoises Shein et Temu"},"content":{"rendered":"<p><strong>INFO LE FIGARO &#8211;<\/strong> Ce mardi, la ministre du commerce, V\u00e9ronique Louwagie, a adress\u00e9 une lettre au commissaire europ\u00e9en, Michael McGrath, demandant de serrer la vis aux sites de commerce en ligne qui ne respectent pas les r\u00e8gles.<\/p>\n<p class=\"fig-paragraph\">La France met un nouveau coup de pression sur Bruxelles pour serrer la vis aux e-commer\u00e7ants chinois low cost comme\u00a0<a href=\"http:\/\/www.lefigaro.fr\/societes\/menace-de-taxe-par-bruxelles-temu-veut-seduire-les-vendeurs-francais-20250709\" target=\"_blank\" data-fig-type=\"Article\" rel=\"noopener nofollow\" data-gtm-custom-categorie=\"navigation\" data-gtm-custom-action=\"crossclick\" data-gtm-custom-label=\"Contextuel\" data-gtm-event=\"customEventSPE\" data-fig-domain=\"LEFIGARO\">Temu<\/a>\u00a0(bazar) et\u00a0<a href=\"http:\/\/www.lefigaro.fr\/bordeaux\/ils-se-servent-directement-sur-mon-site-internet-a-bordeaux-une-illustratrice-plagiee-par-amazon-shein-et-aliexpress-20250819\" target=\"_blank\" data-fig-type=\"NewsFlash\" rel=\"noopener nofollow\" data-gtm-custom-categorie=\"navigation\" data-gtm-custom-action=\"crossclick\" data-gtm-custom-label=\"Contextuel\" data-gtm-event=\"customEventSPE\" data-fig-domain=\"LEFIGARO\">Shein\u00a0<\/a>(v\u00eatements), accus\u00e9s de ne pas respecter les r\u00e8gles de s\u00e9curit\u00e9 et de ne pas jouer \u00e0 concurrence \u00e9gale. Dans un courrier adress\u00e9 au commissaire europ\u00e9en \u00e0 la Justice,\u00a0<a href=\"http:\/\/www.lefigaro.fr\/conso\/le-commissaire-europeen-a-la-justice-choque-par-la-dangerosite-des-produits-vendus-par-shein-et-temu-20250721\" data-fig-type=\"Article\" data-gtm-custom-categorie=\"navigation\" data-gtm-custom-action=\"crossclick\" data-gtm-custom-label=\"Contextuel\" data-gtm-event=\"customEventSPE\" data-fig-domain=\"LEFIGARO\" rel=\"nofollow noopener\" target=\"_blank\">Michael McGrath,<\/a>\u00a0consult\u00e9 par Le Figaro, la ministre du commerce,\u00a0<a href=\"http:\/\/www.lefigaro.fr\/politique\/gouvernement-bayrou-veronique-louwagie-une-experte-comptable-chargee-du-commerce-des-pme-de-l-economie-solidaire-et-de-l-artisanat-20241224\" data-fig-type=\"NewsFlash\" data-gtm-custom-categorie=\"navigation\" data-gtm-custom-action=\"crossclick\" data-gtm-custom-label=\"Contextuel\" data-gtm-event=\"customEventSPE\" data-fig-domain=\"LEFIGARO\" rel=\"nofollow noopener\" target=\"_blank\">V\u00e9ronique Louwagie<\/a>, appelle \u00e0 renforcer les pouvoirs de la Commission europ\u00e9enne pour d\u00e9r\u00e9f\u00e9rencer rapidement ces plateformes en cas de non-respect des r\u00e8gles. Autrement dit, lui donner la main pour d\u00e9cider de faire dispara\u00eetre ces sites des moteurs de recherche comme Google. Cela est \u00abn\u00e9cessaire et urgent\u00bb, indique la ministre dans sa lettre. Et d\u2019insister sur \u00ables risques accrus pour la protection des int\u00e9r\u00eats \u00e9conomiques et la s\u00e9curit\u00e9 des consommateurs.\u00bb<\/p>\n<p class=\"fig-premium-paywall__infos\">\n        Cet article est r\u00e9serv\u00e9 aux abonn\u00e9s.        Il vous reste 86% \u00e0 d\u00e9couvrir.\n    <\/p>\n<p>                <img  data- alt=\"Le Figaro\" class=\"fig-img--complete fig-img\"\/><\/p>\n<p class=\"fig-premium-paywall__title\">Vente Flash<\/p>\n<p class=\"fig-premium-paywall__subtitle\">4,99\u20ac par mois pendant 12 mois. Sans engagement<\/p>\n<p class=\"fig-premium-paywall__connect\">\n                D\u00e9j\u00e0 abonn\u00e9\u00a0?                <a class=\"fig-premium-paywall__connect-link\" href=\"https:\/\/connect.lefigaro.fr\/login?client=horizon_web&amp;type=main&amp;redirect_uri=https%3A%2F%2Fwww.lefigaro.fr%2Fsocietes%2Fla-france-veut-que-la-commission-europeenne-puisse-dereferencer-les-plateformes-chinoises-shein-et-temu-20250902\" data-js-gtm=\"{&quot;customCategorie&quot;: &quot;conversion&quot;, &quot;customAction&quot;: &quot;before_Landing_Connexion_paywall_manuel&quot;, &quot;customLabel&quot;: &quot;bGVmaWdhcm8uZnJfXzFmMDg3ZjY4LTRiYTQtNjc0MC04MzdiLTI1MjEyOTNiN2M2OF9fTmV3c0ZsYXNo_La France veut que la Commission europ\u00e9enne puisse d\u00e9r\u00e9f\u00e9rencer les plateformes chinoises Shein et Temu_2130&quot;, &quot;customIDSPE&quot;: &quot;bGVmaWdhcm8uZnJfXzFmMDg3ZjY4LTRiYTQtNjc0MC04MzdiLTI1MjEyOTNiN2M2OF9fTmV3c0ZsYXNo&quot;, &quot;event&quot;: &quot;customEventSPE&quot;}\" rel=\"nofollow noopener\" target=\"_blank\"><br \/>\n                    Connectez-vous<br \/>\n                <\/a>\n            <\/p>\n","protected":false},"excerpt":{"rendered":"INFO LE FIGARO &#8211; Ce mardi, la ministre du commerce, V\u00e9ronique Louwagie, a adress\u00e9 une lettre au commissaire&hellip;\n","protected":false},"author":2,"featured_media":361417,"comment_status":"","ping_status":"","sticky":false,"template":"","format":"standard","meta":{"footnotes":""},"categories":[6],"tags":[35,130,33,34,1011,27,1104,1105],"class_list":{"0":"post-361416","1":"post","2":"type-post","3":"status-publish","4":"format-standard","5":"has-post-thumbnail","7":"category-economie","8":"tag-business","9":"tag-consommation","10":"tag-economie","11":"tag-economy","12":"tag-fr","13":"tag-france","14":"tag-shein","15":"tag-temu"},"share_on_mastodon":{"url":"https:\/\/pubeurope.com\/@fr\/115136212938025354","error":""},"_links":{"self":[{"href":"https:\/\/www.europesays.com\/fr\/wp-json\/wp\/v2\/posts\/361416","targetHints":{"allow":["GET"]}}],"collection":[{"href":"https:\/\/www.europesays.com\/fr\/wp-json\/wp\/v2\/posts"}],"about":[{"href":"https:\/\/www.europesays.com\/fr\/wp-json\/wp\/v2\/types\/post"}],"author":[{"embeddable":true,"href":"https:\/\/www.europesays.com\/fr\/wp-json\/wp\/v2\/users\/2"}],"replies":[{"embeddable":true,"href":"https:\/\/www.europesays.com\/fr\/wp-json\/wp\/v2\/comments?post=361416"}],"version-history":[{"count":0,"href":"https:\/\/www.europesays.com\/fr\/wp-json\/wp\/v2\/posts\/361416\/revisions"}],"wp:featuredmedia":[{"embeddable":true,"href":"https:\/\/www.europesays.com\/fr\/wp-json\/wp\/v2\/media\/361417"}],"wp:attachment":[{"href":"https:\/\/www.europesays.com\/fr\/wp-json\/wp\/v2\/media?parent=361416"}],"wp:term":[{"taxonomy":"category","embeddable":true,"href":"https:\/\/www.europesays.com\/fr\/wp-json\/wp\/v2\/categories?post=361416"},{"taxonomy":"post_tag","embeddable":true,"href":"https:\/\/www.europesays.com\/fr\/wp-json\/wp\/v2\/tags?post=361416"}],"curies":[{"name":"wp","href":"https:\/\/api.w.org\/{rel}","templated":true}]}}