{"id":361418,"date":"2025-09-02T18:52:10","date_gmt":"2025-09-02T18:52:10","guid":{"rendered":"https:\/\/www.europesays.com\/fr\/361418\/"},"modified":"2025-09-02T18:52:10","modified_gmt":"2025-09-02T18:52:10","slug":"poutine-se-sent-menace-et-le-lourd-bilan-pour-les-soldats-nord-coreens-2","status":"publish","type":"post","link":"https:\/\/www.europesays.com\/fr\/361418\/","title":{"rendered":"Poutine se sent menac\u00e9 et le lourd bilan pour les soldats nord-cor\u00e9ens"},"content":{"rendered":"<p>Vous avez rat\u00e9 les derniers \u00e9v\u00e9nements sur la <a href=\"https:\/\/www.20minutes.fr\/monde\/ukraine\/\" class=\"c-link c-link--is-underlined\" target=\"_blank\" rel=\"noopener\">guerre en Ukraine<\/a>\u00a0? 20 Minutes fait le point pour vous tous les soirs. Voici l\u2019essentiel de ce mardi 2\u00a0septembre, 1.287e jour du conflit.<\/p>\n<p>Le fait du jour<\/p>\n<p>Il s\u2019estime toujours menac\u00e9. <a href=\"https:\/\/www.20minutes.fr\/monde\/vladimir_poutine\/\" class=\"c-link c-link--is-underlined\" target=\"_blank\" rel=\"noopener\">Vladimir Poutine<\/a> a d\u00e9clar\u00e9 ce mardi que la \u00ab\u00a0s\u00e9curit\u00e9\u00a0\u00bb de la Russie ne devait pas \u00eatre compromise par un accord de paix avec l\u2019Ukraine, qui souhaite obtenir des garanties de s\u00e9curit\u00e9 pour dissuader Moscou de l\u2019envahir \u00e0 nouveau.<\/p>\n<p>\u00ab\u00a0C\u2019est une d\u00e9cision propre \u00e0 l\u2019Ukraine de choisir comment assurer sa s\u00e9curit\u00e9\u00a0\u00bb, a affirm\u00e9 le pr\u00e9sident russe, lors d\u2019une rencontre avec le Premier ministre slovaque \u00e0 P\u00e9kin, diffus\u00e9e \u00e0 la t\u00e9l\u00e9vision. \u00ab\u00a0Mais sa s\u00e9curit\u00e9 [\u2026] ne peut pas \u00eatre assur\u00e9e au d\u00e9triment de celle d\u2019autres pays, y compris la Russie\u00a0\u00bb, a-t-il ajout\u00e9.<\/p>\n<p>Dans le m\u00eame temps, toujours depuis <a href=\"https:\/\/www.20minutes.fr\/dossier\/pekin\" class=\"c-link c-link--is-underlined\" target=\"_blank\" rel=\"noopener\">P\u00e9kin<\/a>, Vladimir Poutine a confi\u00e9 mardi appr\u00e9cier \u00ab\u00a0grandement\u00a0\u00bb la diplomatie jug\u00e9e \u00ab\u00a0ind\u00e9pendante\u00a0\u00bb de la Slovaquie et sugg\u00e9r\u00e9 que ce pays coupe les livraisons d\u2019\u00e9nergie \u00e0 l\u2019Ukraine. Membre de l\u2019UE et de l\u2019Otan, la <a href=\"https:\/\/www.20minutes.fr\/dossier\/slovaquie\" class=\"c-link c-link--is-underlined\" target=\"_blank\" rel=\"noopener\">Slovaquie<\/a> est tr\u00e8s fortement d\u00e9pendante du gaz russe. Robert Fico, connu pour ses positions pro-russes, a critiqu\u00e9 \u00e0 plusieurs reprises le soutien de Bruxelles \u00e0 l\u2019Ukraine.<\/p>\n<p>Le chiffre du jour<\/p>\n<p>2.000. C\u2019est l\u2019estimation du nombre de soldats nord-cor\u00e9ens qui ont \u00e9t\u00e9 tu\u00e9s dans le conflit russo-ukrainien, selon un d\u00e9put\u00e9 sud-cor\u00e9en ce mardi, citant des chiffres du Service de Renseignement National sud-cor\u00e9en (NIS). En avril, ils \u00ab\u00a0estimaient le nombre de morts \u00e0 au moins 600\u00a0\u00bb mais sur la base d\u2019\u00e9valuations actualis\u00e9es, ils \u00ab\u00a0estiment d\u00e9sormais ce chiffre \u00e0 environ 2.000\u00a0\u00bb, a d\u00e9clar\u00e9 le d\u00e9put\u00e9 Lee Seong-kweun apr\u00e8s un briefing des d\u00e9put\u00e9s membre de la commission du renseignement et le NIS.<\/p>\n<p>Les services secrets de Cor\u00e9e du Sud et de pays occidentaux ont affirm\u00e9 que Pyongyang avait envoy\u00e9 plus de 10.000 soldats en\u00a02024 dans la r\u00e9gion russe de Koursk au moment d\u2019une offensive de Kiev, ainsi que des obus d\u2019artillerie, des missiles et des syst\u00e8mes de roquettes \u00e0 longue port\u00e9e.<\/p>\n<p>Le d\u00e9put\u00e9 d\u2019opposition Lee Seong-kweun, soutien de l\u2019ancien pr\u00e9sident Yoon Suk Yeol, a \u00e9galement affirm\u00e9 que les renseignements sud-cor\u00e9ens estiment que la Cor\u00e9e du Nord pr\u00e9voit de d\u00e9ployer 6.000 militaires suppl\u00e9mentaires en Russie, dont 1.000 seraient d\u00e9j\u00e0 arriv\u00e9s.<\/p>\n<\/p>\n<p>La tendance<\/p>\n<p>Les Europ\u00e9ens vont acter jeudi, lors d\u2019une r\u00e9union \u00e0 l\u2019Elys\u00e9e et en visioconf\u00e9rence, qu\u2019ils sont \u00ab\u00a0pr\u00eats\u00a0\u00bb en vue de l\u2019octroi de garanties de s\u00e9curit\u00e9 \u00e0 l\u2019Ukraine et attendent d\u00e9sormais un \u00ab\u00a0soutien\u00a0\u00bb concret des Am\u00e9ricains, a annonc\u00e9 mardi la pr\u00e9sidence fran\u00e7aise. \u00ab\u00a0Le message essentiel qui sera pass\u00e9 jeudi est, compte tenu de l\u2019avancement des travaux aujourd\u2019hui, que nous sommes non seulement volontaires et capables, mais que nous sommes pr\u00eats. C\u2019est le message cl\u00e9\u00a0\u00bb, souligne un conseiller du pr\u00e9sident Emmanuel Macron.<\/p>\n<p>La Coalition des volontaires r\u00e9unit une trentaine de pays, principalement europ\u00e9ens, pr\u00eats \u00e0 apporter un soutien \u00e0 l\u2019arm\u00e9e ukrainienne, voire \u00e0 d\u00e9ployer des soldats en Ukraine une fois un cessez-le-feu conclu, pour dissuader la Russie de toute nouvelle agression.<\/p>\n<p>Le pr\u00e9sident fran\u00e7ais et le Premier ministre britannique Keir Starmer copr\u00e9sideront cette r\u00e9union. Le pr\u00e9sident ukrainien Volodymyr Zelensky, qui sera pr\u00e9sent \u00e0 l\u2019Elys\u00e9e, s\u2019entretiendra au pr\u00e9alable mercredi soir avec Emmanuel Macron \u00e0 Paris<\/p>\n<p>La d\u00e9claration du jour<\/p>\n<blockquote class=\"mx-m@xs mx-xxl@md color-ultramarine c-citation\">\n<p class=\"font-weight-regular@xs text-italic font-source-serif-pro text-l@xs c-citation__content\">\u00ab\u00a0\u00ab\u00a0Oui, j\u2019admets que je l\u2019ai tu\u00e9\u00a0\u00bb\u00a0\u00bb<\/p>\n<\/blockquote>\n<p>C\u2019est ce qu\u2019a d\u00e9clar\u00e9 ce mardi Mykha\u00eflo Stselnikov, cet Ukrainien soup\u00e7onn\u00e9 d\u2019avoir assassin\u00e9 samedi le d\u00e9put\u00e9 et ex-pr\u00e9sident du Parlement Andri\u00ef Paroubiy. Depuis la salle du tribunal o\u00f9 il \u00e9tait jug\u00e9, le suspect est pass\u00e9 aux aveux et a formellement d\u00e9menti les all\u00e9gations de certains m\u00e9dias selon lesquelles il avait agi en collaboration avec La Russie.<\/p>\n<p>Il a assur\u00e9 qu\u2019il avait assouvi une \u00ab\u00a0vengeance personnelle contre les autorit\u00e9s ukrainiennes\u00a0\u00bb apr\u00e8s la mort de son fils sur le front. \u00ab\u00a0Tout ce que je veux, c\u2019est que le verdict soit rendu le plus rapidement possible\u00a0\u00bb pour demander de faire partie d\u2019un \u00e9change de prisonniers de guerre avec la Russie et \u00ab\u00a0aller chercher le corps de mon fils\u00a0\u00bb, a-t-il d\u00e9clar\u00e9.<\/p>\n<p>Cet homme, \u00e2g\u00e9 de 52 ans, a dit avoir pris pour cible le d\u00e9put\u00e9 simplement parce que ce dernier vivait dans la m\u00eame ville que lui, Lviv (ouest).<\/p>\n","protected":false},"excerpt":{"rendered":"Vous avez rat\u00e9 les derniers \u00e9v\u00e9nements sur la guerre en Ukraine\u00a0? 20 Minutes fait le point pour vous&hellip;\n","protected":false},"author":2,"featured_media":361419,"comment_status":"","ping_status":"","sticky":false,"template":"","format":"standard","meta":{"footnotes":""},"categories":[5],"tags":[47,11,1011,27,131,14,74,1916,12,132,135,28],"class_list":{"0":"post-361418","1":"post","2":"type-post","3":"status-publish","4":"format-standard","5":"has-post-thumbnail","7":"category-international","8":"tag-actualite","9":"tag-actualites","10":"tag-fr","11":"tag-france","12":"tag-guerre-en-ukraine","13":"tag-international","14":"tag-monde","15":"tag-moscou","16":"tag-news","17":"tag-russie","18":"tag-vladimir-poutine","19":"tag-world"},"share_on_mastodon":{"url":"https:\/\/pubeurope.com\/@fr\/115136217054279675","error":""},"_links":{"self":[{"href":"https:\/\/www.europesays.com\/fr\/wp-json\/wp\/v2\/posts\/361418","targetHints":{"allow":["GET"]}}],"collection":[{"href":"https:\/\/www.europesays.com\/fr\/wp-json\/wp\/v2\/posts"}],"about":[{"href":"https:\/\/www.europesays.com\/fr\/wp-json\/wp\/v2\/types\/post"}],"author":[{"embeddable":true,"href":"https:\/\/www.europesays.com\/fr\/wp-json\/wp\/v2\/users\/2"}],"replies":[{"embeddable":true,"href":"https:\/\/www.europesays.com\/fr\/wp-json\/wp\/v2\/comments?post=361418"}],"version-history":[{"count":0,"href":"https:\/\/www.europesays.com\/fr\/wp-json\/wp\/v2\/posts\/361418\/revisions"}],"wp:featuredmedia":[{"embeddable":true,"href":"https:\/\/www.europesays.com\/fr\/wp-json\/wp\/v2\/media\/361419"}],"wp:attachment":[{"href":"https:\/\/www.europesays.com\/fr\/wp-json\/wp\/v2\/media?parent=361418"}],"wp:term":[{"taxonomy":"category","embeddable":true,"href":"https:\/\/www.europesays.com\/fr\/wp-json\/wp\/v2\/categories?post=361418"},{"taxonomy":"post_tag","embeddable":true,"href":"https:\/\/www.europesays.com\/fr\/wp-json\/wp\/v2\/tags?post=361418"}],"curies":[{"name":"wp","href":"https:\/\/api.w.org\/{rel}","templated":true}]}}