{"id":361420,"date":"2025-09-02T18:53:09","date_gmt":"2025-09-02T18:53:09","guid":{"rendered":"https:\/\/www.europesays.com\/fr\/361420\/"},"modified":"2025-09-02T18:53:09","modified_gmt":"2025-09-02T18:53:09","slug":"bayrou-serait-maintenant-pret-a-renoncer-selon-lr","status":"publish","type":"post","link":"https:\/\/www.europesays.com\/fr\/361420\/","title":{"rendered":"Bayrou serait maintenant pr\u00eat \u00e0 renoncer, selon LR"},"content":{"rendered":"<p>A quelques jours du <a href=\"https:\/\/www.20minutes.fr\/dossier\/vote_de_confiance\" target=\"_blank\" class=\"c-link c-link--is-underlined\" rel=\"noopener\">vote de confiance<\/a> \u00e0 l\u2019Assembl\u00e9e nationale, <a href=\"https:\/\/www.20minutes.fr\/politique\/francois_bayrou\/\" target=\"_blank\" class=\"c-link c-link--is-underlined\" rel=\"noopener\">Fran\u00e7ois Bayrou<\/a> semble pr\u00eat \u00e0 infl\u00e9chir sa ligne. Le Premier ministre, qui avait propos\u00e9 la suppression de deux jours f\u00e9ri\u00e9s pour all\u00e9ger la dette publique, pourrait finalement abandonner cette mesure contest\u00e9e.<\/p>\n<p>Mardi, \u00e0 l\u2019issue d\u2019une rencontre d\u2019une heure \u00e0 Matignon, <a href=\"https:\/\/www.20minutes.fr\/dossier\/bruno_retailleau\" target=\"_blank\" class=\"c-link c-link--is-underlined\" rel=\"noopener\">Bruno Retailleau<\/a> a expliqu\u00e9 que <a href=\"https:\/\/www.20minutes.fr\/politique\/lr\/\" target=\"_blank\" class=\"c-link c-link--is-underlined\" rel=\"noopener\">Les R\u00e9publicains<\/a> avaient demand\u00e9 au chef du gouvernement de retirer les dispositions les plus sensibles de son plan. \u00ab\u00a0Il fallait qu\u2019un certain nombre de mesures qui heurtent les Fran\u00e7ais puissent \u00eatre soustraites, retir\u00e9es du plan\u00a0\u00bb, a d\u00e9clar\u00e9 le pr\u00e9sident des s\u00e9nateurs LR.<\/p>\n<p>Une mesure qui ne passe pas<\/p>\n<p>L\u2019id\u00e9e de supprimer le lundi de P\u00e2ques et le 8-Mai, avanc\u00e9e mi-juillet par Fran\u00e7ois Bayrou et cens\u00e9e rapporter 4,2\u00a0milliards d\u2019euros sur les 44\u00a0milliards d\u2019\u00e9conomies recherch\u00e9s pour\u00a02026, avait provoqu\u00e9 une vive r\u00e9action. \u00ab\u00a0Cette mesure ne passait pas aupr\u00e8s de la population et avait choqu\u00e9 notre famille politique\u00a0\u00bb, a reconnu le <a href=\"https:\/\/www.20minutes.fr\/dossier\/ministre_de_l_interieur\" target=\"_blank\" class=\"c-link c-link--is-underlined\" rel=\"noopener\">ministre de l\u2019Int\u00e9rieur<\/a>.<\/p>\n<\/p>\n<p>Face \u00e0 la contestation, le locataire de Matignon aurait laiss\u00e9 entendre qu\u2019il \u00e9tait pr\u00eat \u00e0 reculer. \u00ab\u00a0Le Premier ministre m\u2019a dit\u00a0: sur les bases de ce que les <a href=\"https:\/\/www.20minutes.fr\/dossier\/depute\" target=\"_blank\" class=\"c-link c-link--is-underlined\" rel=\"noopener\">d\u00e9put\u00e9s<\/a> portent, c\u2019est quelque chose que je peux entendre et sur lequel je suis pr\u00eat \u00e0 m\u2019exprimer tout prochainement\u00a0\u00bb, a rapport\u00e9 Laurent Wauquiez, patron des d\u00e9put\u00e9s LR, accompagn\u00e9 de <a href=\"https:\/\/www.20minutes.fr\/politique\/francois-xavier-bellamy\/\" target=\"_blank\" class=\"c-link c-link--is-underlined\" rel=\"noopener\">Fran\u00e7ois-Xavier Bellamy<\/a> et Mathieu Darnaud.<\/p>\n<p>D\u2019autres pistes \u00e9voqu\u00e9es par Les R\u00e9publicains<\/p>\n<p>Les R\u00e9publicains proposent en \u00e9change d\u2019autres pistes d\u2019\u00e9conomies. \u00ab\u00a0La proposition que nous avons faite, c\u2019est de dire on renonce \u00e0 cette mesure. En contrepartie, il faut des \u00e9conomies, on propose une grande loi de lutte contre la <a href=\"https:\/\/www.20minutes.fr\/dossier\/fraude\" target=\"_blank\" class=\"c-link c-link--is-underlined\" rel=\"noopener\">fraude<\/a> et l\u2019assistanat et l\u2019ouverture du d\u00e9bat sur le temps de travail\u00a0\u00bb, a d\u00e9taill\u00e9 de son c\u00f4t\u00e9 <a href=\"https:\/\/www.20minutes.fr\/dossier\/laurent_wauquiez\" target=\"_blank\" class=\"c-link c-link--is-underlined\" rel=\"noopener\">Laurent Wauquiez<\/a>.<\/p>\n<p><a href=\"https:\/\/www.20minutes.fr\/politique\/\" target=\"_blank\" class=\"c-link c-btn c-btn--primary\" rel=\"noopener\">Notre dossier Politique<\/a><\/p>\n<p>Reste la question cruciale du vote de confiance pr\u00e9vu le 8\u00a0septembre. Interrog\u00e9 sur l\u2019attitude de sa famille politique, le ministre de l\u2019Int\u00e9rieur a esquiv\u00e9\u00a0: \u00ab\u00a0Ce n\u2019est pas notre choix, mais celui du Premier ministre.\u00a0\u00bb Avant d\u2019insister sur l\u2019enjeu budg\u00e9taire\u00a0: \u00ab\u00a0La question qui est pos\u00e9e, c\u2019est de savoir si la dette astronomique qui p\u00e8se sur les \u00e9paules de tous les Fran\u00e7ais, c\u2019est une menace ou pas\u00a0? Eh bien moi, vous ne me ferez pas r\u00e9pondre non \u00e0 cette question.\u00a0\u00bb<\/p>\n","protected":false},"excerpt":{"rendered":"A quelques jours du vote de confiance \u00e0 l\u2019Assembl\u00e9e nationale, Fran\u00e7ois Bayrou semble pr\u00eat \u00e0 infl\u00e9chir sa ligne.&hellip;\n","protected":false},"author":2,"featured_media":361421,"comment_status":"","ping_status":"","sticky":false,"template":"","format":"standard","meta":{"footnotes":""},"categories":[4],"tags":[47,11,1013,1003,1011,27,431,11207,5639,8335,12,316,3363,25,49393],"class_list":{"0":"post-361420","1":"post","2":"type-post","3":"status-publish","4":"format-standard","5":"has-post-thumbnail","7":"category-france","8":"tag-actualite","9":"tag-actualites","10":"tag-bruno-retailleau","11":"tag-budget","12":"tag-fr","13":"tag-france","14":"tag-francois-bayrou","15":"tag-jour-ferie","16":"tag-laurent-wauquiez","17":"tag-les-republicains-lr","18":"tag-news","19":"tag-politique","20":"tag-premier-ministre","21":"tag-republique-francaise","22":"tag-vote-de-confiance"},"share_on_mastodon":{"url":"https:\/\/pubeurope.com\/@fr\/115136220712457817","error":""},"_links":{"self":[{"href":"https:\/\/www.europesays.com\/fr\/wp-json\/wp\/v2\/posts\/361420","targetHints":{"allow":["GET"]}}],"collection":[{"href":"https:\/\/www.europesays.com\/fr\/wp-json\/wp\/v2\/posts"}],"about":[{"href":"https:\/\/www.europesays.com\/fr\/wp-json\/wp\/v2\/types\/post"}],"author":[{"embeddable":true,"href":"https:\/\/www.europesays.com\/fr\/wp-json\/wp\/v2\/users\/2"}],"replies":[{"embeddable":true,"href":"https:\/\/www.europesays.com\/fr\/wp-json\/wp\/v2\/comments?post=361420"}],"version-history":[{"count":0,"href":"https:\/\/www.europesays.com\/fr\/wp-json\/wp\/v2\/posts\/361420\/revisions"}],"wp:featuredmedia":[{"embeddable":true,"href":"https:\/\/www.europesays.com\/fr\/wp-json\/wp\/v2\/media\/361421"}],"wp:attachment":[{"href":"https:\/\/www.europesays.com\/fr\/wp-json\/wp\/v2\/media?parent=361420"}],"wp:term":[{"taxonomy":"category","embeddable":true,"href":"https:\/\/www.europesays.com\/fr\/wp-json\/wp\/v2\/categories?post=361420"},{"taxonomy":"post_tag","embeddable":true,"href":"https:\/\/www.europesays.com\/fr\/wp-json\/wp\/v2\/tags?post=361420"}],"curies":[{"name":"wp","href":"https:\/\/api.w.org\/{rel}","templated":true}]}}