{"id":361422,"date":"2025-09-02T18:54:11","date_gmt":"2025-09-02T18:54:11","guid":{"rendered":"https:\/\/www.europesays.com\/fr\/361422\/"},"modified":"2025-09-02T18:54:11","modified_gmt":"2025-09-02T18:54:11","slug":"la-justice-francaise-saisie-pour-manquement-de-letat-a-prevenir-un-genocide-a-gaza","status":"publish","type":"post","link":"https:\/\/www.europesays.com\/fr\/361422\/","title":{"rendered":"La justice fran\u00e7aise saisie pour \u00abmanquement\u00bb de l&rsquo;\u00c9tat \u00e0 \u00abpr\u00e9venir un g\u00e9nocide\u00bb \u00e0 Gaza"},"content":{"rendered":"<p>L\u2019Association des juristes fran\u00e7ais pour le respect du droit international (Jurdi) estime que la France est tenue \u00e0 une telle obligation en tant que signataire de la Convention pour la pr\u00e9vention et la r\u00e9pression du crime de g\u00e9nocide du 9 d\u00e9cembre 1948.<\/p>\n<p class=\"fig-paragraph\">Une association de juristes a demand\u00e9 \u00e0 un tribunal \u00e0 Paris de condamner l&rsquo;\u00c9tat fran\u00e7ais \u00abpour l&rsquo;absence de mise en \u0153uvre de son obligation de pr\u00e9vention du\u00a0<a href=\"http:\/\/www.lefigaro.fr\/international\/avez-vous-participe-ou-ete-temoin-d-un-genocide-des-soldats-israeliens-en-vacances-menaces-de-poursuites-pour-crimes-de-guerre-20250105\" target=\"_blank\" data-fig-type=\"Article\" rel=\"noopener nofollow\" data-gtm-custom-categorie=\"navigation\" data-gtm-custom-action=\"crossclick\" data-gtm-custom-label=\"Contextuel\" data-gtm-event=\"customEventSPE\" data-fig-domain=\"LEFIGARO\">crime de g\u00e9nocide<\/a> \u00bb commis potentiellement, selon elle, par Isra\u00ebl \u00e0 Gaza, selon son recours vu mardi par l&rsquo;AFP.<\/p>\n<p class=\"fig-paragraph\">L&rsquo;Association des juristes fran\u00e7ais pour le respect du droit international (Jurdi), qui a formul\u00e9 sa requ\u00eate aupr\u00e8s du tribunal administratif, estime que la France est tenue \u00e0 une telle obligation en tant que signataire de la Convention pour la pr\u00e9vention et la r\u00e9pression du crime de g\u00e9nocide du 9 d\u00e9cembre 1948.<\/p>\n<p>                                    <a class=\"fig-a11y-skip a11y-hidden\" href=\"#fig-a11y-skip-main-inarticle\"><br \/>\n        Passer la publicit\u00e9<br \/>\n    <\/a><\/p>\n<p class=\"fig-paragraph\">La France a critiqu\u00e9 tr\u00e8s vivement l&rsquo;ampleur des moyens employ\u00e9s par\u00a0<a href=\"http:\/\/www.lefigaro.fr\/international\/guerre-a-gaza-la-defense-civile-fait-etat-de-13-morts-dans-des-frappes-israeliennes-20250902\" target=\"_blank\" data-fig-type=\"NewsFlash\" rel=\"noopener nofollow\" data-gtm-custom-categorie=\"navigation\" data-gtm-custom-action=\"crossclick\" data-gtm-custom-label=\"Contextuel\" data-gtm-event=\"customEventSPE\" data-fig-domain=\"LEFIGARO\">l&rsquo;arm\u00e9e isra\u00e9lienne \u00e0 Gaza<\/a>, en r\u00e9action \u00e0 l&rsquo;attaque d&rsquo;une ampleur in\u00e9dite men\u00e9e le 7 octobre 2023 par le mouvement islamiste palestinien Hamas sur le sol isra\u00e9lien. Paris n&rsquo;a cependant jamais utilis\u00e9 le qualificatif de g\u00e9nocide. Le minist\u00e8re fran\u00e7ais des Affaires \u00e9trang\u00e8res, interrog\u00e9 par l&rsquo;AFP, n&rsquo;avait pas imm\u00e9diatement r\u00e9agi mardi soir.<\/p>\n<p>Livraison d\u2019armes \u00e0 Isra\u00ebl<\/p>\n<p class=\"fig-paragraph\">L&rsquo;association de juristes demande que la justice \u00abordonne \u00e0 l&rsquo;\u00c9tat (fran\u00e7ais) des d\u00e9cisions et des initiatives concr\u00e8tes vis-\u00e0-vis de l&rsquo;\u00c9tat d&rsquo;Isra\u00ebl (&#8230;) pour pr\u00e9venir le crime de g\u00e9nocide\u00bb, sous peine d&rsquo;une astreinte quotidienne de 10.000 euros. Elle r\u00e9clame \u00e9galement le versement d&rsquo;un euro symbolique pour le \u00abpr\u00e9judice\u00bb subi.<\/p>\n<p class=\"fig-paragraph\">L&rsquo;association Jurdi \u00e9pingle notamment des livraisons d&rsquo;armes fran\u00e7aises \u00e0 Isra\u00ebl, pr\u00e9sent\u00e9es comme \u00abd\u00e9fensives\u00bb par les autorit\u00e9s fran\u00e7aises. \u00abEn d\u00e9pit du risque s\u00e9rieux et av\u00e9r\u00e9 de g\u00e9nocide dans la bande de Gaza, l&rsquo;\u00c9tat(fran\u00e7ais) a manqu\u00e9 de mettre en \u0153uvre les mesures de pr\u00e9vention de ce g\u00e9nocide qui \u00e9tait \u00e0 sa port\u00e9e\u00bb, estime l&rsquo;association, qui affirme que ses courriers pr\u00e9c\u00e9dents aux autorit\u00e9s fran\u00e7aises \u00absont rest\u00e9s sans r\u00e9ponse\u00bb.<\/p>\n<p class=\"fig-paragraph\">L&rsquo;Afrique du Sud a \u00e9t\u00e9 le premier \u00c9tat \u00e0 initier en d\u00e9cembre 2023 une action devant la Cour internationale de justice (CIJ) en invoquant un \u00abg\u00e9nocide\u00bb, rejointe ensuite par plusieurs autres \u00c9tats. Le mois suivant, la CIJ avait somm\u00e9 Isra\u00ebl de pr\u00e9venir tout \u00e9ventuel acte de g\u00e9nocide et de permettre l&rsquo;acc\u00e8s de l&rsquo;aide humanitaire dans la bande de Gaza.<\/p>\n<p>Des milliers de morts<\/p>\n<p class=\"fig-paragraph\">L&rsquo;attaque du Hamas du 7 octobre 2023 a entra\u00een\u00e9 la mort de 1219 personnes c\u00f4t\u00e9 isra\u00e9lien, majoritairement des civils, selon un d\u00e9compte de l&rsquo;AFP bas\u00e9 sur des donn\u00e9es officielles. Sur les 251 personnes enlev\u00e9es, 47 restent retenues \u00e0 Gaza dont 25 ont \u00e9t\u00e9 d\u00e9clar\u00e9es mortes par l&rsquo;arm\u00e9e isra\u00e9lienne.<\/p>\n<p>                                    <a class=\"fig-a11y-skip a11y-hidden\" href=\"#fig-a11y-skip-main-inarticle_mtf\"><br \/>\n        Passer la publicit\u00e9<br \/>\n    <\/a><\/p>\n<p class=\"fig-paragraph\">La campagne de repr\u00e9sailles isra\u00e9liennes a fait au moins 63.633 morts dans la bande de Gaza, en majorit\u00e9 des civils, selon le minist\u00e8re de la Sant\u00e9 de Gaza, plac\u00e9 sous l&rsquo;autorit\u00e9 du Hamas. Le minist\u00e8re, dont les chiffres sont jug\u00e9s fiables par l&rsquo;ONU, ne pr\u00e9cise pas le nombre de combattants tu\u00e9s.<\/p>\n","protected":false},"excerpt":{"rendered":"L\u2019Association des juristes fran\u00e7ais pour le respect du droit international (Jurdi) estime que la France est tenue \u00e0&hellip;\n","protected":false},"author":2,"featured_media":361423,"comment_status":"","ping_status":"","sticky":false,"template":"","format":"standard","meta":{"footnotes":""},"categories":[2],"tags":[11,3259,1011,27,665,12],"class_list":{"0":"post-361422","1":"post","2":"type-post","3":"status-publish","4":"format-standard","5":"has-post-thumbnail","7":"category-actualites","8":"tag-actualites","9":"tag-conflit-israelo-palestinien","10":"tag-fr","11":"tag-france","12":"tag-gaza","13":"tag-news"},"share_on_mastodon":{"url":"https:\/\/pubeurope.com\/@fr\/115136224605981200","error":""},"_links":{"self":[{"href":"https:\/\/www.europesays.com\/fr\/wp-json\/wp\/v2\/posts\/361422","targetHints":{"allow":["GET"]}}],"collection":[{"href":"https:\/\/www.europesays.com\/fr\/wp-json\/wp\/v2\/posts"}],"about":[{"href":"https:\/\/www.europesays.com\/fr\/wp-json\/wp\/v2\/types\/post"}],"author":[{"embeddable":true,"href":"https:\/\/www.europesays.com\/fr\/wp-json\/wp\/v2\/users\/2"}],"replies":[{"embeddable":true,"href":"https:\/\/www.europesays.com\/fr\/wp-json\/wp\/v2\/comments?post=361422"}],"version-history":[{"count":0,"href":"https:\/\/www.europesays.com\/fr\/wp-json\/wp\/v2\/posts\/361422\/revisions"}],"wp:featuredmedia":[{"embeddable":true,"href":"https:\/\/www.europesays.com\/fr\/wp-json\/wp\/v2\/media\/361423"}],"wp:attachment":[{"href":"https:\/\/www.europesays.com\/fr\/wp-json\/wp\/v2\/media?parent=361422"}],"wp:term":[{"taxonomy":"category","embeddable":true,"href":"https:\/\/www.europesays.com\/fr\/wp-json\/wp\/v2\/categories?post=361422"},{"taxonomy":"post_tag","embeddable":true,"href":"https:\/\/www.europesays.com\/fr\/wp-json\/wp\/v2\/tags?post=361422"}],"curies":[{"name":"wp","href":"https:\/\/api.w.org\/{rel}","templated":true}]}}