{"id":361424,"date":"2025-09-02T18:55:27","date_gmt":"2025-09-02T18:55:27","guid":{"rendered":"https:\/\/www.europesays.com\/fr\/361424\/"},"modified":"2025-09-02T18:55:27","modified_gmt":"2025-09-02T18:55:27","slug":"a-auchan-villars-la-cgt-appelle-a-la-greve","status":"publish","type":"post","link":"https:\/\/www.europesays.com\/fr\/361424\/","title":{"rendered":"\u00e0 Auchan Villars, la CGT appelle \u00e0 la gr\u00e8ve"},"content":{"rendered":"<p>D\u00e9gradation des conditions de travail, casse sociale, crainte pour la p\u00e9rennit\u00e9 des emplois\u00a0: \u00e0 Auchan Villars, les motifs d\u2019inqui\u00e9tude se multiplient depuis l\u2019\u00e9t\u00e9, selon la CGT qui appelle les salari\u00e9s \u00e0 se mobiliser, ce vendredi 5\u00a0septembre.<\/p>\n<p>\u00ab\u00a0Mi-juillet, nous apprenions qu\u2019Auchan vend sans scrupule 22 supermarch\u00e9s en France, dont 19 \u00e0 Lidl, et parmi eux, 9 rachet\u00e9s \u00e0 Casino. C\u2019est une v\u00e9ritable braderie sociale dont font les frais les salari\u00e9s\u00a0\u00bb, r\u00e9sume Tony Tour\u00e8che, d\u00e9l\u00e9gu\u00e9 CGT du magasin villardais.<\/p>\n<p>L\u2019hypermarch\u00e9 de Villars n\u2019est pas concern\u00e9 par ces cessions. Il fait m\u00eame l\u2019objet d\u2019un <a href=\"https:\/\/www.leprogres.fr\/economie\/2025\/04\/17\/auchan-s-offre-un-grand-lifting-et-se-separe-de-2-500-m2-de-surface-de-vente\" target=\"_blank\" rel=\"noopener\">programme de travaux importants<\/a> avec un investissement de 10\u00a0millions d\u2019euros.<\/p>\n","protected":false},"excerpt":{"rendered":"D\u00e9gradation des conditions de travail, casse sociale, crainte pour la p\u00e9rennit\u00e9 des emplois\u00a0: \u00e0 Auchan Villars, les motifs&hellip;\n","protected":false},"author":2,"featured_media":361425,"comment_status":"","ping_status":"","sticky":false,"template":"","format":"standard","meta":{"footnotes":""},"categories":[9653],"tags":[1111,11,2430,4406,9671,130,33,7539,341,1777,674,1011,27,3367,12,25,4001,9664,801,10246],"class_list":{"0":"post-361424","1":"post","2":"type-post","3":"status-publish","4":"format-standard","5":"has-post-thumbnail","7":"category-saint-etienne","8":"tag-actu","9":"tag-actualites","10":"tag-auvergne-rhone-alpes","11":"tag-commerce-et-services","12":"tag-conflit-social","13":"tag-consommation","14":"tag-economie","15":"tag-edition-loire-sud","16":"tag-emploi","17":"tag-eu","18":"tag-europe","19":"tag-fr","20":"tag-france","21":"tag-loire","22":"tag-news","23":"tag-republique-francaise","24":"tag-saint-etienne","25":"tag-saint-etienne-bassin","26":"tag-social","27":"tag-villars"},"share_on_mastodon":{"url":"https:\/\/pubeurope.com\/@fr\/115136228497934244","error":""},"_links":{"self":[{"href":"https:\/\/www.europesays.com\/fr\/wp-json\/wp\/v2\/posts\/361424","targetHints":{"allow":["GET"]}}],"collection":[{"href":"https:\/\/www.europesays.com\/fr\/wp-json\/wp\/v2\/posts"}],"about":[{"href":"https:\/\/www.europesays.com\/fr\/wp-json\/wp\/v2\/types\/post"}],"author":[{"embeddable":true,"href":"https:\/\/www.europesays.com\/fr\/wp-json\/wp\/v2\/users\/2"}],"replies":[{"embeddable":true,"href":"https:\/\/www.europesays.com\/fr\/wp-json\/wp\/v2\/comments?post=361424"}],"version-history":[{"count":0,"href":"https:\/\/www.europesays.com\/fr\/wp-json\/wp\/v2\/posts\/361424\/revisions"}],"wp:featuredmedia":[{"embeddable":true,"href":"https:\/\/www.europesays.com\/fr\/wp-json\/wp\/v2\/media\/361425"}],"wp:attachment":[{"href":"https:\/\/www.europesays.com\/fr\/wp-json\/wp\/v2\/media?parent=361424"}],"wp:term":[{"taxonomy":"category","embeddable":true,"href":"https:\/\/www.europesays.com\/fr\/wp-json\/wp\/v2\/categories?post=361424"},{"taxonomy":"post_tag","embeddable":true,"href":"https:\/\/www.europesays.com\/fr\/wp-json\/wp\/v2\/tags?post=361424"}],"curies":[{"name":"wp","href":"https:\/\/api.w.org\/{rel}","templated":true}]}}