{"id":361432,"date":"2025-09-02T18:59:10","date_gmt":"2025-09-02T18:59:10","guid":{"rendered":"https:\/\/www.europesays.com\/fr\/361432\/"},"modified":"2025-09-02T18:59:10","modified_gmt":"2025-09-02T18:59:10","slug":"inauguree-en-grande-pompe-la-place-de-la-liberte-retrouve-sa-lumiere-au-luc-en-provence","status":"publish","type":"post","link":"https:\/\/www.europesays.com\/fr\/361432\/","title":{"rendered":"Inaugur\u00e9e en grande pompe, la place de la Libert\u00e9 retrouve sa lumi\u00e8re au Luc-en-Provence"},"content":{"rendered":"<p>En 2021, une tractopelle, conduite par une personne venue acheter son paquet de cigarette, faisait chuter la statue de la Libert\u00e9, sur la place du m\u00eame nom. C\u2019est cet \u00e9v\u00e9nement qui a d\u00e9clench\u00e9 le projet de r\u00e9novation de cette place. Quatre ann\u00e9es ont pass\u00e9, et \u00e7a y est: la place de la Libert\u00e9 r\u00e9nov\u00e9e a \u00e9t\u00e9 inaugur\u00e9e samedi, au cours d\u2019une c\u00e9r\u00e9monie d\u2019envergure organis\u00e9e par la Ville.<\/p>\n<p>Une place sans statue, d\u00e9sormais, puisque celle-ci se tient \u00e0 c\u00f4t\u00e9 de son socle fractur\u00e9, au c\u0153ur du jardin du 4-D\u00e9cembre-1851. Une dalle en fonte est toutefois d\u00e9pos\u00e9e \u00e0 l\u2019endroit m\u00eame o\u00f9 elle avait tr\u00f4n\u00e9 pendant plus de 130 ans. Sur cette place enti\u00e8rement repens\u00e9e, le maire, Dominique Lain, a d\u2019abord mis \u00e0 l\u2019honneur l\u2019ensemble des corps de m\u00e9tiers qui ont r\u00e9alis\u00e9 sa transformation compl\u00e8te.<\/p>\n<p>Le choix des entreprises, en novembre 2024, le d\u00e9but du chantier, en d\u00e9cembre 2024, avec les modifications du sens de circulation, le report de la livraison du chantier suite aux al\u00e9as climatiques\u2026 Autant d\u2019\u00e9tapes franchies pour aboutir \u00e0 cette requalification qui profite \u00e9galement de l\u2019installation de deux fontaines. Mais ce n\u2019est pas l\u00e0 le seul \u00e9l\u00e9ment nouveau de la place de la Libert\u00e9.<\/p>\n<p>Dans le cadre de la r\u00e9novation, la municipalit\u00e9 a donn\u00e9 l\u2019opportunit\u00e9 aux Lucois d\u2019acqu\u00e9rir un pav\u00e9 personnalis\u00e9 \u00e0 leur nom. \u00ab\u00a0Cette initiative a offert \u00e0 chaque Lucois la possibilit\u00e9 de s\u2019inscrire durablement dans l\u2019histoire de notre ville, estimait Dominique Lain. C\u2019\u00e9tait une fa\u00e7on unique de participer \u00e0 la transformation de notre espace public et de cr\u00e9er un sentiment d\u2019appartenance fort \u00e0 notre ville du Luc-en-Provence.\u00a0\u00bb<\/p>\n<p>Pr\u00e9sence de la consule d\u2019\u00c9gypte<\/p>\n<p>Dans son discours, le maire a \u00e9galement eu une pens\u00e9e pour les commer\u00e7ants et riverains de la place de la Libert\u00e9, qui ont su, aux yeux du maire, se montrer compr\u00e9hensif face \u00e0 la g\u00eane occasionn\u00e9e par les travaux.<\/p>\n<p>La c\u00e9r\u00e9monie officielle de l\u2019inauguration a d\u00e9marr\u00e9 \u00e0 20 heures, avec l\u2019interpr\u00e9tation de La Marseillaise par Am\u00e9lie Robins, soprano lyrique \u00e0 la carri\u00e8re internationale, Lucoise d\u2019adoption. Ce n\u2019\u00e9tait pas la seule personnalit\u00e9 pr\u00e9sente pour ce moment de f\u00eate.<\/p>\n<p>Outre les autorit\u00e9s institutionnelles attendues (pr\u00e9fet et sous-pr\u00e9fet, s\u00e9nateurs, d\u00e9put\u00e9\u2026), on pouvait compter sur la pr\u00e9sence des sponsors et entreprises participantes au chantier, autorit\u00e9s militaires. Sans oublier Heldy Serry, consule g\u00e9n\u00e9rale d\u2019\u00c9gypte, et des descendants directs de Jean-Baptiste Apollinaire-Lebas, polytechnicien lucois, ing\u00e9nieur de la Marine, ayant \u0153uvr\u00e9 au rapatriement de l\u2019ob\u00e9lisque offert par l\u2019\u00c9gypte sur la place de la Concorde, \u00e0 Paris.<\/p>\n<p>En conclusion, le maire \u00e9mettra le souhait que cette nouvelle place de la Libert\u00e9 devienne \u00ab\u00a0un lieu de vie et de m\u00e9moire, o\u00f9 se croiseront les habitants et les promeneurs \u00ab\u00a0.<\/p>\n","protected":false},"excerpt":{"rendered":"En 2021, une tractopelle, conduite par une personne venue acheter son paquet de cigarette, faisait chuter la statue&hellip;\n","protected":false},"author":2,"featured_media":361433,"comment_status":"","ping_status":"","sticky":false,"template":"","format":"standard","meta":{"footnotes":""},"categories":[9619],"tags":[1111,11,1777,674,1011,27,12,882,25,2310,1352,3366],"class_list":{"0":"post-361432","1":"post","2":"type-post","3":"status-publish","4":"format-standard","5":"has-post-thumbnail","7":"category-toulon","8":"tag-actu","9":"tag-actualites","10":"tag-eu","11":"tag-europe","12":"tag-fr","13":"tag-france","14":"tag-news","15":"tag-provence-alpes-cote-dazur","16":"tag-republique-francaise","17":"tag-toulon","18":"tag-urbanisme","19":"tag-vie-locale"},"share_on_mastodon":{"url":"https:\/\/pubeurope.com\/@fr\/115136244399374914","error":""},"_links":{"self":[{"href":"https:\/\/www.europesays.com\/fr\/wp-json\/wp\/v2\/posts\/361432","targetHints":{"allow":["GET"]}}],"collection":[{"href":"https:\/\/www.europesays.com\/fr\/wp-json\/wp\/v2\/posts"}],"about":[{"href":"https:\/\/www.europesays.com\/fr\/wp-json\/wp\/v2\/types\/post"}],"author":[{"embeddable":true,"href":"https:\/\/www.europesays.com\/fr\/wp-json\/wp\/v2\/users\/2"}],"replies":[{"embeddable":true,"href":"https:\/\/www.europesays.com\/fr\/wp-json\/wp\/v2\/comments?post=361432"}],"version-history":[{"count":0,"href":"https:\/\/www.europesays.com\/fr\/wp-json\/wp\/v2\/posts\/361432\/revisions"}],"wp:featuredmedia":[{"embeddable":true,"href":"https:\/\/www.europesays.com\/fr\/wp-json\/wp\/v2\/media\/361433"}],"wp:attachment":[{"href":"https:\/\/www.europesays.com\/fr\/wp-json\/wp\/v2\/media?parent=361432"}],"wp:term":[{"taxonomy":"category","embeddable":true,"href":"https:\/\/www.europesays.com\/fr\/wp-json\/wp\/v2\/categories?post=361432"},{"taxonomy":"post_tag","embeddable":true,"href":"https:\/\/www.europesays.com\/fr\/wp-json\/wp\/v2\/tags?post=361432"}],"curies":[{"name":"wp","href":"https:\/\/api.w.org\/{rel}","templated":true}]}}