{"id":361434,"date":"2025-09-02T19:00:31","date_gmt":"2025-09-02T19:00:31","guid":{"rendered":"https:\/\/www.europesays.com\/fr\/361434\/"},"modified":"2025-09-02T19:00:31","modified_gmt":"2025-09-02T19:00:31","slug":"sporting-club-de-toulon-80-ans-et-lambition-de-retrouver-lelite","status":"publish","type":"post","link":"https:\/\/www.europesays.com\/fr\/361434\/","title":{"rendered":"Sporting Club de Toulon : 80 ans et l&rsquo;ambition de retrouver l&rsquo;\u00e9lite"},"content":{"rendered":"<p>Il veut retrouver sa place. Son rang. Son histoire. \u00c0 <strong>Toulon<\/strong>, le <a class=\"invalid-link\" href=\"http:\/\/www.sctoulon.fr\/\" rel=\"noopener\" target=\"_blank\">Sporting<\/a> ne f\u00eate pas seulement ses <strong>80 ans<\/strong> cette saison. Il affirme surtout son ambition de <strong>redevenir un acteur majeur du football fran\u00e7ais<\/strong>. <\/p>\n<p>En coulisses, \u00e7a s\u2019active. Et sur le terrain, le d\u00e9part est plut\u00f4t prometteur en<strong> National 2 <\/strong>: un nul (1\u20131 contre Bobigny), une victoire (2\u20130 contre Grasse), un buteur fid\u00e8le \u00e0 ses statistiques, et un club qui ne cache plus ses intentions. <\/p>\n<p>Une nouvelle esplanade Delio Onnis <\/p>\n<p>Tout commencera officiellement le 6 septembre prochain \u00e0 9 h 30, sur l\u2019esplanade du<strong> stade Bon Rencontre<\/strong>. Ce jour-l\u00e0, la maire de Toulon, Jos\u00e9e Massi, l\u2019actionnaire majoritaire du SCT, <strong>Claude Joye<\/strong>, les joueurs d\u2019hier et d\u2019aujourd\u2019hui, les \u00e9lus, les licenci\u00e9s du club et les supporters inaugureront le\u00a0nouveau parvis\u00a0du stade, baptis\u00e9 du nom de\u00a0<strong>Delio Onnis<\/strong>, figure embl\u00e9matique du Sporting. <\/p>\n<p>\u00a0 <\/p>\n<p>\u00ab C\u2019est un acte symbolique pour le club \u00bb, confie <a href=\"https:\/\/www.linkedin.com\/in\/thierry-oelker\/?originalSubdomain=fr\" rel=\"noopener\" target=\"_blank\">Thierry Oelker<\/a>, directeur du d\u00e9veloppement, \u00e0 la man\u0153uvre dans ce virage strat\u00e9gique. Avant d\u2019ajouter, sourire en coin : <\/p>\n<blockquote>\n<p>\u00ab Qui d\u2019autre que lui ? On adore ces joueurs avec la grinta, Italo-Argentin, forc\u00e9ment, \u00e7a parle aux Toulonnais. \u00bb <\/p>\n<\/blockquote>\n<p>  <img decoding=\"async\" alt=\"\" class=\"img-align-center\" data-zoomable=\"\" height=\"1484\" loading=\"lazy\" src=\"https:\/\/www.europesays.com\/fr\/wp-content\/uploads\/2025\/09\/thierry-oelker-sporting-toulon.png\" width=\"2000\"\/> <strong>\u00a9<\/strong> Sporting Club de Toulon &#8211; Avant de rejoindre le Sporting, Thierry Oelker \u00e9tait directeur des op\u00e9rations du Toulon St-Cyr Var Handball. Le Sporting \u00ab n&rsquo;a pas sa place en National 2 \u00bb <\/p>\n<p>Delio Onnis, <strong>meilleur buteur de l\u2019histoire de la Ligue 1<\/strong> avec <strong>299 buts<\/strong>, a port\u00e9 les couleurs du Sporting entre 1983 et 1986. Des chiffres qui interpellent\u00a0: \u00ab Le club a une histoire. Il n\u2019est pas \u00e0 sa place en National 2. C\u2019est la 12e ville de France\u2026 \u00bb, regrette le directeur du d\u00e9veloppement.<\/p>\n<p>Pour cette inauguration, les <strong>anciens du club<\/strong> r\u00e9pondront pr\u00e9sents, \u00e0 l\u2019image de <strong>Baf\u00e9timbi Gomis<\/strong>, <strong>David Ginola<\/strong>, ou encore <strong>Roland Courbis<\/strong>.<\/p>\n<p> Un nouveau mus\u00e9e et un maillot collector <\/p>\n<p>Mais les 80 ans du club ne se r\u00e9sument pas \u00e0 une plaque comm\u00e9morative. Le<strong> mus\u00e9e du Sporting<\/strong> va lui aussi \u00e9voluer, avec l\u2019ouverture d\u2019une salle enti\u00e8rement consacr\u00e9e aux <strong>maillots historiques du club<\/strong> et autres souvenirs. <\/p>\n<p>Un travail patrimonial : \u00ab Le Sporting en Une de France Football, il est collector celui-l\u00e0 \u00bb, pointe Thierry Oelker du doigt lors d&rsquo;une visite en avant premi\u00e8re improvis\u00e9e. Une mani\u00e8re de rappeler que la <strong>tunique jaune et bleu<\/strong>\u00a0a connu de belles heures.<\/p>\n<p> <img decoding=\"async\" alt=\"\" class=\"img-align-center img-size-full\" data-zoomable=\"\" height=\"1125\" loading=\"lazy\" src=\"https:\/\/www.europesays.com\/fr\/wp-content\/uploads\/2025\/09\/musee-stade-bon-rencontre-toulon.jpg\" width=\"2000\"\/> <strong>\u00a9<\/strong> A. Assante &#8211; Maillots r\u00e9tro, Unes et articles de journaux, photos&#8230; Le mus\u00e9e du Sporting au stade Bon Rencontre a fait peau neuve.\u00a0 <\/p>\n<p>C\u00f4t\u00e9 terrain, le club profite de l\u2019occasion pour <strong>lancer un maillot collector<\/strong>. <strong>Noir et or<\/strong>, il sera port\u00e9 pour la premi\u00e8re fois lors de la rencontre contre <strong>N\u00eemes<\/strong>, le jour m\u00eame de l\u2019inauguration. \u00ab Il deviendra notre maillot ext\u00e9rieur pour toute la saison. \u00bb <\/p>\n<p>Impliquer l\u2019\u00e9cosyst\u00e8me du Var dans le projet du Sporting <\/p>\n<p>Le <strong>d\u00e9veloppement structurel<\/strong> est au c\u0153ur du projet. Le Sporting compte aujourd\u2019hui <strong>une soixantaine de partenaires priv\u00e9s<\/strong>, que l\u2019ancien responsable merchandising du FC Sochaux entend fructifier\u00a0: \u00ab Le dernier en date est les Caf\u00e9s Maurice.\u00a0\u00bb L\u2019entreprise, <a href=\"https:\/\/mesinfos.fr\/83000-toulon\/cafes-maurice-prend-de-la-graine-184269.html\" rel=\"noopener\" target=\"_blank\">artisan torr\u00e9facteur \u00e0 Toulon<\/a>, lancera pour l\u2019occasion un <strong>caf\u00e9 sp\u00e9cial Sporting<\/strong>.<\/p>\n<p>Avec un <strong>budget<\/strong> de 2,5 millions d&rsquo;euros \u2014 l\u2019un des plus importants de National 2 \u2014 et quelque 1 000 licenci\u00e9s, le Sporting affiche des fondations solides. Reste un point n\u00e9vralgique : le <strong>stade Bon Rencontre<\/strong>. Propri\u00e9t\u00e9 de la mairie, cet \u00e9quipement de 8 000 places pourrait, \u00e0 moyen terme, faire l\u2019objet d\u2019un projet de modernisation. Une \u00e9volution que le club appelle de ses v\u0153ux pour accompagner son d\u00e9veloppement. <\/p>\n<p> Remplir de nouveau les tribunes du stade Bon Rencontre <\/p>\n<p>Car au fond, tout est l\u00e0 : <strong>ramener les supporters<\/strong>. <\/p>\n<blockquote>\n<p>\u00ab Aujourd\u2019hui, on est 1 000 de moyenne. Ce n\u2019est pas notre ambition. On veut retrouver cette pression populaire, ce suppl\u00e9ment d\u2019\u00e2me qui a toujours fait vibrer Bon Rencontre. \u00bb <\/p>\n<\/blockquote>\n<p>Et pour cela, rien de tel qu\u2019un buteur : <strong>Abdoulaye Diallo<\/strong>, auteur de 28 buts la saison derni\u00e8re. C\u2019est sur lui que le club compte pour mener l\u2019attaque et, peut-\u00eatre, amorcer la remont\u00e9e vers le monde professionnel. Car l\u2019objectif est clair : retrouver, d\u2019ici trois ou quatre ans, au minimum l\u2019antichambre de la <a href=\"https:\/\/mesinfos.fr\/tag\/ligue-1\" rel=\"noopener\" target=\"_blank\">Ligue 1<\/a>.<\/p>\n","protected":false},"excerpt":{"rendered":"Il veut retrouver sa place. Son rang. Son histoire. \u00c0 Toulon, le Sporting ne f\u00eate pas seulement ses&hellip;\n","protected":false},"author":2,"featured_media":361435,"comment_status":"","ping_status":"","sticky":false,"template":"","format":"standard","meta":{"footnotes":""},"categories":[9619],"tags":[1111,11,1777,674,1011,27,49687,955,12,882,25,49686,2310],"class_list":{"0":"post-361434","1":"post","2":"type-post","3":"status-publish","4":"format-standard","5":"has-post-thumbnail","7":"category-toulon","8":"tag-actu","9":"tag-actualites","10":"tag-eu","11":"tag-europe","12":"tag-fr","13":"tag-france","14":"tag-fu00eate","15":"tag-match","16":"tag-news","17":"tag-provence-alpes-cote-dazur","18":"tag-republique-francaise","19":"tag-sporting-club-toulon","20":"tag-toulon"},"share_on_mastodon":{"url":"https:\/\/pubeurope.com\/@fr\/115136248434011718","error":""},"_links":{"self":[{"href":"https:\/\/www.europesays.com\/fr\/wp-json\/wp\/v2\/posts\/361434","targetHints":{"allow":["GET"]}}],"collection":[{"href":"https:\/\/www.europesays.com\/fr\/wp-json\/wp\/v2\/posts"}],"about":[{"href":"https:\/\/www.europesays.com\/fr\/wp-json\/wp\/v2\/types\/post"}],"author":[{"embeddable":true,"href":"https:\/\/www.europesays.com\/fr\/wp-json\/wp\/v2\/users\/2"}],"replies":[{"embeddable":true,"href":"https:\/\/www.europesays.com\/fr\/wp-json\/wp\/v2\/comments?post=361434"}],"version-history":[{"count":0,"href":"https:\/\/www.europesays.com\/fr\/wp-json\/wp\/v2\/posts\/361434\/revisions"}],"wp:featuredmedia":[{"embeddable":true,"href":"https:\/\/www.europesays.com\/fr\/wp-json\/wp\/v2\/media\/361435"}],"wp:attachment":[{"href":"https:\/\/www.europesays.com\/fr\/wp-json\/wp\/v2\/media?parent=361434"}],"wp:term":[{"taxonomy":"category","embeddable":true,"href":"https:\/\/www.europesays.com\/fr\/wp-json\/wp\/v2\/categories?post=361434"},{"taxonomy":"post_tag","embeddable":true,"href":"https:\/\/www.europesays.com\/fr\/wp-json\/wp\/v2\/tags?post=361434"}],"curies":[{"name":"wp","href":"https:\/\/api.w.org\/{rel}","templated":true}]}}