{"id":361438,"date":"2025-09-02T19:02:09","date_gmt":"2025-09-02T19:02:09","guid":{"rendered":"https:\/\/www.europesays.com\/fr\/361438\/"},"modified":"2025-09-02T19:02:09","modified_gmt":"2025-09-02T19:02:09","slug":"a-montpellier-etudiants-et-travailleurs-sociaux-apportent-leur-soutien-aux-grevistes","status":"publish","type":"post","link":"https:\/\/www.europesays.com\/fr\/361438\/","title":{"rendered":"\u00e0 Montpellier, \u00e9tudiants et travailleurs sociaux apportent leur soutien aux gr\u00e9vistes"},"content":{"rendered":"<p>Ce mardi 2 septembre \u00e0 Montpellier, se tenait le piquet des \u00e9nerg\u00e9ticiens dans le cadre de <a href=\"https:\/\/www.revolutionpermanente.fr\/On-veut-lier-notre-greve-au-mouvement-du-10-les-energeticiens-entrent-en-greve-pour-les-salaires\" rel=\"nofollow noopener\" target=\"_blank\">leur gr\u00e8ve nationale lanc\u00e9e il y a plusieurs mois<\/a>. La CGT Energie met sur la table plusieurs revendications comme une hausse de 9\u00a0% de la grille salariale, l\u2019indexation des salaires sur l\u2019inflation, et deux \u00e9chelons suppl\u00e9mentaires d\u2019anciennet\u00e9 pour la retraite. En effet, les \u00e9lectriciens et gaziers ont perdu 4% de leur pouvoir d\u2019achat avec l\u2019inflation. La mobilisation nationale est coordonn\u00e9e sur tout le territoire, qui se d\u00e9roule dans un contexte national marqu\u00e9 par une profonde col\u00e8re sociale face \u00e0 l\u2019aust\u00e9rit\u00e9 du gouvernement Bayrou, avec la date du 10 septembre qui s\u2019impose comme celle d\u2019une rentr\u00e9e br\u00fblante. Dans ce cadre, la perspective d\u2019un appel \u00e0 la gr\u00e8ve le 10 trouve un large \u00e9cho chez les gr\u00e9vistes de l\u2019\u00e9nergie.<\/p>\n<p>Marc Michel, coordinateur r\u00e9gional de la f\u00e9d\u00e9ration CGT de l\u2019\u00c9nergie, nous explique \u00ab\u00a0Ce qui est important de souligner c\u2019est que les syndicats de l\u2019\u00e9nergie ont d\u00e9cid\u00e9 de partir ensemble pour d\u00e9noncer l\u2019aust\u00e9rit\u00e9 du gouvernement qui est mise en place. On est parti sur une gr\u00e8ve reconductible jusqu\u2019au 4 septembre. On appellera bien s\u00fbr \u00e0 la mobilisation pour le 10 et le 18. On d\u00e9nonce \u00e9galement la hausse du co\u00fbt de l\u2019\u00e9nergie pour les plus pr\u00e9caires\u00a0\u00bb. Pour Jean-Fran\u00e7ois, retrait\u00e9 Mines \u00c9nergie CGT 34, la situation actuelle est propice \u00e0 engager des actions qui peuvent permettre d\u2019arracher des victoires. Il souligne \u00e9galement l\u2019\u00e9cho important que peut rencontrer le 10 septembre \u00ab\u00a0Cette date c\u2019est un m\u00e9contentement profond de la population, ce qu\u2019il faudrait faire derri\u00e8re c\u2019est que les organisations syndicales bloquent la partie des ressources que le patronat ne redistribue pas \u00e0 l\u2019ensemble de la population. Il faut bloquer le pays\u00a0\u00bb.<\/p>\n<p>Max, \u00e9ducateur sp\u00e9cialis\u00e9 \u00e0 APS34 et militant CGT faisait partie de la d\u00e9l\u00e9gation des travailleurs sociaux pr\u00e9sents sur le piquet. Membre de <a href=\"https:\/\/www.revolutionpermanente.fr\/Montpellier-Apres-4-semaines-de-lutte-la-mobilisation-dans-le-social-se-structure-et-s-elargit\" rel=\"nofollow noopener\" target=\"_blank\">la coordination du social<\/a> qui a r\u00e9ussi \u00e0 faire reculer deux fois le d\u00e9partement et ses budgets aust\u00e9ritaires,  il a tenu \u00e0 rappeler sa solidarit\u00e9 avec les \u00e9nerg\u00e9ticiens \u00ab\u00a0 Vous \u00eates un des secteurs les plus combatifs et on se bat pour la m\u00eame chose, dans le social on subit des coupes budg\u00e9taires et des licenciements \u00e9conomiques. Les personnes qu\u2019on accompagne sont les m\u00eames qui ont du mal \u00e0 se chauffer. \u00c7a nous para\u00eet important de discuter du 10 et du 18 septembre pour se mettre tous en mouvement\u00a0\u00bb.<\/p>\n<p>Le Poing Lev\u00e9 \u00e9tait \u00e9galement pr\u00e9sent sur le piquet de gr\u00e8ve. Pour Pablo \u00ab\u00a0Dans la p\u00e9riode il est essentiel de faire des ponts entre les \u00e9tudiants et les travailleurs puisque nous sommes de futurs travailleurs. On organise \u00e0 Paul Val\u00e9ry une assembl\u00e9e g\u00e9n\u00e9rale le 9 septembre pour pr\u00e9parer la riposte depuis nos facs\u00a0\u00bb.  Marc souligne \u00e9galement la venue d\u2019\u00e9tudiants sur le piquet \u00ab\u00a0C\u2019est important que les \u00e9tudiants soient du c\u00f4t\u00e9 des salari\u00e9s et que les salari\u00e9s soient du c\u00f4t\u00e9 des \u00e9tudiants comme on a pu le d\u00e9montrer lors de la r\u00e9forme des retraites o\u00f9 on tenait des AG ensemble\u00a0\u00bb. Pour Jean-Fran\u00e7ois le lien entre salari\u00e9s, retrait\u00e9s et \u00e9tudiants sera essentiel dans la p\u00e9riode.<\/p>\n<p>Face \u00e0 l\u2019offensive du gouvernement et de Macron qui comptent imposer l\u2019aust\u00e9rit\u00e9, la mobilisation nationale des \u00e9nerg\u00e9ticiens pour les salaires et leur convergence avec le 10 septembre pourra s\u2019av\u00e9rer \u00eatre un facteur d\u00e9terminant. Dans le contexte actuel, il appara\u00eet comme central de d\u00e9velopper des jonctions entre l\u2019ensemble des secteurs du mouvement ouvrier et de la jeunesse qui veulent se mobiliser afin de construire un mouvement capable d\u2019imposer ses revendications aux classes dirigeantes.<\/p>\n","protected":false},"excerpt":{"rendered":"Ce mardi 2 septembre \u00e0 Montpellier, se tenait le piquet des \u00e9nerg\u00e9ticiens dans le cadre de leur gr\u00e8ve&hellip;\n","protected":false},"author":2,"featured_media":361439,"comment_status":"","ping_status":"","sticky":false,"template":"","format":"standard","meta":{"footnotes":""},"categories":[9599],"tags":[1111,11,1777,674,1011,27,2208,12,2680,25],"class_list":{"0":"post-361438","1":"post","2":"type-post","3":"status-publish","4":"format-standard","5":"has-post-thumbnail","7":"category-montpellier","8":"tag-actu","9":"tag-actualites","10":"tag-eu","11":"tag-europe","12":"tag-fr","13":"tag-france","14":"tag-montpellier","15":"tag-news","16":"tag-occitanie","17":"tag-republique-francaise"},"share_on_mastodon":{"url":"https:\/\/pubeurope.com\/@fr\/115136256198798589","error":""},"_links":{"self":[{"href":"https:\/\/www.europesays.com\/fr\/wp-json\/wp\/v2\/posts\/361438","targetHints":{"allow":["GET"]}}],"collection":[{"href":"https:\/\/www.europesays.com\/fr\/wp-json\/wp\/v2\/posts"}],"about":[{"href":"https:\/\/www.europesays.com\/fr\/wp-json\/wp\/v2\/types\/post"}],"author":[{"embeddable":true,"href":"https:\/\/www.europesays.com\/fr\/wp-json\/wp\/v2\/users\/2"}],"replies":[{"embeddable":true,"href":"https:\/\/www.europesays.com\/fr\/wp-json\/wp\/v2\/comments?post=361438"}],"version-history":[{"count":0,"href":"https:\/\/www.europesays.com\/fr\/wp-json\/wp\/v2\/posts\/361438\/revisions"}],"wp:featuredmedia":[{"embeddable":true,"href":"https:\/\/www.europesays.com\/fr\/wp-json\/wp\/v2\/media\/361439"}],"wp:attachment":[{"href":"https:\/\/www.europesays.com\/fr\/wp-json\/wp\/v2\/media?parent=361438"}],"wp:term":[{"taxonomy":"category","embeddable":true,"href":"https:\/\/www.europesays.com\/fr\/wp-json\/wp\/v2\/categories?post=361438"},{"taxonomy":"post_tag","embeddable":true,"href":"https:\/\/www.europesays.com\/fr\/wp-json\/wp\/v2\/tags?post=361438"}],"curies":[{"name":"wp","href":"https:\/\/api.w.org\/{rel}","templated":true}]}}