{"id":361440,"date":"2025-09-02T19:03:09","date_gmt":"2025-09-02T19:03:09","guid":{"rendered":"https:\/\/www.europesays.com\/fr\/361440\/"},"modified":"2025-09-02T19:03:09","modified_gmt":"2025-09-02T19:03:09","slug":"rouen-un-an-apres-le-fiasco-dun-festival-de-rap-les-organisateurs-reglent-leurs-comptes-avec-le-departement","status":"publish","type":"post","link":"https:\/\/www.europesays.com\/fr\/361440\/","title":{"rendered":"Rouen. Un an apr\u00e8s le fiasco d&rsquo;un festival de rap, les organisateurs r\u00e8glent leurs comptes avec le D\u00e9partement"},"content":{"rendered":"<p>            Par<br \/>\n        <strong><br \/>\n            <a href=\"https:\/\/actu.fr\/auteur\/thomas-rideau\" title=\"Consulter tous les articles de Thomas Rideau\" rel=\"nofollow noopener\" target=\"_blank\">Thomas Rideau<\/a><br \/>\n        <\/strong><\/p>\n<p>        Publi\u00e9 le<\/p>\n<p>            2 sept. 2025 \u00e0 18h51        <\/p>\n<p>On appelle \u00e7a une<strong> contre-attaque<\/strong>. Ce 1\u1d49\u02b3 septembre 2025, presque un an apr\u00e8s l\u2019annulation avec perte et fracas du <strong>OHA festival<\/strong>, qui devait se tenir au Z\u00e9nith de <a href=\"https:\/\/actu.fr\/normandie\/rouen_76540\" rel=\"nofollow noopener\" target=\"_blank\">Rouen (Seine-Maritime)<\/a>, les organisateurs prennent la parole et ciblent un responsable dans ce fiasco culturel et financier\u2009: le D\u00e9partement. L\u2019affaire va m\u00eame \u00eatre port\u00e9e devant les tribunaux.<\/p>\n<p>Le D\u00e9partement n\u2019a pas vers\u00e9 les 100\u2009000\u00a0\u20ac pr\u00e9vus dans la convention<\/p>\n<p class=\" wall-content\">Le D\u00e9partement de la Seine-Maritime \u00e9tait l\u2019un des financeurs principaux de <a href=\"https:\/\/actu.fr\/normandie\/rouen_76540\/annulation-du-festival-oha-au-zenith-de-rouen-c-est-tres-nebuleux_61877699.html\" rel=\"nofollow noopener\" target=\"_blank\">l\u2019\u00e9v\u00e9nement qui avait pour t\u00eates d\u2019affiche Franglish, Mosiman, Kaaris<\/a>\u2026 Mais,<strong> il y a un an<\/strong>, les organisateurs, d\u00e9pit\u00e9s, devaient <strong>annuler l\u2019\u00e9v\u00e9nement<\/strong>. Et de citer plusieurs raisons\u2009: le nombre de billets vendus n\u2019\u00e9tait pas satisfaisant (environ 1\u2009500 sur 3\u2009000\u00a0\u00e0 4\u2009000\u00a0attendus), une brouille avec <a href=\"https:\/\/actu.fr\/tag\/zenith-de-rouen\" rel=\"nofollow noopener\" target=\"_blank\">le Z\u00e9nith<\/a> sur la question de la gestion des recettes li\u00e9es \u00e0 la vente des boissons\u2026<\/p>\n<p class=\" wall-content\">Ce 1\u1d49\u02b3 septembre,<strong> Quentin Greffine<\/strong>, pr\u00e9sident de l\u2019association \u00e0 l\u2019origine du festival, a pris la parole, et, contact\u00e9 par 76actu, il pointe du doigt un nouveau responsable\u2009: le D\u00e9partement de la Seine-Maritime.<\/p>\n<p>\u00ab\u2009C\u2019est deux ans de calvaire\u2009\u00bb<\/p>\n<p class=\" wall-content\">\u00ab\u2009Ce dossier, c\u2019est deux ans de <strong>calvaire<\/strong> avec le D\u00e9partement\u2009\u00bb, souffle Quentin Greffine, presque soulag\u00e9 aujourd\u2019hui de pouvoir \u00e9voquer sa version des faits. Pr\u00e9cis\u00e9ment, le D\u00e9partement a sign\u00e9 une convention avec l\u2019association derri\u00e8re le OHA festival. Dans cette convention, il est \u00e9crit noir sur blanc que le D\u00e9partement <strong>doit verser 100\u2009000 euros<\/strong> aux organisateurs pour les aider \u00e0 monter le projet.<\/p>\n<p class=\" wall-content\">Un premier versement de 50\u2009000 euros a lieu. Deux autres de 25\u2009000 doivent suivre. Mais le second va arriver \u00ab\u2009avec 50 jours de retard\u2009\u00bb sur la date pr\u00e9vue et le troisi\u00e8me n\u2019aura tout simplement pas lieu suite \u00e0 l\u2019annulation du concert. \u00ab\u2009\u00c7a nous a fait <strong>perdre du temps et des prestataires<\/strong>.\u2009\u00bb En plus de cet argent manquant, les organisateurs d\u00e9noncent des retards dans la signature de la convention et un manque de communication.<\/p>\n<p>Redorer l\u2019image de l\u2019association OHA<\/p>\n<p class=\" wall-content\">\u00ab\u2009On a \u00e9t\u00e9 abandonn\u00e9s. On a \u00e9t\u00e9 l\u00e2ch\u00e9s \u00bb, d\u00e9plore Quentin Greffine. Au final, on a \u00e9t\u00e9<strong> victimes d\u2019une d\u00e9faillance du D\u00e9partement<\/strong> et maintenant, on est endett\u00e9s, alors quand j\u2019entends qu\u2019on est partis avec la caisse\u2026\u2009\u00bb Les organisateurs regrettent aussi les propos du pr\u00e9sident Bellanger, <a href=\"https:\/\/www.youtube.com\/live\/vCshGjCwWfY\" rel=\"nofollow noopener\" target=\"_blank\">prononc\u00e9s en assembl\u00e9e<\/a>. Celui-ci avait notamment l\u00e2ch\u00e9 qu\u2019il avait \u00ab\u2009eu le sentiment de s\u2019\u00eatre fait avoir\u2009\u00bb avec le projet OHA festival.<\/p>\n<p class=\" wall-content\">Car il y a cet enjeu aussi pour les repr\u00e9sentants de l\u2019OHA festival qui veulent continuer \u00e0 organiser des concerts et des \u00e9v\u00e9nements. Il s\u2019agit de se refaire une image et montrer que le fiasco de l\u2019OHA est en grande partie, selon eux, du ressort de D\u00e9partement. Et justement, l\u2019affaire va \u00eatre jug\u00e9e au tribunal administratif de Rouen dans les prochains mois, car les organisateurs veulent toucher la totalit\u00e9 de la subvention malgr\u00e9 l\u2019annulation. La<strong>\u00a0bisbille<\/strong> sera tranch\u00e9e une bonne fois pour toutes.<\/p>\n<p>Le commentaire du D\u00e9partement<\/p>\n<p>Contact\u00e9, le D\u00e9partement de la Seine-Maritime a transmis la r\u00e9action suivante \u00e0 la r\u00e9daction : \u00ab Le D\u00e9partement de la Seine-Maritime a d\u00e9j\u00e0 eu l\u2019occasion d\u2019exprimer sa position dans cette affaire. Toutefois, celle-ci fait aujourd\u2019hui l\u2019objet d\u2019une proc\u00e9dure introduite par l\u2019association OHA devant le tribunal administratif de Rouen. D\u00e8s lors, le D\u00e9partement laisse \u00e9videmment \u00e0 l\u2019autorit\u00e9 judiciaire le soin de trancher ce litige. \u00bb<\/p>\n<p>Votre r\u00e9gion, votre actu !<\/p>\n<p>Recevez chaque jour les infos qui comptent pour vous.<\/p>\n<p>\t<a href=\"https:\/\/actu.fr\/newsletter\" class=\"ac-btn ac-btn--corner ac-btn--medium ac-btn--blue800\" rel=\"nofollow noopener\" target=\"_blank\">S&rsquo;incrire<\/a><br \/>\nSuivez l\u2019actualit\u00e9 de Rouen <a href=\"https:\/\/www.whatsapp.com\/channel\/0029VaKfnf99hXF2ddApFB1D\" rel=\"nofollow noopener\" target=\"_blank\">sur notre cha\u00eene WhatsApp<\/a> et <a href=\"https:\/\/www.tiktok.com\/@76actu.fr?lang=fr\" rel=\"nofollow noopener\" target=\"_blank\">sur notre compte TikTok<\/a><\/p>\n<p class=\" wall-content\">Personnalisez votre actualit\u00e9 en ajoutant vos villes et m\u00e9dias en favori avec <a href=\"https:\/\/moncompte.actu.fr\" title=\"D\u00e9couvez Mon Actu\" rel=\"nofollow noopener\" data-trk=\"{&quot;cta&quot;:{&quot;action&quot;:&quot;https:\\\/\\\/moncompte.actu.fr&quot;,&quot;category&quot;:&quot;mon compte&quot;,&quot;from&quot;:&quot;article footer&quot;,&quot;name&quot;:&quot;Mon actu&quot;,&quot;type&quot;:&quot;cta&quot;}}\" target=\"_blank\">Mon Actu<\/a>.<\/p>\n<p>                    <script async src=\"\/\/www.tiktok.com\/embed.js\"><\/script><\/p>\n","protected":false},"excerpt":{"rendered":"Par Thomas Rideau Publi\u00e9 le 2 sept. 2025 \u00e0 18h51 On appelle \u00e7a une contre-attaque. Ce 1\u1d49\u02b3 septembre&hellip;\n","protected":false},"author":2,"featured_media":361441,"comment_status":"","ping_status":"","sticky":false,"template":"","format":"standard","meta":{"footnotes":""},"categories":[9587],"tags":[1111,11,1777,674,1011,27,1652,873,12,5161,25,9590,9894],"class_list":{"0":"post-361440","1":"post","2":"type-post","3":"status-publish","4":"format-standard","5":"has-post-thumbnail","7":"category-rouen","8":"tag-actu","9":"tag-actualites","10":"tag-eu","11":"tag-europe","12":"tag-fr","13":"tag-france","14":"tag-loisirs-culture","15":"tag-musique","16":"tag-news","17":"tag-normandie","18":"tag-republique-francaise","19":"tag-rouen","20":"tag-zenith-de-rouen"},"share_on_mastodon":{"url":"https:\/\/pubeurope.com\/@fr\/115136260169237439","error":""},"_links":{"self":[{"href":"https:\/\/www.europesays.com\/fr\/wp-json\/wp\/v2\/posts\/361440","targetHints":{"allow":["GET"]}}],"collection":[{"href":"https:\/\/www.europesays.com\/fr\/wp-json\/wp\/v2\/posts"}],"about":[{"href":"https:\/\/www.europesays.com\/fr\/wp-json\/wp\/v2\/types\/post"}],"author":[{"embeddable":true,"href":"https:\/\/www.europesays.com\/fr\/wp-json\/wp\/v2\/users\/2"}],"replies":[{"embeddable":true,"href":"https:\/\/www.europesays.com\/fr\/wp-json\/wp\/v2\/comments?post=361440"}],"version-history":[{"count":0,"href":"https:\/\/www.europesays.com\/fr\/wp-json\/wp\/v2\/posts\/361440\/revisions"}],"wp:featuredmedia":[{"embeddable":true,"href":"https:\/\/www.europesays.com\/fr\/wp-json\/wp\/v2\/media\/361441"}],"wp:attachment":[{"href":"https:\/\/www.europesays.com\/fr\/wp-json\/wp\/v2\/media?parent=361440"}],"wp:term":[{"taxonomy":"category","embeddable":true,"href":"https:\/\/www.europesays.com\/fr\/wp-json\/wp\/v2\/categories?post=361440"},{"taxonomy":"post_tag","embeddable":true,"href":"https:\/\/www.europesays.com\/fr\/wp-json\/wp\/v2\/tags?post=361440"}],"curies":[{"name":"wp","href":"https:\/\/api.w.org\/{rel}","templated":true}]}}