{"id":361445,"date":"2025-09-02T19:06:20","date_gmt":"2025-09-02T19:06:20","guid":{"rendered":"https:\/\/www.europesays.com\/fr\/361445\/"},"modified":"2025-09-02T19:06:20","modified_gmt":"2025-09-02T19:06:20","slug":"pres-de-grenoble-ce-college-est-en-greve-des-la-rentree-ce-nest-plus-tenable","status":"publish","type":"post","link":"https:\/\/www.europesays.com\/fr\/361445\/","title":{"rendered":"Pr\u00e8s de Grenoble. Ce coll\u00e8ge est en gr\u00e8ve d\u00e8s la rentr\u00e9e : \u00ab\u00a0Ce n&rsquo;est plus tenable\u00a0\u00bb"},"content":{"rendered":"<p>            Par<br \/>\n        <strong><br \/>\n            <a href=\"https:\/\/actu.fr\/auteur\/lisa-rodrigues\" title=\"Consulter tous les articles de Lisa Rodrigues\" target=\"_blank\" rel=\"noopener\">Lisa Rodrigues<\/a><br \/>\n        <\/strong><\/p>\n<p>        Publi\u00e9 le<\/p>\n<p>            2 sept. 2025 \u00e0 17h47        <\/p>\n<p>La rentr\u00e9e va se faire en d\u00e9cal\u00e9 au <strong>coll\u00e8ge Le Mass\u00e9gu<\/strong> \u00e0 <a href=\"https:\/\/actu.fr\/auvergne-rhone-alpes\/vif_38545\" target=\"_blank\" rel=\"noopener\">Vif<\/a>, pr\u00e8s de Grenoble. Si les 6es ont bien \u00e9t\u00e9 accueillis lundi 1er septembre pour ne pas perturber ce grand changement, le reste des \u00e9l\u00e8ves n\u2019a pas pu retrouver les bancs de l\u2019\u00e9tablissement, mardi 2 septembre.<br \/>En cause : une <strong>gr\u00e8ve reconductible<\/strong> du personnel \u00e9ducatif (professeurs, assistants d\u2019\u00e9ducation et CPE), soutenue par les parents d\u2019\u00e9l\u00e8ves. Tous d\u00e9noncent un sous-effectif qui pose, \u00e0 terme, des probl\u00e8mes de s\u00e9curit\u00e9 dans l\u2019encadrement des \u00e9l\u00e8ves.<\/p>\n<p>Cinq surveillants pour plus de 700 \u00e9l\u00e8ves<\/p>\n<p class=\" wall-content\">\u00ab\u00a0En fin d\u2019ann\u00e9e derni\u00e8re, l\u2019\u00e9quipe \u00e9ducative a alert\u00e9 sur une hausse des effectifs des \u00e9l\u00e8ves pour la rentr\u00e9e 2025. On a une grosse ann\u00e9e de 6e avec une nouvelle classe qui ouvre sur le niveau : on a d\u00e9pass\u00e9 les 700 \u00e9l\u00e8ves sur le coll\u00e8ge\u00a0\u00bb, chiffre C\u00e9line Grang\u00e9, vice-pr\u00e9sidente de l\u2019Union ind\u00e9pendante des parents d\u2019\u00e9l\u00e8ves (UIPE) de l\u2019\u00e9tablissement.<\/p>\n<p class=\" wall-content\">Malgr\u00e9 les demandes de la direction, l\u2019acad\u00e9mie de <a href=\"https:\/\/actu.fr\/auvergne-rhone-alpes\/grenoble_38185\" target=\"_blank\" rel=\"noopener\">Grenoble<\/a> n\u2019a pas augment\u00e9 les dotations de surveillants, les AED, pour le coll\u00e8ge. \u00ab\u00a0Il n\u2019y a que 5,5 postes d\u2019AED temps plein. <strong>C\u2019est le m\u00eame nombre qu\u2019il y a 10 ans<\/strong>\u00a0\u00bb malgr\u00e9 une hausse d\u2019environ 150 \u00e9l\u00e8ves depuis, d\u00e9plore C\u00e9line Grang\u00e9. Et ce, alors que l\u2019ann\u00e9e scolaire pr\u00e9c\u00e9dente a d\u00e9j\u00e0 \u00e9t\u00e9 tendue.<\/p>\n<blockquote class=\"ac-article-quote wall-content\">\n<p>Pour la surveillance des repas, c&rsquo;est serr\u00e9. Il peut y avoir des bagarres \u00e0 la sortie \u00e0 g\u00e9rer, mais les AED ne peuvent pas \u00eatre partout. L&rsquo;ann\u00e9e derni\u00e8re, des activit\u00e9s entre midi et deux n&rsquo;ont pas pu se tenir faute de surveillants.<\/p>\n<p>    <strong>C\u00e9line Grang\u00e9<\/strong><br \/>\n        Vice-pr\u00e9sidente de l&rsquo;UIPE du coll\u00e8ge Le Mass\u00e9gu    <\/p><\/blockquote>\n<p>Les parents pr\u00eats \u00e0 envisager la suite<\/p>\n<p class=\" wall-content\">Une r\u00e9union doit avoir lieu avec l\u2019acad\u00e9mie d\u2019ici la fin de semaine pour tenter de trouver une solution. De leur c\u00f4t\u00e9, les parents d\u2019\u00e9l\u00e8ves assurent que si la situation ne change pas, ils n\u2019\u00e9cartent pas l\u2019organisation d\u2019actions suppl\u00e9mentaires d\u00e8s le mois de septembre : <strong>manifestations, op\u00e9ration \u00ab\u00a0coll\u00e8ge mort\u00a0\u00bb<\/strong>\u2026 \u00ab\u00a0Ce n\u2019est plus tenable en termes de s\u00e9curit\u00e9 pour les \u00e9l\u00e8ves\u00a0\u00bb, mart\u00e8le C\u00e9line Grang\u00e9.<\/p>\n<p class=\" wall-content\">Contact\u00e9s dans l\u2019apr\u00e8s-midi, les services de l\u2019acad\u00e9mie de Grenoble n\u2019ont pas encore r\u00e9pondu aux sollicitations de la r\u00e9daction sur le sujet.<\/p>\n<p class=\" wall-content\">Personnalisez votre actualit\u00e9 en ajoutant vos villes et m\u00e9dias en favori avec <a href=\"https:\/\/moncompte.actu.fr\" title=\"D\u00e9couvez Mon Actu\" rel=\"nofollow noopener\" data-trk=\"{&quot;cta&quot;:{&quot;action&quot;:&quot;https:\\\/\\\/moncompte.actu.fr&quot;,&quot;category&quot;:&quot;mon compte&quot;,&quot;from&quot;:&quot;article footer&quot;,&quot;name&quot;:&quot;Mon actu&quot;,&quot;type&quot;:&quot;cta&quot;}}\" target=\"_blank\">Mon Actu<\/a>.<\/p>\n","protected":false},"excerpt":{"rendered":"Par Lisa Rodrigues Publi\u00e9 le 2 sept. 2025 \u00e0 17h47 La rentr\u00e9e va se faire en d\u00e9cal\u00e9 au&hellip;\n","protected":false},"author":2,"featured_media":361446,"comment_status":"","ping_status":"","sticky":false,"template":"","format":"standard","meta":{"footnotes":""},"categories":[9566],"tags":[1111,11,2430,1057,1777,674,1011,27,2731,6151,12,10918,25,104],"class_list":{"0":"post-361445","1":"post","2":"type-post","3":"status-publish","4":"format-standard","5":"has-post-thumbnail","7":"category-grenoble","8":"tag-actu","9":"tag-actualites","10":"tag-auvergne-rhone-alpes","11":"tag-education","12":"tag-eu","13":"tag-europe","14":"tag-fr","15":"tag-france","16":"tag-grenoble","17":"tag-greve","18":"tag-news","19":"tag-rentree-scolaire","20":"tag-republique-francaise","21":"tag-societe"},"share_on_mastodon":{"url":"https:\/\/pubeurope.com\/@fr\/115136271849958808","error":""},"_links":{"self":[{"href":"https:\/\/www.europesays.com\/fr\/wp-json\/wp\/v2\/posts\/361445","targetHints":{"allow":["GET"]}}],"collection":[{"href":"https:\/\/www.europesays.com\/fr\/wp-json\/wp\/v2\/posts"}],"about":[{"href":"https:\/\/www.europesays.com\/fr\/wp-json\/wp\/v2\/types\/post"}],"author":[{"embeddable":true,"href":"https:\/\/www.europesays.com\/fr\/wp-json\/wp\/v2\/users\/2"}],"replies":[{"embeddable":true,"href":"https:\/\/www.europesays.com\/fr\/wp-json\/wp\/v2\/comments?post=361445"}],"version-history":[{"count":0,"href":"https:\/\/www.europesays.com\/fr\/wp-json\/wp\/v2\/posts\/361445\/revisions"}],"wp:featuredmedia":[{"embeddable":true,"href":"https:\/\/www.europesays.com\/fr\/wp-json\/wp\/v2\/media\/361446"}],"wp:attachment":[{"href":"https:\/\/www.europesays.com\/fr\/wp-json\/wp\/v2\/media?parent=361445"}],"wp:term":[{"taxonomy":"category","embeddable":true,"href":"https:\/\/www.europesays.com\/fr\/wp-json\/wp\/v2\/categories?post=361445"},{"taxonomy":"post_tag","embeddable":true,"href":"https:\/\/www.europesays.com\/fr\/wp-json\/wp\/v2\/tags?post=361445"}],"curies":[{"name":"wp","href":"https:\/\/api.w.org\/{rel}","templated":true}]}}