{"id":361447,"date":"2025-09-02T19:07:38","date_gmt":"2025-09-02T19:07:38","guid":{"rendered":"https:\/\/www.europesays.com\/fr\/361447\/"},"modified":"2025-09-02T19:07:38","modified_gmt":"2025-09-02T19:07:38","slug":"deux-vaches-sement-la-pagaille-sur-la-quatre-voies-pres-de-rennes","status":"publish","type":"post","link":"https:\/\/www.europesays.com\/fr\/361447\/","title":{"rendered":"Deux vaches s\u00e8ment la pagaille sur la quatre voies pr\u00e8s de Rennes"},"content":{"rendered":"<p>Ce mardi 2 septembre, aux alentours de 11 h 30, deux vaches ont quitt\u00e9 leur champ situ\u00e9 \u00e0 proximit\u00e9 de la RN 24 sur la commune du Rheu. En divagation, elles se sont install\u00e9es sur le bas-c\u00f4t\u00e9 de la quatre voies en direction de Mordelles. \u00c9tant donn\u00e9 les risques encourus, la gendarmerie a coup\u00e9 la quatre voies dans les deux sens. Une d\u00e9viation a \u00e9t\u00e9 mise ne place par la Diro. Puis \u00e0 14 h 40, les forces de l\u2019ordre ont r\u00e9ouvert une voie dans chaque sens. Au plus fort de la crise, vers 15 h 30, 2,3 km d\u2019embouteillage ont \u00e9t\u00e9 enregistr\u00e9s entre dans le sens Rennes-Lorient.<\/p>\n<p>C\u2019est finalement vers 16 h 15 que la quatre voies a enti\u00e8rement \u00e9t\u00e9 r\u00e9ouverte \u00e0 la circulation. Quelques minutes auparavant une des deux vaches a d\u00fb \u00eatre euthanasi\u00e9e car les seringues hypodermiques pour l\u2019endormir ne marchaient pas.<\/p>\n","protected":false},"excerpt":{"rendered":"Ce mardi 2 septembre, aux alentours de 11 h 30, deux vaches ont quitt\u00e9 leur champ situ\u00e9 \u00e0&hellip;\n","protected":false},"author":2,"featured_media":361448,"comment_status":"","ping_status":"","sticky":false,"template":"","format":"standard","meta":{"footnotes":""},"categories":[2821],"tags":[1111,11,829,765,1777,674,118,3383,1011,27,12,584,25],"class_list":{"0":"post-361447","1":"post","2":"type-post","3":"status-publish","4":"format-standard","5":"has-post-thumbnail","7":"category-rennes","8":"tag-actu","9":"tag-actualites","10":"tag-bretagne","11":"tag-en-continu","12":"tag-eu","13":"tag-europe","14":"tag-faits-divers","15":"tag-faits-divers-a-rennes","16":"tag-fr","17":"tag-france","18":"tag-news","19":"tag-rennes","20":"tag-republique-francaise"},"share_on_mastodon":{"url":"https:\/\/pubeurope.com\/@fr\/115136275736239868","error":""},"_links":{"self":[{"href":"https:\/\/www.europesays.com\/fr\/wp-json\/wp\/v2\/posts\/361447","targetHints":{"allow":["GET"]}}],"collection":[{"href":"https:\/\/www.europesays.com\/fr\/wp-json\/wp\/v2\/posts"}],"about":[{"href":"https:\/\/www.europesays.com\/fr\/wp-json\/wp\/v2\/types\/post"}],"author":[{"embeddable":true,"href":"https:\/\/www.europesays.com\/fr\/wp-json\/wp\/v2\/users\/2"}],"replies":[{"embeddable":true,"href":"https:\/\/www.europesays.com\/fr\/wp-json\/wp\/v2\/comments?post=361447"}],"version-history":[{"count":0,"href":"https:\/\/www.europesays.com\/fr\/wp-json\/wp\/v2\/posts\/361447\/revisions"}],"wp:featuredmedia":[{"embeddable":true,"href":"https:\/\/www.europesays.com\/fr\/wp-json\/wp\/v2\/media\/361448"}],"wp:attachment":[{"href":"https:\/\/www.europesays.com\/fr\/wp-json\/wp\/v2\/media?parent=361447"}],"wp:term":[{"taxonomy":"category","embeddable":true,"href":"https:\/\/www.europesays.com\/fr\/wp-json\/wp\/v2\/categories?post=361447"},{"taxonomy":"post_tag","embeddable":true,"href":"https:\/\/www.europesays.com\/fr\/wp-json\/wp\/v2\/tags?post=361447"}],"curies":[{"name":"wp","href":"https:\/\/api.w.org\/{rel}","templated":true}]}}