{"id":361449,"date":"2025-09-02T19:08:11","date_gmt":"2025-09-02T19:08:11","guid":{"rendered":"https:\/\/www.europesays.com\/fr\/361449\/"},"modified":"2025-09-02T19:08:11","modified_gmt":"2025-09-02T19:08:11","slug":"deux-vaches-se-retrouvent-sur-la-quatre-voies-pres-de-rennes-la-circulation-deviee-plusieurs-heures","status":"publish","type":"post","link":"https:\/\/www.europesays.com\/fr\/361449\/","title":{"rendered":"Deux vaches se retrouvent sur la quatre voies pr\u00e8s de Rennes\u00a0: la circulation d\u00e9vi\u00e9e plusieurs heures"},"content":{"rendered":"<p>Sur la RN 24, au hauteur du Rheu, pr\u00e8s de Rennes (Ille-et-Vilaine), la circulation a \u00e9t\u00e9 interrompue dans les deux sens pendant pr\u00e8s de trois heures mardi 2 septembre 2025. Deux vaches \u00e9taient en divagation sur la chauss\u00e9e. L&rsquo;une d&rsquo;elles a du \u00eatre euthanasi\u00e9e.<\/p>\n<p>Deux vaches ont sem\u00e9 la pagaille mardi 2 septembre sur la RN 24 pr\u00e8s de Rennes. Elles ont quitt\u00e9 leur prairie pour se retrouver en divagation sur la route.\u00a0 Pour des raisons de s\u00e9curit\u00e9, la gendarmerie a d\u00e9cid\u00e9, \u00e0 la mi journ\u00e9e, de couper la circulation dans les 2 sens et <strong>le trafic est rest\u00e9 tr\u00e8s perturb\u00e9 pendant pr\u00e8s de trois heures \u00e0 hauteur du Rheu<\/strong>. Les automobilistes ont du emprunter une d\u00e9viation, ce qui a provoqu\u00e9 d&rsquo;interminables bouchons.<\/p>\n<p>La brigade animali\u00e8re des pompiers d&rsquo;Ille-et-Vilaine a \u00e9t\u00e9 d\u00e9p\u00each\u00e9e sur place pour tenter de faire\u00a0 revenir \u00e0 la raison les deux animaux. L&rsquo;une des deux vaches a pu rejoindre finalement son champ, mais pas l&rsquo;autre. Etant\u00a0incontr\u00f4lable, et les seringues hypodermiques \u00e9tant sans effets, il a fallu l&rsquo;euthanasier.<\/p>\n<p>Le trafic a \u00e9t\u00e9 r\u00e9tabli vers 16h30.<\/p>\n","protected":false},"excerpt":{"rendered":"Sur la RN 24, au hauteur du Rheu, pr\u00e8s de Rennes (Ille-et-Vilaine), la circulation a \u00e9t\u00e9 interrompue dans&hellip;\n","protected":false},"author":2,"featured_media":361450,"comment_status":"","ping_status":"","sticky":false,"template":"","format":"standard","meta":{"footnotes":""},"categories":[2821],"tags":[1111,11,829,1777,674,1011,27,12,584,25],"class_list":{"0":"post-361449","1":"post","2":"type-post","3":"status-publish","4":"format-standard","5":"has-post-thumbnail","7":"category-rennes","8":"tag-actu","9":"tag-actualites","10":"tag-bretagne","11":"tag-eu","12":"tag-europe","13":"tag-fr","14":"tag-france","15":"tag-news","16":"tag-rennes","17":"tag-republique-francaise"},"share_on_mastodon":{"url":"https:\/\/pubeurope.com\/@fr\/115136280057269328","error":""},"_links":{"self":[{"href":"https:\/\/www.europesays.com\/fr\/wp-json\/wp\/v2\/posts\/361449","targetHints":{"allow":["GET"]}}],"collection":[{"href":"https:\/\/www.europesays.com\/fr\/wp-json\/wp\/v2\/posts"}],"about":[{"href":"https:\/\/www.europesays.com\/fr\/wp-json\/wp\/v2\/types\/post"}],"author":[{"embeddable":true,"href":"https:\/\/www.europesays.com\/fr\/wp-json\/wp\/v2\/users\/2"}],"replies":[{"embeddable":true,"href":"https:\/\/www.europesays.com\/fr\/wp-json\/wp\/v2\/comments?post=361449"}],"version-history":[{"count":0,"href":"https:\/\/www.europesays.com\/fr\/wp-json\/wp\/v2\/posts\/361449\/revisions"}],"wp:featuredmedia":[{"embeddable":true,"href":"https:\/\/www.europesays.com\/fr\/wp-json\/wp\/v2\/media\/361450"}],"wp:attachment":[{"href":"https:\/\/www.europesays.com\/fr\/wp-json\/wp\/v2\/media?parent=361449"}],"wp:term":[{"taxonomy":"category","embeddable":true,"href":"https:\/\/www.europesays.com\/fr\/wp-json\/wp\/v2\/categories?post=361449"},{"taxonomy":"post_tag","embeddable":true,"href":"https:\/\/www.europesays.com\/fr\/wp-json\/wp\/v2\/tags?post=361449"}],"curies":[{"name":"wp","href":"https:\/\/api.w.org\/{rel}","templated":true}]}}