{"id":361451,"date":"2025-09-02T19:09:32","date_gmt":"2025-09-02T19:09:32","guid":{"rendered":"https:\/\/www.europesays.com\/fr\/361451\/"},"modified":"2025-09-02T19:09:32","modified_gmt":"2025-09-02T19:09:32","slug":"en-septembre-le-village-meteor-va-enflammer-la-foire-europ-pendant-10-jours","status":"publish","type":"post","link":"https:\/\/www.europesays.com\/fr\/361451\/","title":{"rendered":"en septembre, le Village Meteor va enflammer la Foire Europ pendant 10 jours !"},"content":{"rendered":"<p>    <img loading=\"lazy\" width=\"1800\" height=\"900\" src=\"https:\/\/www.europesays.com\/fr\/wp-content\/uploads\/2025\/08\/jeanne-callthepolice.jpg\" class=\"attachment-full size-full\" alt=\"\" id=\"imageLove\" decoding=\"async\"  \/><\/p>\n<p id=\"breadcrumbs\"><a href=\"https:\/\/pokaa.fr\/\" rel=\"nofollow noopener\" target=\"_blank\">Accueil<\/a> \/ <a href=\"https:\/\/pokaa.fr\/categories\/ses-sorties\/\" rel=\"nofollow noopener\" target=\"_blank\">Sorties<\/a> \/ Biergarten g\u00e9ant\u00a0: en septembre, le Village Meteor va enflammer la Foire Europ pendant 10 jours !<\/p>\n<p>                    Sorties<\/p>\n<p><b>Institution strasbourgeoise de la rentr\u00e9e \u2013 depuis plus de 90 ans \u2013, la Foire Europ\u00e9enne se r\u00e9installe du 5 au 14 septembre au Parc des Expositions. Et pour l\u2019ambiance, on fait confiance \u00e0 METEOR qui y d\u00e9m\u00e9nage un Village METEOR : un biergarten \u00e9ph\u00e9m\u00e8re arros\u00e9 chaque soir d\u2019une programmation h\u00e9t\u00e9roclite dont de nombreuses animations gratuites. D\u00eeners-spectacles, DJ sets et concerts : r\u00e9serve d\u00e9j\u00e0 ton ap\u00e9ro, on te fait le topo !<\/b><\/p>\n<p>Cette ann\u00e9e encore, deux institutions strasbourgeoises se rencontrent\u00a0: la brasserie METEOR et la Foire europ\u00e9enne. <b>Du 5 au 14 septembre<\/b>, la premi\u00e8re y installera chez la seconde, son <b>Village METEOR<\/b>.<\/p>\n<p>D\u2019un c\u00f4t\u00e9 les transats, les grandes tabl\u00e9es, <b>les tartes flamb\u00e9es en plein air et des concerts<\/b>\u00a0; et de l\u2019autre, <b>une Brasserie couverte pour un d\u00eener-spectacle aux saveurs d\u2019Alsace<\/b> (choucroute, coquelet, bretzels, knacks, tartes flamb\u00e9es, saucisson, et autres Grumberekiechle).<\/p>\n<p>                <img width=\"334\" height=\"500\" src=\"https:\/\/www.europesays.com\/fr\/wp-content\/uploads\/2025\/09\/meteor-2-334x500.jpg\" class=\"attachment-gallery size-gallery\" alt=\"METEOR Foire europ\u00e9enne\" data-full-url=\"https:\/\/pokaa.fr\/wp-content\/uploads\/2025\/08\/28\/meteor-2.jpg\" decoding=\"async\" loading=\"lazy\"  \/>            <\/p>\n<p>                <img width=\"400\" height=\"500\" src=\"https:\/\/www.europesays.com\/fr\/wp-content\/uploads\/2025\/09\/meteor-400x500.jpg\" class=\"attachment-gallery size-gallery\" alt=\"METEOR Foire europ\u00e9enne\" data-full-url=\"https:\/\/pokaa.fr\/wp-content\/uploads\/2025\/08\/28\/meteor.jpg\" decoding=\"async\" loading=\"lazy\"  \/>            <\/p>\n<p>                    1. Village Meteor \u00e0 la Foire europ\u00e9enne. \u00a9 Document remis ; 2. Accord Mets &amp; Bi\u00e8res \u2013 D\u00eener-D\u00e9gustation. \u00a9 Document remis<\/p>\n<p>                <img width=\"375\" height=\"500\" src=\"https:\/\/www.europesays.com\/fr\/wp-content\/uploads\/2025\/09\/foire-europeenne-village-meteor-strasbourg5-375x500.jpeg\" class=\"attachment-gallery size-gallery\" alt=\"foire-europeenne-village-meteor-strasbourg5\" data-full-url=\"https:\/\/pokaa.fr\/wp-content\/uploads\/2024\/09\/05\/foire-europeenne-village-meteor-strasbourg5.jpeg\" decoding=\"async\" loading=\"lazy\"  \/>            <\/p>\n<p>                <img width=\"375\" height=\"500\" src=\"https:\/\/www.europesays.com\/fr\/wp-content\/uploads\/2025\/09\/foire-europeenne-village-meteor-strasbourg2-375x500.jpeg\" class=\"attachment-gallery size-gallery\" alt=\"foire-europeenne-village-meteor-strasbourg2\" data-full-url=\"https:\/\/pokaa.fr\/wp-content\/uploads\/2024\/09\/05\/foire-europeenne-village-meteor-strasbourg2.jpeg\" decoding=\"async\" loading=\"lazy\"  \/>            <\/p>\n<p>                <img width=\"875\" height=\"500\" src=\"https:\/\/www.europesays.com\/fr\/wp-content\/uploads\/2025\/09\/villagemeteor-strasbourg-foireeurop-875x500.jpg\" class=\"attachment-gallery size-gallery\" alt=\"villagemeteor-strasbourg-foireeurop\" data-full-url=\"https:\/\/pokaa.fr\/wp-content\/uploads\/2024\/09\/05\/villagemeteor-strasbourg-foireeurop.jpg\" decoding=\"async\" loading=\"lazy\"  \/>            <\/p>\n<p>                    \u00a9 Documents remis<\/p>\n<p>En ext\u00e9rieur, METEOR invitera <b>la fanfare Funky Mannalas<\/b> (vendredi 5 et jeudi 11), le duo de DJ <b>Fracture Frequency<\/b> (samedi 6 et vendredi 12), et <b>Alex Saxman \u2013 et son saxo \u2013 et le DJ Stan Smith<\/b> (samedi 13).<\/p>\n<p>Mais le plat de r\u00e9sistance de cette programmation, ce sont bien les<b> cinq d\u00eeners-spectacles programm\u00e9es\u00a0<\/b>:<b> des soir\u00e9es uniques<\/b>, qui trouveront chacune, leur public.<\/p>\n<p>    <img width=\"480\" height=\"600\" src=\"https:\/\/www.europesays.com\/fr\/wp-content\/uploads\/2025\/09\/marlyse-riegenstiehl-480x600.jpg\" class=\"attachment-image-size-M size-image-size-M\" alt=\"METEOR Foire europ\u00e9enne\" decoding=\"async\" loading=\"lazy\"  \/>         Marlyse Riegenstiehl. \u00a9 Document remis <\/p>\n<p>On passe \u00e0 table\u00a0: 5 d\u00eeners-spectacles \u00e0 la carte<\/p>\n<p>\u00ab\u00a0Elle parle comme le bec lui a pouss\u00e9, sans filtre et avec un franc-parler qui fait mouche\u00a0\u00bb nous dit-on. <b>Catoch\u2019 <\/b>\u2013 \u00ab\u00a0Quetsche parisienne revendiqu\u00e9e, dr\u00f4le et d\u00e9cal\u00e9e\u00a0\u00bb \u2013 r\u00e9galera <b>les familles<\/b> le <b>mardi 9 septembre<\/b>.<\/p>\n<p>Entre deux plats alsaciens, elle nous fera go\u00fbter \u00e0<b> des extraits de deux de ses spectacles cultes<\/b>\u00a0: Alsacienne d\u2019Origine Contr\u00f4l\u00e9e sur sa vie \u00e0 Paris loin des bretzels, et 1965 \u2013 M\u00e9lo, Dolto, R\u00e9tro ! (le portrait d\u2019une femme \u00ab\u00a0n\u00e9e en 1965, entre boomer, TikTok et Dolto\u00a0\u00bb).<\/p>\n<p>    <img width=\"600\" height=\"600\" src=\"https:\/\/www.europesays.com\/fr\/wp-content\/uploads\/2025\/09\/catoch-600x600.jpg\" class=\"attachment-image-size-M size-image-size-M\" alt=\"METEOR Foire europ\u00e9enne\" decoding=\"async\" loading=\"lazy\"  \/>         Catoch&rsquo;. \u00a9 Document remis <\/p>\n<p>Le <b>mercredi 10<\/b>, S\u00e9bastien Duban de la Brasserie METEOR nous fera revoir nos classiques pour une <b>soir\u00e9e d\u00e9gustation Accord Mets &amp; Bi\u00e8res<\/b>, pour \u00ab\u00a0arr\u00eat[er] de choisir [n]otre bi\u00e8re au hasard\u00a0\u00bb. Meteor Pils, Meteor IPA et Meteor Cerise\u00a0: \u00e0 chacune, son plat. Et \u00ab\u00a0\u00e0 chaque plat, ses secrets\u00a0\u00bb. En bref\u00a0: du local de l\u2019assiette au verre\u00a0!<\/p>\n<p>Quant au <b>jeudi 11 septembre<\/b>, il fera tr\u00e8s show dans la Brasserie\u2026 Plus p\u00e9tillantes qu\u2019un Cr\u00e9mant d\u2019Alsace, <b>les Pin-Up d\u2019Alsace men\u00e9es par Coco Das Vegas<\/b>, viendront pimenter la carte du soir de num\u00e9ros d\u2019<b>effeuillage burlesque<\/b>, pour un spectacle \u00ab\u00a0g\u00e9n\u00e9reux, d\u00e9complex\u00e9, et surtout irr\u00e9sistiblement dr\u00f4le\u00a0\u00bb.<\/p>\n<p>    <img width=\"450\" height=\"600\" src=\"https:\/\/www.europesays.com\/fr\/wp-content\/uploads\/2025\/09\/pin-up-alsace-450x600.jpg\" class=\"attachment-image-size-M size-image-size-M\" alt=\"METEOR Foire europ\u00e9enne\" decoding=\"async\" loading=\"lazy\"  \/>         Les Pin-up d&rsquo;Alsace. \u00a9 Document remis <\/p>\n<p>Le lendemain (<b>vendredi 12<\/b>),<b> Marlyse Riegenstiehl <\/b>reviendra \u2013 pour la deuxi\u00e8me ann\u00e9e cons\u00e9cutive \u2013 nous servir son \u00ab\u00a0humour piquant, accent assum\u00e9 et franc-parler bien senti\u00a0\u00bb pour accompagner la choucroute et le kougelhopf. Une soir\u00e9e <b>100% alsacienne<\/b>.<\/p>\n<p>Et enfin, le <b>samedi 13 septembre<\/b>\u00a0: ce sera <b>\u00ab\u00a0TF \u00e0 volont\u00e9\u00a0\u00bb<\/b>, pour repartir avec la patate gr\u00e2ce au <b>Potatoes Comedy Club<\/b>. Une <b>soir\u00e9e stand-up <\/b>lead\u00e9e par son MC \u2013 et fondateur du collectif \u2013 <b>Ma\u00ebl <\/b>qui viendra accompagn\u00e9 de quatre autres humoristes, pour des passages de 15 minutes. De quoi avoir la frite\u00a0!<\/p>\n<p>    <img width=\"600\" height=\"600\" src=\"https:\/\/www.europesays.com\/fr\/wp-content\/uploads\/2025\/09\/mael-600x600.jpg\" class=\"attachment-image-size-M size-image-size-M\" alt=\"METEOR Foire europ\u00e9enne\" decoding=\"async\" loading=\"lazy\"  \/>         Ma\u00ebl et le Potatoes Comedy Club. \u00a9 Document remis <\/p>\n<p>                <img width=\"333\" height=\"500\" src=\"https:\/\/www.europesays.com\/fr\/wp-content\/uploads\/2025\/09\/meteor-5-333x500.jpg\" class=\"attachment-gallery size-gallery\" alt=\"METEOR Foire europ\u00e9enne\" data-full-url=\"https:\/\/pokaa.fr\/wp-content\/uploads\/2025\/08\/28\/meteor-5.jpg\" decoding=\"async\" loading=\"lazy\"  \/>            <\/p>\n<p>                <img width=\"333\" height=\"500\" src=\"https:\/\/www.europesays.com\/fr\/wp-content\/uploads\/2025\/09\/meteor-4-333x500.jpg\" class=\"attachment-gallery size-gallery\" alt=\"METEOR Foire europ\u00e9enne\" data-full-url=\"https:\/\/pokaa.fr\/wp-content\/uploads\/2025\/08\/28\/meteor-4.jpg\" decoding=\"async\" loading=\"lazy\"  \/>            <\/p>\n<p>                <img width=\"333\" height=\"500\" src=\"https:\/\/www.europesays.com\/fr\/wp-content\/uploads\/2025\/09\/meteor-3-333x500.jpg\" class=\"attachment-gallery size-gallery\" alt=\"METEOR Foire europ\u00e9enne\" data-full-url=\"https:\/\/pokaa.fr\/wp-content\/uploads\/2025\/08\/28\/meteor-3.jpg\" decoding=\"async\" loading=\"lazy\"  \/>            <\/p>\n<p>                    Meteor \u00e0 la Foire europ\u00e9enne. \u00a9 Documents remis<\/p>\n<p>            Le Village METEOR \u00e0 la Foire Europ\u00e9enne<\/p>\n<p>            Quoi ? <\/p>\n<p align=\"LEFT\">Biergarten et Brasserie METEOR avec animations gratuites (DJ sets, concerts) et d\u00eeners-spectacles<\/p>\n<p>                Quand ?<\/p>\n<p>Du vendredi 5 au dimanche 14 septembre tous jours de 10h \u00e0 minuit (sauf le dimanche 14\u00a0: jusqu\u2019\u00e0 20h)<br \/>Animations d\u00e8s 19h<\/p>\n<p>            o\u00f9 ?<\/p>\n<p>\u00c0 la Foire europ\u00e9enne de Strasbourg (Parvis Rives de l\u2019Aar \u2013 Stand RA12)<br \/>Au Parc des Expositions, avenue Herrenschmidt \u00e0 Strasbourg<\/p>\n<p>                Plus d&rsquo;infos ?<\/p>\n<p align=\"LEFT\"><a href=\"https:\/\/lemeteor.fr\/levillagemeteor\/\" target=\"_blank\" rel=\"noopener nofollow\">Infos Village METEOR<\/a><br \/><a href=\"https:\/\/www.billetweb.fr\/multi_event.php?user=258382\" target=\"_blank\" rel=\"noopener nofollow\">Programmation compl\u00e8te et billetterie<\/a><br \/><a href=\"https:\/\/fb.me\/e\/62z81l31m\" target=\"_blank\" rel=\"noopener nofollow\">L\u2019\u00e9v\u00e9nement Facebook<\/a><\/p>\n","protected":false},"excerpt":{"rendered":"Accueil \/ Sorties \/ Biergarten g\u00e9ant\u00a0: en septembre, le Village Meteor va enflammer la Foire Europ pendant 10&hellip;\n","protected":false},"author":2,"featured_media":361452,"comment_status":"","ping_status":"","sticky":false,"template":"","format":"standard","meta":{"footnotes":""},"categories":[2820],"tags":[1111,11,4763,7722,3528,1697,35301,12084,1777,674,652,49688,1011,27,775,326,708,12139,12,25,3140,640,4064],"class_list":{"0":"post-361451","1":"post","2":"type-post","3":"status-publish","4":"format-standard","5":"has-post-thumbnail","7":"category-strasbourg","8":"tag-actu","9":"tag-actualites","10":"tag-agenda","11":"tag-biere","12":"tag-burlesque","13":"tag-concert","14":"tag-diner-spectacle","15":"tag-dj-set","16":"tag-eu","17":"tag-europe","18":"tag-famille","19":"tag-foire-europeenne","20":"tag-fr","21":"tag-france","22":"tag-grand-est","23":"tag-gratuit","24":"tag-humour","25":"tag-meteor","26":"tag-news","27":"tag-republique-francaise","28":"tag-spectacle","29":"tag-strasbourg","30":"tag-week-end"},"share_on_mastodon":{"url":"https:\/\/pubeurope.com\/@fr\/115136284142309366","error":""},"_links":{"self":[{"href":"https:\/\/www.europesays.com\/fr\/wp-json\/wp\/v2\/posts\/361451","targetHints":{"allow":["GET"]}}],"collection":[{"href":"https:\/\/www.europesays.com\/fr\/wp-json\/wp\/v2\/posts"}],"about":[{"href":"https:\/\/www.europesays.com\/fr\/wp-json\/wp\/v2\/types\/post"}],"author":[{"embeddable":true,"href":"https:\/\/www.europesays.com\/fr\/wp-json\/wp\/v2\/users\/2"}],"replies":[{"embeddable":true,"href":"https:\/\/www.europesays.com\/fr\/wp-json\/wp\/v2\/comments?post=361451"}],"version-history":[{"count":0,"href":"https:\/\/www.europesays.com\/fr\/wp-json\/wp\/v2\/posts\/361451\/revisions"}],"wp:featuredmedia":[{"embeddable":true,"href":"https:\/\/www.europesays.com\/fr\/wp-json\/wp\/v2\/media\/361452"}],"wp:attachment":[{"href":"https:\/\/www.europesays.com\/fr\/wp-json\/wp\/v2\/media?parent=361451"}],"wp:term":[{"taxonomy":"category","embeddable":true,"href":"https:\/\/www.europesays.com\/fr\/wp-json\/wp\/v2\/categories?post=361451"},{"taxonomy":"post_tag","embeddable":true,"href":"https:\/\/www.europesays.com\/fr\/wp-json\/wp\/v2\/tags?post=361451"}],"curies":[{"name":"wp","href":"https:\/\/api.w.org\/{rel}","templated":true}]}}