{"id":361453,"date":"2025-09-02T19:10:12","date_gmt":"2025-09-02T19:10:12","guid":{"rendered":"https:\/\/www.europesays.com\/fr\/361453\/"},"modified":"2025-09-02T19:10:12","modified_gmt":"2025-09-02T19:10:12","slug":"comment-strasbourg-a-pu-se-montrer-plus-depensier-que-le-psg","status":"publish","type":"post","link":"https:\/\/www.europesays.com\/fr\/361453\/","title":{"rendered":"comment Strasbourg a pu se montrer plus d\u00e9pensier que le PSG"},"content":{"rendered":"<p class=\"article-p mdl\">Le mercato estival de football s&rsquo;est cl\u00f4tur\u00e9 ce lundi 1er septembre en France et en Europe. De nombreux clubs ont fait leurs emplettes dans les diff\u00e9rents championnats dans le but de se renforcer. C&rsquo;est notamment le cas du RC Strasbourg, septi\u00e8me de Ligue 1 la saison pr\u00e9c\u00e9dente, qui n&rsquo;a pas l\u00e9sin\u00e9 sur les moyens.<\/p>\n<p class=\"article-p mdl\">Le Racing a sign\u00e9 pour <strong>pr\u00e8s de 130 millions d&rsquo;euros de recrues, devant le PSG<\/strong> (103 millions), et l&rsquo;OM (96M). Parmi ces joueurs achet\u00e9s : Julio Enciso (Brighton), Joaqu\u00edn Panichelli (Alav\u00e9s) ou encore Valentin Barco (Brighton). Pas de star mais de vrais espoirs du football europ\u00e9en, de jeunes joueurs, souvent \u00e2g\u00e9s de 18 \u00e0 22 ans. Dix-huit paris faits sur l&rsquo;avenir.\u00a0<\/p>\n<p class=\"article-p mdl\">Ces investissements fastueux ont de quoi surprendre alors que le budget du club est estim\u00e9 autour d&rsquo;une centaine de millions d&rsquo;euros cette saison.<\/p>\n<p class=\"article-p mdl\">Les dirigeants strasbourgeois ont pu compter sur un soutien venu d&rsquo;Angleterre. Depuis deux ans,\u00a0<a class=\"link\" href=\"https:\/\/www.rtl.fr\/sport\/football\/multipropriete-dans-le-football-c-est-quoi-le-probleme-7900516589\" target=\"_blank\" rel=\"noopener\">l&rsquo;actionnaire principal du RC Strasbourg est \u00ab\u00a0BlueCo\u00a0\u00bb<\/a>. Un puissant consortium britannique, \u00e9galement propri\u00e9taire de Chelsea. Cette multipropri\u00e9t\u00e9 r\u00e9cente divise beaucoup les fans du Racing, qui craignent d&rsquo;\u00eatre happ\u00e9s par le colosse d&rsquo;outre-manche. Depuis deux ans, les ultras alsaciens ont assum\u00e9\u00a0<strong>une gr\u00e8ve des encouragements.<\/strong><\/p>\n<p class=\"article-p mdl\">Lors de chaque match au stade de la Meinau (Strasbourg), aucun applaudissement ni encouragement n&rsquo;est effectu\u00e9 durant les 15 premi\u00e8res minutes. Et ce, malgr\u00e9 la r\u00e9ussite sportive de Strasbourg et une solidit\u00e9 financi\u00e8re qui lui permet de s&rsquo;illustrer sur le march\u00e9 des transferts.\u00a0<\/p>\n<p>            Le r\u00f4le du consortium \u00ab\u00a0BlueCo\u00a0\u00bb<\/p>\n<p class=\"article-p mdl\">Les transferts internes entre Strasbourg et Chelsea profitent \u00e0 ce consortium qui profite de la multipropri\u00e9t\u00e9 <strong>pour faciliter les transactions et renforcer les deux clubs.<\/strong> Le flux important d&rsquo;argent g\u00e9n\u00e9r\u00e9 via ces transactions explique notamment pourquoi Strasbourg a \u00e9t\u00e9 capable de d\u00e9penser pour recruter plusieurs joueurs cet \u00e9t\u00e9.<\/p>\n<p class=\"article-p mdl\">Ces d\u00e9penses commencent toutefois \u00e0 faire jaser. Des voix s&rsquo;\u00e9l\u00e8vent pour accuser Strasbourg de tirer parti de son appartenance au groupe BlueCo pour r\u00e9aliser des montages de transferts que d\u2019autres clubs europ\u00e9ens ne pourraient pas envisager. L\u2019exemple du d\u00e9fenseur Mamadou Sarr illustre ce m\u00e9canisme. Achet\u00e9 10 millions d\u2019euros \u00e0 Lyon en 2024, il a \u00e9t\u00e9 revendu d\u00e8s l\u2019\u00e9t\u00e9 suivant \u00e0 Chelsea pour 14 millions avant d\u2019\u00eatre imm\u00e9diatement repr\u00eat\u00e9 en Alsace. Ce type d\u2019op\u00e9ration permet de d\u00e9gager une plus-value tout en conservant le joueur dans l\u2019effectif, tout en affichant des ventes importantes sur le march\u00e9, comme celles de Habib Diarra et Dilane Bakwa en Premier League.<\/p>\n<p class=\"article-p mdl\">Lors du mercato estival 2024,\u00a0<a class=\"link\" href=\"https:\/\/www.rtl.fr\/sport\/football\/ligue-europa-conference-ligue-decouvrez-les-adversaires-de-lille-lyon-nice-et-strasbourg-7900535180\" target=\"_blank\" rel=\"noopener\">le RC Strasbourg<\/a>\u00a0avait d\u00e9j\u00e0 recrut\u00e9 plusieurs joueurs, majoritairement en pr\u00eat, venant de Chelsea. Parmi eux, le Br\u00e9silien Andrey Santos, le gardien \u0110or\u0111e Petrovi\u0107, ou encore Caleb Wiley et Diego Moreira. Lors de ce mercato 2025, Strasbourg a r\u00e9cup\u00e9r\u00e9\u00a0six de ses 18 joueurs li\u00e9s aux\u00a0Blues\u00a0(\u00ab\u00a0Bleus\u00a0\u00bb) de Chelsea.<\/p>\n<blockquote class=\"twitter-tweet\">\n<p lang=\"fr\" dir=\"ltr\">\ud83e\udd14\ud83d\udcb5 <a href=\"https:\/\/twitter.com\/jltourre?ref_src=twsrc%5Etfw\" target=\"_blank\" rel=\"noopener\">@jltourre<\/a> : \u00ab\u00a0Je pense qu&rsquo;il faut r\u00e9guler et interdire les transferts internes dans une multipropri\u00e9t\u00e9 car c&rsquo;est une fa\u00e7on de d\u00e9tourner les r\u00e8gles et de contourner les obstacles. Strasbourg fausse le championnat en faisant des choses que les autres ne peuvent pas faire.\u00a0\u00bb <a href=\"https:\/\/t.co\/TS2aTvGIPS\">pic.twitter.com\/TS2aTvGIPS<\/a><\/p>\n<p>\u2014 After Foot RMC (@AfterRMC) <a href=\"https:\/\/twitter.com\/AfterRMC\/status\/1962634589588840587?ref_src=twsrc%5Etfw\" target=\"_blank\" rel=\"noopener\">September 1, 2025<\/a><\/p><\/blockquote>\n<p>Une nouvelle politique du PSG<\/p>\n<p class=\"article-p mdl\">De son c\u00f4t\u00e9, le Paris Saint-Germain, qui a <strong>plus de huit fois le budget du RC Strasbourg<\/strong>, a opt\u00e9, lors de ce mercato, pour un all\u00e8gement de sa masse salariale avec plusieurs d\u00e9parts :\u00a0<a class=\"link\" href=\"https:\/\/www.rtl.fr\/sport\/football\/psg-pourquoi-gianluigi-donnarumma-est-ecarte-du-groupe-au-profit-de-lucas-chevalier-7900530316\" target=\"_blank\" rel=\"noopener\">Gianluigi Donnarumma<\/a>\u00a0(Manchester City), Nordi Mukiele (Bayer Leverkusen), Marco Asensio et\u00a0Milan \u0160kriniar (Fernerbah\u00e7e) notamment.<\/p>\n<p>La nouvelle politique men\u00e9e par le directeur sportif Luis Campos, en accord avec celle souhait\u00e9e par le coach Luis Enrique, est claire : <strong>moins de grosses d\u00e9penses<\/strong>, autant d&rsquo;un pont de vue des salaires que des transactions lors des transferts.<\/p>\n<p>    La r\u00e9daction vous recommande<\/p>\n<p class=\"s-newsletter__title\">\n                L\u2019actualit\u00e9 par la r\u00e9daction de RTL dans votre bo\u00eete mail.\n            <\/p>\n<p class=\"s-newsletter__subtitle\">\n                Gr\u00e2ce \u00e0 votre compte RTL abonnez-vous \u00e0 la newsletter RTL info pour suivre toute l&rsquo;actualit\u00e9 au quotidien\n            <\/p>\n<p>\n                                    Lire la suite\n                                <\/p>\n<p>                            <script async src=\"https:\/\/platform.twitter.com\/widgets.js\" charset=\"utf-8\"><\/script><\/p>\n","protected":false},"excerpt":{"rendered":"Le mercato estival de football s&rsquo;est cl\u00f4tur\u00e9 ce lundi 1er septembre en France et en Europe. De nombreux&hellip;\n","protected":false},"author":2,"featured_media":361454,"comment_status":"","ping_status":"","sticky":false,"template":"","format":"standard","meta":{"footnotes":""},"categories":[2820],"tags":[1111,11,1777,674,107,2619,63,1011,27,775,66,1434,12,91,25,640,10662],"class_list":{"0":"post-361453","1":"post","2":"type-post","3":"status-publish","4":"format-standard","5":"has-post-thumbnail","7":"category-strasbourg","8":"tag-actu","9":"tag-actualites","10":"tag-eu","11":"tag-europe","12":"tag-fil-info","13":"tag-fil-sport","14":"tag-football","15":"tag-fr","16":"tag-france","17":"tag-grand-est","18":"tag-ligue-1","19":"tag-mercato","20":"tag-news","21":"tag-paris-saint-germain","22":"tag-republique-francaise","23":"tag-strasbourg","24":"tag-transferts"},"share_on_mastodon":{"url":"https:\/\/pubeurope.com\/@fr\/115136287616005157","error":""},"_links":{"self":[{"href":"https:\/\/www.europesays.com\/fr\/wp-json\/wp\/v2\/posts\/361453","targetHints":{"allow":["GET"]}}],"collection":[{"href":"https:\/\/www.europesays.com\/fr\/wp-json\/wp\/v2\/posts"}],"about":[{"href":"https:\/\/www.europesays.com\/fr\/wp-json\/wp\/v2\/types\/post"}],"author":[{"embeddable":true,"href":"https:\/\/www.europesays.com\/fr\/wp-json\/wp\/v2\/users\/2"}],"replies":[{"embeddable":true,"href":"https:\/\/www.europesays.com\/fr\/wp-json\/wp\/v2\/comments?post=361453"}],"version-history":[{"count":0,"href":"https:\/\/www.europesays.com\/fr\/wp-json\/wp\/v2\/posts\/361453\/revisions"}],"wp:featuredmedia":[{"embeddable":true,"href":"https:\/\/www.europesays.com\/fr\/wp-json\/wp\/v2\/media\/361454"}],"wp:attachment":[{"href":"https:\/\/www.europesays.com\/fr\/wp-json\/wp\/v2\/media?parent=361453"}],"wp:term":[{"taxonomy":"category","embeddable":true,"href":"https:\/\/www.europesays.com\/fr\/wp-json\/wp\/v2\/categories?post=361453"},{"taxonomy":"post_tag","embeddable":true,"href":"https:\/\/www.europesays.com\/fr\/wp-json\/wp\/v2\/tags?post=361453"}],"curies":[{"name":"wp","href":"https:\/\/api.w.org\/{rel}","templated":true}]}}