{"id":361459,"date":"2025-09-02T19:13:11","date_gmt":"2025-09-02T19:13:11","guid":{"rendered":"https:\/\/www.europesays.com\/fr\/361459\/"},"modified":"2025-09-02T19:13:11","modified_gmt":"2025-09-02T19:13:11","slug":"enquete-apres-un-suicide-en-2024","status":"publish","type":"post","link":"https:\/\/www.europesays.com\/fr\/361459\/","title":{"rendered":"enqu\u00eate apr\u00e8s un suicide en 2024"},"content":{"rendered":"<p>                          <img loading=\"lazy\" decoding=\"async\" src=\"https:\/\/www.europesays.com\/fr\/wp-content\/uploads\/2025\/09\/de72192_ftp-import-images-1-zj05xar1hk66-5744528-01-06.jpg\" alt=\"L\u2019\u00e9tablissement catholique Saint-Stanislas de Nantes, le 29\u00a0ao\u00fbt 2025\"   width=\"664\" height=\"443\"\/>    L\u2019\u00e9tablissement catholique Saint-Stanislas de Nantes, le 29\u00a0ao\u00fbt 2025  LOIC VENANCE \/ AFP                          <\/p>\n<p class=\"article__paragraph  \">Une enqu\u00eate a \u00e9t\u00e9 ouverte apr\u00e8s le suicide d\u2019un quadrag\u00e9naire en 2024 ayant confi\u00e9 avoir \u00e9t\u00e9 victime de violences sexuelles dans l\u2019\u00e9tablissement catholique Saint-Stanislas de Nantes, a-t-on appris mardi 2 septembre aupr\u00e8s du parquet de la ville.<\/p>\n<p class=\"article__paragraph  \">\u00ab\u00a0Le parquet de Nantes a \u00e9t\u00e9 effectivement rendu destinataire d\u2019un courrier adress\u00e9 au directeur de l\u2019enseignement catholique de Nantes, qui me l\u2019a transmis, et \u00e9manant de la famille d\u2019un homme de 46 ans qui s\u2019est donn\u00e9 la mort\u00a0\u00bb en 2024, a d\u00e9clar\u00e9 Antoine Leroy, procureur de la R\u00e9publique de Nantes.<\/p>\n<p class=\"article__paragraph  \">Cet homme avait affirm\u00e9 avant son suicide avoir \u00ab\u00a0\u00e9t\u00e9 victime d\u2019infractions \u00e0 caract\u00e8re sexuel commises par un surveillant lorsqu\u2019il \u00e9tait interne au coll\u00e8ge Saint-Stanislas de Nantes\u00a0\u00bb, selon le magistrat, confirmant une information de Ouest-France.<\/p>\n<p class=\"article__paragraph  \">L\u2019enqu\u00eate a \u00e9t\u00e9 confi\u00e9e aux services du commissariat de police de Nantes. Vendredi, l\u2019enseignement catholique de Loire-Atlantique avait annonc\u00e9 avoir recueilli plusieurs t\u00e9moignages faisant \u00e9tat de violences sexuelles au sein de cet \u00e9tablissement entre les ann\u00e9es 1950 et 1990, cinq pr\u00eatres \u00e9tant mis en cause, aujourd\u2019hui d\u00e9c\u00e9d\u00e9s.<\/p>\n<p>                                       Lire aussi |  <a href=\"https:\/\/www.lemonde.fr\/societe\/article\/2025\/08\/29\/violences-sexuelles-dans-un-etablissement-catholique-a-nantes-10-victimes-5-pretres-mis-en-cause_6637413_3224.html\" class=\"js-article-read-also catcher--favoris__link\" data-premium=\"\" id=\"article-title-3435957\" rel=\"nofollow noopener\" target=\"_blank\">Violences sexuelles dans un \u00e9tablissement catholique \u00e0 Nantes\u00a0: dix\u00a0victimes, cinq\u00a0pr\u00eatres mis en cause<\/a>    <\/p>\n<p>   Lire plus tard  <\/p>\n<p class=\"article__paragraph  \">L\u2019\u00e9v\u00eaque de Nantes, Mgr Laurent Percerou, a lanc\u00e9 lors de la conf\u00e9rence de presse un appel \u00e0 t\u00e9moignages. \u00ab\u00a0En l\u2019\u00e9tat, le parquet de Nantes n\u2019a en revanche pas \u00e9t\u00e9 rendu destinataire d\u2019autres informations de m\u00eame nature concernant d\u2019autres familles, notamment depuis la conf\u00e9rence de presse\u00a0\u00bb de vendredi, a pr\u00e9cis\u00e9 le procureur.<\/p>\n<p class=\"author__detail\">  Le Monde avec AFP  <\/p>\n<p>                  <a href=\"https:\/\/www.lemonde.fr\/syndication\/\" class=\"reuse__content\" title=\"R\u00e9utiliser ce contenu\" target=\"_blank\" rel=\"nofollow noopener\">R\u00e9utiliser ce contenu<\/a>      <\/p>\n","protected":false},"excerpt":{"rendered":"L\u2019\u00e9tablissement catholique Saint-Stanislas de Nantes, le 29\u00a0ao\u00fbt 2025 LOIC VENANCE \/ AFP Une enqu\u00eate a \u00e9t\u00e9 ouverte apr\u00e8s&hellip;\n","protected":false},"author":2,"featured_media":361460,"comment_status":"","ping_status":"","sticky":false,"template":"","format":"standard","meta":{"footnotes":""},"categories":[2818],"tags":[1111,11,1777,674,1011,27,766,12,2636,25],"class_list":{"0":"post-361459","1":"post","2":"type-post","3":"status-publish","4":"format-standard","5":"has-post-thumbnail","7":"category-nantes","8":"tag-actu","9":"tag-actualites","10":"tag-eu","11":"tag-europe","12":"tag-fr","13":"tag-france","14":"tag-nantes","15":"tag-news","16":"tag-pays-de-la-loire","17":"tag-republique-francaise"},"share_on_mastodon":{"url":"https:\/\/pubeurope.com\/@fr\/115136299543573891","error":""},"_links":{"self":[{"href":"https:\/\/www.europesays.com\/fr\/wp-json\/wp\/v2\/posts\/361459","targetHints":{"allow":["GET"]}}],"collection":[{"href":"https:\/\/www.europesays.com\/fr\/wp-json\/wp\/v2\/posts"}],"about":[{"href":"https:\/\/www.europesays.com\/fr\/wp-json\/wp\/v2\/types\/post"}],"author":[{"embeddable":true,"href":"https:\/\/www.europesays.com\/fr\/wp-json\/wp\/v2\/users\/2"}],"replies":[{"embeddable":true,"href":"https:\/\/www.europesays.com\/fr\/wp-json\/wp\/v2\/comments?post=361459"}],"version-history":[{"count":0,"href":"https:\/\/www.europesays.com\/fr\/wp-json\/wp\/v2\/posts\/361459\/revisions"}],"wp:featuredmedia":[{"embeddable":true,"href":"https:\/\/www.europesays.com\/fr\/wp-json\/wp\/v2\/media\/361460"}],"wp:attachment":[{"href":"https:\/\/www.europesays.com\/fr\/wp-json\/wp\/v2\/media?parent=361459"}],"wp:term":[{"taxonomy":"category","embeddable":true,"href":"https:\/\/www.europesays.com\/fr\/wp-json\/wp\/v2\/categories?post=361459"},{"taxonomy":"post_tag","embeddable":true,"href":"https:\/\/www.europesays.com\/fr\/wp-json\/wp\/v2\/tags?post=361459"}],"curies":[{"name":"wp","href":"https:\/\/api.w.org\/{rel}","templated":true}]}}