{"id":361461,"date":"2025-09-02T19:14:10","date_gmt":"2025-09-02T19:14:10","guid":{"rendered":"https:\/\/www.europesays.com\/fr\/361461\/"},"modified":"2025-09-02T19:14:10","modified_gmt":"2025-09-02T19:14:10","slug":"enquete-apres-un-suicide-en-2024-2","status":"publish","type":"post","link":"https:\/\/www.europesays.com\/fr\/361461\/","title":{"rendered":"enqu\u00eate apr\u00e8s un suicide en\u00a02024"},"content":{"rendered":"<p class=\"authors latino-300b text-grey-600\">\n<p>  Par\u00a0<br \/>\nLe Nouvel Obs avec AFP<\/p>\n<p class=\"latino-300r text-grey-600 pe-10  border-end-lg\">\n<p>    Publi\u00e9 le\u00a02 septembre 2025 \u00e0 21h08\n  <\/p>\n<p>              Lecture\u00a0:\u00a01\u00a0min.<\/p>\n<p>      <img fetchpriority=\"high\" decoding=\"async\" class=\"mx-auto\" src=\"data:image\/svg+xml,%3Csvg%20xmlns%3D%27http%3A%2F%2Fwww.w3.org%2F2000%2Fsvg%27%20fill%3D%22%23e4e4e4%22%20viewBox%3D%270%200%20510%20340%27%20width%3D%22510%22%20height%3D%22340%22%3E%3Cpath%20d%3D%27M0%200h510v340H0z%27%2F%3E%3C%2Fsvg%3E\"  loading=\"eager\" width=\"510\" height=\"340\" data-oncrawl-image-size=\"510x340\" alt=\"L\u2019entr\u00e9e de l\u2019\u00e9tablissement catholique Saint-Stanislas \u00e0 Nantes, le 29\u00a0ao\u00fbt 2025. \"\/>      <\/p>\n<p class=\"latino-100m text-grey-600\">\n            L\u2019entr\u00e9e de l\u2019\u00e9tablissement catholique Saint-Stanislas \u00e0 Nantes, le 29\u00a0ao\u00fbt 2025. \u00a0LOIC VENANCE \/ AFP        <\/p>\n<p>        Lire\u00a0plus\u00a0tard      <\/p>\n<p><a aria-label=\"Nous suivre sur Google News\" href=\"https:\/\/news.google.com\/publications\/CAAqBwgKMJe4nQkw3dFs?hl=fr&amp;gl=FR&amp;ceid=FR%3Afr\" target=\"_blank\" data-piano=\"Page_Article,Sous_date_publi,Nous_suivre_sur_google_news,1er_clic,action\" class=\"btn btn--small btn--tertiary btn--icon-only\" rel=\"nofollow noopener\"><\/p>\n<p>      Google Actualit\u00e9s<br \/>\n  <\/a><\/p>\n<p>  Partager<\/p>\n<p>        Facebook<\/p>\n<p>        Bluesky<\/p>\n<p>        E-mail<\/p>\n<p>        Copier le lien<\/p>\n<p>      Envoyer<\/p>\n<p>      S\u2019abonner    <\/p>\n<p class=\"node__paragraphe antonia-750r text-grey-800 pb-24 pb-md-30\">\nUne enqu\u00eate a \u00e9t\u00e9 ouverte apr\u00e8s le suicide d\u2019un quadrag\u00e9naire en\u00a02024 ayant confi\u00e9 avoir \u00e9t\u00e9 victime de violences sexuelles dans <a href=\"https:\/\/www.nouvelobs.com\/societe\/20250829.OBS107149\/violences-sexuelles-au-college-lycee-saint-stanislas-a-nantes-10-victimes-et-5-pretres-mis-en-cause.html\" rel=\"nofollow noopener\" target=\"_blank\">l\u2019\u00e9tablissement catholique Saint-Stanislas de Nantes<\/a>, a-t-on appris ce mardi 2\u00a0septembre aupr\u00e8s du parquet de la ville.<\/p>\n<p class=\"node__paragraphe antonia-750r text-grey-800 pb-24 pb-md-30\">\n\u00ab\u00a0Le parquet de Nantes a \u00e9t\u00e9 effectivement rendu destinataire d\u2019un courrier adress\u00e9 au directeur de l\u2019enseignement catholique de Nantes, qui me l\u2019a transmis, et \u00e9manant de la famille d\u2019un homme de 46\u00a0ans qui s\u2019est donn\u00e9 la mort\u00a0\u00bb en\u00a02024, a indiqu\u00e9 Antoine Leroy, procureur de la R\u00e9publique de Nantes.<\/p>\n<p class=\"node__paragraphe antonia-750r text-grey-800 pb-24 pb-md-30\">\nCet homme avait indiqu\u00e9 avant son suicide avoir \u00ab\u00a0\u00e9t\u00e9 victime d\u2019infractions \u00e0 caract\u00e8re sexuel commises par un surveillant lorsqu\u2019il \u00e9tait interne au coll\u00e8ge Saint-Stanislas de Nantes\u00a0\u00bb, selon le magistrat, confirmant une information de \u00ab<a target=\"_blank\" href=\"https:\/\/www.ouest-france.fr\/faits-divers\/pedophilie\/abus-sexuels-au-college-saint-stanislas-le-parquet-de-nantes-ouvre-une-enquete-ae6b8832-8815-11f0-86eb-dac26b435301\" rel=\"noopener nofollow\">\u00a0Ouest-France<\/a>\u00a0\u00bb.<\/p>\n<p class=\"latino-500b text-grey-600 pb-16\">A lire aussi<\/p>\n<p><a href=\"https:\/\/www.nouvelobs.com\/societe\/20250702.OBS105537\/rapport-parlementaire-sur-les-violences-scolaires-le-silence-de-betharram-c-est-un-peu-la-faute-de-tout-le-monde-reagit-alain-esquerre-porte-parole-des-victimes.html\" data-article-key=\"20250702.OBS105537\" class=\"link--box flex-grow-1\" data-piano=\"Page_Article,Lire_aussi,,Lien1,navigation\" rel=\"nofollow noopener\" target=\"_blank\"><\/p>\n<p>                <img decoding=\"async\" src=\"data:image\/svg+xml,%3Csvg%20xmlns%3D%27http%3A%2F%2Fwww.w3.org%2F2000%2Fsvg%27%20fill%3D%22%23e4e4e4%22%20viewBox%3D%270%200%20120%2080%27%20width%3D%22120%22%20height%3D%2280%22%3E%3Cpath%20d%3D%27M0%200h120v80H0z%27%2F%3E%3C%2Fsvg%3E\"  width=\"120\" height=\"80\" loading=\"lazy\" alt=\"Alain Esquerre, lanceur d\u2019alerte et porte-parole du collectif de victimes de Betharram, devant l\u2019\u00e9tablissement catholique des Pyr\u00e9n\u00e9es-Atlantiques, le 28\u00a0mars 2025.\"\/><\/p>\n<p class=\"latino-300r latino-lg-600m text-grey-800\">\n                      <strong class=\"latino-300b latino-lg-600m text-grey-500\">Interview\u00a0<\/strong><br \/>\n                    Rapport parlementaire sur les violences scolaires\u00a0: \u00ab\u00a0le silence de B\u00e9tharram, c\u2019est un peu la faute de tout le monde\u00a0\u00bb, r\u00e9agit Alain Esquerre, porte-parole des victimes        <\/p>\n<p><\/a><\/p>\n<p class=\"node__paragraphe antonia-750r text-grey-800 pb-24 pb-md-30\">\nL\u2019enqu\u00eate a \u00e9t\u00e9 confi\u00e9e aux services du commissariat de police de Nantes.<\/p>\n<p>Plusieurs t\u00e9moignages de violences sexuelles<\/p>\n<p class=\"node__paragraphe antonia-750r text-grey-800 pb-24 pb-md-30\">\nVendredi, l\u2019enseignement catholique de Loire-Atlantique avait annonc\u00e9 avoir recueilli plusieurs t\u00e9moignages faisant \u00e9tat de violences sexuelles au sein de cet \u00e9tablissement entre les ann\u00e9es 1950 et 1990, cinq pr\u00eatres \u00e9tant mis en cause, aujourd\u2019hui d\u00e9c\u00e9d\u00e9s.<\/p>\n<p class=\"node__paragraphe antonia-750r text-grey-800 pb-24 pb-md-30\">\nL\u2019\u00e9v\u00eaque de Nantes, Mgr\u00a0Laurent Percerou, a lanc\u00e9 lors de la conf\u00e9rence de presse un appel \u00e0 t\u00e9moignages.<\/p>\n<p class=\"latino-500b text-grey-600 pb-16\">A lire aussi<\/p>\n<p><a href=\"https:\/\/www.nouvelobs.com\/societe\/20250701.OBS105481\/rapport-betharram-dans-l-enseignement-catholique-le-chatiment-corporel-a-longtemps-ete-un-principe-educatif-dans-le-public-il-releve-de-l-acte-individuel.html\" data-article-key=\"20250701.OBS105481\" class=\"link--box flex-grow-1\" data-piano=\"Page_Article,Lire_aussi,,Lien2,navigation\" rel=\"nofollow noopener\" target=\"_blank\"><\/p>\n<p>                <img decoding=\"async\" src=\"data:image\/svg+xml,%3Csvg%20xmlns%3D%27http%3A%2F%2Fwww.w3.org%2F2000%2Fsvg%27%20fill%3D%22%23e4e4e4%22%20viewBox%3D%270%200%20120%2080%27%20width%3D%22120%22%20height%3D%2280%22%3E%3Cpath%20d%3D%27M0%200h120v80H0z%27%2F%3E%3C%2Fsvg%3E\"  width=\"120\" height=\"80\" loading=\"lazy\" alt=\"Illustration du d\u00e9but du XIX\u1d49 si\u00e8cle titr\u00e9e \u00ab\u00a0Un professeur m\u00e9chant bat ses \u00e9l\u00e8ves dans l\u2019\u00e9cole du village\u00a0\u00bb.\"\/><\/p>\n<p class=\"latino-300r latino-lg-600m text-grey-800\">\n                      <strong class=\"latino-300b latino-lg-600m text-grey-500\">Interview\u00a0<\/strong><br \/>\n                    Rapport B\u00e9tharram\u00a0: \u00ab\u00a0Dans l\u2019enseignement catholique, le ch\u00e2timent corporel a longtemps \u00e9t\u00e9 un principe \u00e9ducatif. Dans le public, il rel\u00e8ve de l\u2019acte individuel\u00a0\u00bb        <\/p>\n<p><\/a><\/p>\n<p class=\"node__paragraphe antonia-750r text-grey-800 pb-24 pb-md-30\">\n\u00ab\u00a0En l\u2019\u00e9tat, le parquet de Nantes n\u2019a en revanche pas \u00e9t\u00e9 rendu destinataire d\u2019autres informations de m\u00eame nature concernant d\u2019autres familles, notamment depuis la conf\u00e9rence de presse\u00a0\u00bb de vendredi, a pr\u00e9cis\u00e9 le procureur.<\/p>\n<p class=\"authors latino-600m text-grey-800\">\n<p>  Par\u00a0<br \/>\nLe Nouvel Obs avec AFP<\/p>\n","protected":false},"excerpt":{"rendered":"Par\u00a0 Le Nouvel Obs avec AFP Publi\u00e9 le\u00a02 septembre 2025 \u00e0 21h08 Lecture\u00a0:\u00a01\u00a0min. L\u2019entr\u00e9e de l\u2019\u00e9tablissement catholique Saint-Stanislas&hellip;\n","protected":false},"author":2,"featured_media":361462,"comment_status":"","ping_status":"","sticky":false,"template":"","format":"standard","meta":{"footnotes":""},"categories":[2818],"tags":[17,1111,11,48604,1067,48980,1777,674,1011,27,303,766,12,2636,25,19039,104,2949,304],"class_list":{"0":"post-361461","1":"post","2":"type-post","3":"status-publish","4":"format-standard","5":"has-post-thumbnail","7":"category-nantes","8":"tag-17","9":"tag-actu","10":"tag-actualites","11":"tag-catholique","12":"tag-enquete","13":"tag-etablissement","14":"tag-eu","15":"tag-europe","16":"tag-fr","17":"tag-france","18":"tag-justice","19":"tag-nantes","20":"tag-news","21":"tag-pays-de-la-loire","22":"tag-republique-francaise","23":"tag-sexuelles","24":"tag-societe","25":"tag-violences","26":"tag-violences-sexistes-et-sexuelles"},"share_on_mastodon":{"url":"https:\/\/pubeurope.com\/@fr\/115136303312544406","error":""},"_links":{"self":[{"href":"https:\/\/www.europesays.com\/fr\/wp-json\/wp\/v2\/posts\/361461","targetHints":{"allow":["GET"]}}],"collection":[{"href":"https:\/\/www.europesays.com\/fr\/wp-json\/wp\/v2\/posts"}],"about":[{"href":"https:\/\/www.europesays.com\/fr\/wp-json\/wp\/v2\/types\/post"}],"author":[{"embeddable":true,"href":"https:\/\/www.europesays.com\/fr\/wp-json\/wp\/v2\/users\/2"}],"replies":[{"embeddable":true,"href":"https:\/\/www.europesays.com\/fr\/wp-json\/wp\/v2\/comments?post=361461"}],"version-history":[{"count":0,"href":"https:\/\/www.europesays.com\/fr\/wp-json\/wp\/v2\/posts\/361461\/revisions"}],"wp:featuredmedia":[{"embeddable":true,"href":"https:\/\/www.europesays.com\/fr\/wp-json\/wp\/v2\/media\/361462"}],"wp:attachment":[{"href":"https:\/\/www.europesays.com\/fr\/wp-json\/wp\/v2\/media?parent=361461"}],"wp:term":[{"taxonomy":"category","embeddable":true,"href":"https:\/\/www.europesays.com\/fr\/wp-json\/wp\/v2\/categories?post=361461"},{"taxonomy":"post_tag","embeddable":true,"href":"https:\/\/www.europesays.com\/fr\/wp-json\/wp\/v2\/tags?post=361461"}],"curies":[{"name":"wp","href":"https:\/\/api.w.org\/{rel}","templated":true}]}}