{"id":361465,"date":"2025-09-02T19:16:20","date_gmt":"2025-09-02T19:16:20","guid":{"rendered":"https:\/\/www.europesays.com\/fr\/361465\/"},"modified":"2025-09-02T19:16:20","modified_gmt":"2025-09-02T19:16:20","slug":"boxers-de-bordeaux-le-quebecois-william-pelletier-nouvelle-recrue-a-laile","status":"publish","type":"post","link":"https:\/\/www.europesays.com\/fr\/361465\/","title":{"rendered":"Boxers de Bordeaux : le qu\u00e9becois William Pelletier nouvelle recrue \u00e0 l&rsquo;aile."},"content":{"rendered":"<p class=\"PopSlotParagraph qg-tx2 qg-xtra-lh svelte-1r0pyek\">C&rsquo;est avant tout un choix familial qui a pouss\u00e9 William Pelletier \u00e0 choisir\u00a0<a href=\"https:\/\/www.hockey-boxers-de-bordeaux.fr\/\" target=\"_blank\" rel=\"noopener noreferrer nofollow\" class=\"\" data-testid=\"link\">les Boxers de Bordeaux<\/a>\u00a0: \u00ab\u00a0au Danemark, nos enfants ne pouvaient pas parler avec les autres en raison de la barri\u00e8re de la langue, le choix de la France c&rsquo;est impos\u00e9. Ensuite Bordeaux parce que je connais quelques joueurs notamment Maxim Lamarche\u00a0\u00bb explique le nouvel ailier bordelais qui arrive du club danois de\u00a0<a href=\"https:\/\/fr.wikipedia.org\/wiki\/S%C3%B8nderjyskE_Ishockey\" target=\"_blank\" rel=\"noopener noreferrer nofollow\" class=\"\" data-testid=\"link\">S\u00f8nderjyskE Ishockey<\/a>. S&rsquo;il avoue volontiers ne pas tr\u00e8s bien connaitre le championnat de France et les 12 \u00e9quipes qui le composent, William Pelletier arrive\u00a0une \u00e9norme \u00e9nergie et l&rsquo;envie d&rsquo;amener Bordeaux a la conqu\u00eate de la\u00a0<a href=\"https:\/\/liguemagnus.com\/\" target=\"_blank\" rel=\"noopener noreferrer nofollow\" class=\"\" data-testid=\"link\">Synerglace Ligue Magnus.<\/a><\/p>\n<p class=\"Audio-title qg-st5 svelte-n0q4ie\">William Pelletier impressionn\u00e9 par ses premi\u00e8res ballades dans Bordeaux<\/p>\n<p class=\"Audio-duration qg-tx3 svelte-n0q4ie\">7 min<\/p>\n<p class=\"PopSlotParagraph qg-tx2 qg-xtra-lh svelte-1r0pyek\">Une comp\u00e9tition qui d\u00e9bute par un d\u00e9placement difficile chez les champions en titre le 12 septembre, Grenoble, avant de recevoir pour un\u00a0<a href=\"https:\/\/boxers-de-bordeaux.billetterie-club.fr\/matchs\/942\" target=\"_blank\" rel=\"noopener noreferrer nofollow\" class=\"\" data-testid=\"link\">premier match officiel \u00e0 domicile Rouen, le 16 septembre<\/a>. D&rsquo;ici l\u00e0, les hommes de Stephan Tartari termineront leur pr\u00e9paration\u00a0<a href=\"https:\/\/boxers-de-bordeaux.billetterie-club.fr\/home\" target=\"_blank\" rel=\"noopener noreferrer nofollow\" class=\"\" data-testid=\"link\">le 5 septembre \u00e0 la patinoire contre Angers<\/a>.<\/p>\n","protected":false},"excerpt":{"rendered":"C&rsquo;est avant tout un choix familial qui a pouss\u00e9 William Pelletier \u00e0 choisir\u00a0les Boxers de Bordeaux\u00a0: \u00ab\u00a0au Danemark,&hellip;\n","protected":false},"author":2,"featured_media":361466,"comment_status":"","ping_status":"","sticky":false,"template":"","format":"standard","meta":{"footnotes":""},"categories":[2817],"tags":[1111,11,1997,1777,674,1011,27,12,2219,25],"class_list":{"0":"post-361465","1":"post","2":"type-post","3":"status-publish","4":"format-standard","5":"has-post-thumbnail","7":"category-bordeaux","8":"tag-actu","9":"tag-actualites","10":"tag-bordeaux","11":"tag-eu","12":"tag-europe","13":"tag-fr","14":"tag-france","15":"tag-news","16":"tag-nouvelle-aquitaine","17":"tag-republique-francaise"},"share_on_mastodon":{"url":"https:\/\/pubeurope.com\/@fr\/115136311127022129","error":""},"_links":{"self":[{"href":"https:\/\/www.europesays.com\/fr\/wp-json\/wp\/v2\/posts\/361465","targetHints":{"allow":["GET"]}}],"collection":[{"href":"https:\/\/www.europesays.com\/fr\/wp-json\/wp\/v2\/posts"}],"about":[{"href":"https:\/\/www.europesays.com\/fr\/wp-json\/wp\/v2\/types\/post"}],"author":[{"embeddable":true,"href":"https:\/\/www.europesays.com\/fr\/wp-json\/wp\/v2\/users\/2"}],"replies":[{"embeddable":true,"href":"https:\/\/www.europesays.com\/fr\/wp-json\/wp\/v2\/comments?post=361465"}],"version-history":[{"count":0,"href":"https:\/\/www.europesays.com\/fr\/wp-json\/wp\/v2\/posts\/361465\/revisions"}],"wp:featuredmedia":[{"embeddable":true,"href":"https:\/\/www.europesays.com\/fr\/wp-json\/wp\/v2\/media\/361466"}],"wp:attachment":[{"href":"https:\/\/www.europesays.com\/fr\/wp-json\/wp\/v2\/media?parent=361465"}],"wp:term":[{"taxonomy":"category","embeddable":true,"href":"https:\/\/www.europesays.com\/fr\/wp-json\/wp\/v2\/categories?post=361465"},{"taxonomy":"post_tag","embeddable":true,"href":"https:\/\/www.europesays.com\/fr\/wp-json\/wp\/v2\/tags?post=361465"}],"curies":[{"name":"wp","href":"https:\/\/api.w.org\/{rel}","templated":true}]}}