{"id":361469,"date":"2025-09-02T19:18:13","date_gmt":"2025-09-02T19:18:13","guid":{"rendered":"https:\/\/www.europesays.com\/fr\/361469\/"},"modified":"2025-09-02T19:18:13","modified_gmt":"2025-09-02T19:18:13","slug":"week-end-dintegration-du-creps-occitanie-toulouse-le-departement-a-accueilli-160-etudiants-sur-son-site-de-sports-de-nature-a-masseube","status":"publish","type":"post","link":"https:\/\/www.europesays.com\/fr\/361469\/","title":{"rendered":"Week-end d\u2019int\u00e9gration du CREPS Occitanie Toulouse : le D\u00e9partement a accueilli 160 \u00e9tudiants sur son site de sports de nature \u00e0 Masseube"},"content":{"rendered":"<p>    <img decoding=\"async\" src=\"https:\/\/www.europesays.com\/fr\/wp-content\/uploads\/2025\/09\/68b6db69c17727.53644456.jpg\" style=\"width: 100%;\" class=\"img-responsive m-b-5 m-t-20\" \/><br \/>\n    <\/p>\n<p>                     02 septembre 2025 &#8211;             162 vues<\/p>\n<p align=\"JUSTIFY\">Les 29 et 30 ao\u00fbt, le Conseil d\u00e9partemental du Gers et son p\u00f4le \u00ab sports de nature \u00bb ont accueilli \u00e0 Masseube, en lien avec la commune, pr\u00e8s de 160 jeunes sportifs de haut niveau du CREPS Occitanie Toulouse, accompagn\u00e9s de leurs encadrants, pour un week-end d\u2019int\u00e9gration in\u00e9dit plac\u00e9 sous le signe des sports de nature et de la d\u00e9couverte du territoire gersois. C\u2019\u00e9tait la premi\u00e8re fois que le CREPS de Toulouse organisait un tel temps fort hors de son site principal.<\/p>\n<p align=\"JUSTIFY\">Le choix du Gers ne devait rien au hasard : il s\u2019inscrivait dans la dynamique engag\u00e9e par le D\u00e9partement en faveur des sports de nature et dans le cadre du partenariat conclu entre le Conseil d\u00e9partemental du Gers et le CREPS de Toulouse, d\u00e9j\u00e0 concr\u00e9tis\u00e9 par l\u2019ouverture, en f\u00e9vrier dernier, d\u2019une premi\u00e8re antenne d\u00e9localis\u00e9e au centre Oxygers d\u2019Arreau.<\/p>\n<p align=\"JUSTIFY\">Le temps d\u2019un week-end, ces jeunes sportifs, \u00e2g\u00e9s de 14 \u00e0 17 ans, ont d\u00e9couvert la richesse des sports de pleine nature que propose le territoire gersois : cano\u00eb-kayak, tir \u00e0 l\u2019arc, course d\u2019orientation, VTT, golf ou encore une visite du sentier pal\u00e9ontologique de Sansan. R\u00e9parties entre Masseube, Saint-Blancard, Sansan, Mirande, Berdoues et Simorre, les activit\u00e9s ont \u00e9t\u00e9 encadr\u00e9es par des associations locales et des comit\u00e9s d\u00e9partementaux, mobilis\u00e9s par le D\u00e9partement avec l\u2019appui des communes et des offices de tourisme.<\/p>\n<p align=\"JUSTIFY\">Cet \u00e9v\u00e9nement a illustr\u00e9 pleinement la politique ambitieuse conduite par le D\u00e9partement du Gers en mati\u00e8re de sports de nature. En lien avec la commune de Masseube et le territoire de l\u2019Astarac, le futur Centre D\u00e9partemental des Sports de Nature constitue un projet structurant, porteur de retomb\u00e9es sportives, touristiques et \u00e9conomiques. Le partenariat avec le CREPS s\u2019inscrit dans cette volont\u00e9 : faire du Gers un territoire de formation et d\u2019exp\u00e9rimentation, tout en attirant de nouveaux publics \u2013 jeunes, clubs, habitants et visiteurs \u2013 vers la pratique des sports de nature.<\/p>\n<p align=\"JUSTIFY\"><b>Le Mot du Pr\u00e9sident<\/b><\/p>\n<p align=\"JUSTIFY\">\u00ab Apr\u00e8s le succ\u00e8s des animations estivales Un \u00e9t\u00e9 \u00e0 Masseube et avec la perspective du futur centre d\u00e9partemental, ce week-end d\u2019int\u00e9gration est venu confirmer le r\u00f4le du Gers comme terre d\u2019accueil et de sport. Il a aussi t\u00e9moign\u00e9 de la confiance d\u2019une institution nationale de r\u00e9f\u00e9rence comme le CREPS, qui trouve dans le D\u00e9partement du Gers un partenaire solide et innovant. \u00bb<br \/>Philippe Dupouy, Pr\u00e9sident du Conseil d\u00e9partemental du Gers<\/p>\n","protected":false},"excerpt":{"rendered":"02 septembre 2025 &#8211; 162 vues Les 29 et 30 ao\u00fbt, le Conseil d\u00e9partemental du Gers et son&hellip;\n","protected":false},"author":2,"featured_media":361470,"comment_status":"","ping_status":"","sticky":false,"template":"","format":"standard","meta":{"footnotes":""},"categories":[2816],"tags":[1111,11,1777,674,1011,27,11328,8838,12,2680,25,2312],"class_list":{"0":"post-361469","1":"post","2":"type-post","3":"status-publish","4":"format-standard","5":"has-post-thumbnail","7":"category-toulouse","8":"tag-actu","9":"tag-actualites","10":"tag-eu","11":"tag-europe","12":"tag-fr","13":"tag-france","14":"tag-gers","15":"tag-lot-et-garonne","16":"tag-news","17":"tag-occitanie","18":"tag-republique-francaise","19":"tag-toulouse"},"share_on_mastodon":{"url":"https:\/\/pubeurope.com\/@fr\/115136318858809124","error":""},"_links":{"self":[{"href":"https:\/\/www.europesays.com\/fr\/wp-json\/wp\/v2\/posts\/361469","targetHints":{"allow":["GET"]}}],"collection":[{"href":"https:\/\/www.europesays.com\/fr\/wp-json\/wp\/v2\/posts"}],"about":[{"href":"https:\/\/www.europesays.com\/fr\/wp-json\/wp\/v2\/types\/post"}],"author":[{"embeddable":true,"href":"https:\/\/www.europesays.com\/fr\/wp-json\/wp\/v2\/users\/2"}],"replies":[{"embeddable":true,"href":"https:\/\/www.europesays.com\/fr\/wp-json\/wp\/v2\/comments?post=361469"}],"version-history":[{"count":0,"href":"https:\/\/www.europesays.com\/fr\/wp-json\/wp\/v2\/posts\/361469\/revisions"}],"wp:featuredmedia":[{"embeddable":true,"href":"https:\/\/www.europesays.com\/fr\/wp-json\/wp\/v2\/media\/361470"}],"wp:attachment":[{"href":"https:\/\/www.europesays.com\/fr\/wp-json\/wp\/v2\/media?parent=361469"}],"wp:term":[{"taxonomy":"category","embeddable":true,"href":"https:\/\/www.europesays.com\/fr\/wp-json\/wp\/v2\/categories?post=361469"},{"taxonomy":"post_tag","embeddable":true,"href":"https:\/\/www.europesays.com\/fr\/wp-json\/wp\/v2\/tags?post=361469"}],"curies":[{"name":"wp","href":"https:\/\/api.w.org\/{rel}","templated":true}]}}