{"id":361471,"date":"2025-09-02T19:20:28","date_gmt":"2025-09-02T19:20:28","guid":{"rendered":"https:\/\/www.europesays.com\/fr\/361471\/"},"modified":"2025-09-02T19:20:28","modified_gmt":"2025-09-02T19:20:28","slug":"braderie-de-lille-2025-programme-des-loisirs-animations","status":"publish","type":"post","link":"https:\/\/www.europesays.com\/fr\/361471\/","title":{"rendered":"Braderie de Lille 2025 : Programme des Loisirs &#038; Animations"},"content":{"rendered":"<p class=\"has-text-align-center\"><strong>Zoom Sur Lille vous propose une s\u00e9lection de loisirs et d\u2019animations <\/strong><\/p>\n<p class=\"has-text-align-center\"><strong>\u00e0 l\u2019occasion de la Braderie de Lille 2025<\/strong><\/p>\n<p class=\"has-text-align-center\">Oyamba \u2013 Percussions Br\u00e9siliennes<\/p>\n<p><img loading=\"lazy\" decoding=\"async\" width=\"1024\" height=\"683\" src=\"https:\/\/www.europesays.com\/fr\/wp-content\/uploads\/2025\/09\/gd_dates_2020_musique-1024x683.jpg\" alt=\"\" class=\"wp-image-41593\" style=\"width:513px;height:342px\"  \/><\/p>\n<p style=\"text-align: justify;\">Les <strong>percussionnistes<\/strong> d\u2019<strong>Oyamba <\/strong>seront pr\u00e9sents<strong> place de la R\u00e9publique <\/strong>le <strong>samedi 06 septembre 2025 <\/strong>de<strong> 14h \u00e0 15h30<\/strong><\/p>\n<p class=\"has-text-align-center\">Capanga \u2013 Percussions Br\u00e9siliennes<\/p>\n<p><img loading=\"lazy\" decoding=\"async\" width=\"1024\" height=\"768\" src=\"https:\/\/www.europesays.com\/fr\/wp-content\/uploads\/2025\/09\/braderie_capanga-1024x768.jpg\" alt=\"\" class=\"wp-image-79090\" style=\"aspect-ratio:1.3333333333333333;width:510px\"  \/><\/p>\n<p style=\"text-align: justify;\">Les <strong>percussionnistes<\/strong> de <strong>Capanga <\/strong>seront pr\u00e9sents sur la<strong> Grand\u2019Place <\/strong>le <strong>samedi 06 septembre 2025<\/strong> <strong>de 17h \u00e0 19h.<\/strong><\/p>\n<p class=\"has-text-align-center\">Exposition \u00ab M\u00f4m\u2019art \u00bb \u2013 Gare Saint Sauveur \u2013 12h \u00e0 19h<\/p>\n<p><img decoding=\"async\" loading=\"lazy\" width=\"1024\" height=\"683\" src=\"https:\/\/www.europesays.com\/fr\/wp-content\/uploads\/2025\/09\/braderie_lille_2025_mom_art-1024x683.jpg\" alt=\"\" class=\"wp-image-86488\" style=\"aspect-ratio:1.499267935578331;width:500px\"  \/><\/p>\n<p>Les <strong>enfants<\/strong> et les <strong>jeunes<\/strong> <strong>accompagn\u00e9s d\u2019intervenants artistiques,<\/strong> <strong>d\u2019artistes<\/strong> et<strong> d\u2019auteurs de renom,<\/strong> <strong>peignent, dessinent, pr\u00e9parent des spectacles<\/strong> et des <strong>concerts\u2026<\/strong><\/p>\n<p><b><strong><img decoding=\"async\" loading=\"lazy\" width=\"9\" height=\"9\" class=\"size-full wp-image-45 tie-appear\" src=\"https:\/\/www.europesays.com\/fr\/wp-content\/uploads\/2025\/09\/arrow.png\" alt=\"\"\/><\/strong><\/b> <strong>Gare Saint Sauveur<\/strong><br \/>17, boulevard Jean-Baptiste Lebas \u2013 Lille<br \/><b><strong><img decoding=\"async\" loading=\"lazy\" width=\"9\" height=\"9\" class=\"size-full wp-image-45 tie-appear\" src=\"https:\/\/www.europesays.com\/fr\/wp-content\/uploads\/2025\/09\/arrow.png\" alt=\"\"\/><\/strong><\/b><strong> Gratuit<\/strong><\/p>\n<p class=\"has-text-align-center\">Expo \u00ab Fuego y Veneno \u00bb \u2013 Maison Folie Moulins -14h \u00e0 19h<\/p>\n<p><img decoding=\"async\" loading=\"lazy\" width=\"1024\" height=\"683\" src=\"https:\/\/www.europesays.com\/fr\/wp-content\/uploads\/2025\/09\/art_fiesta_fuego_y_veneno_02-1024x683.jpg\" alt=\"\" class=\"wp-image-86291\" style=\"aspect-ratio:1.499267935578331;object-fit:cover;width:500px\"  \/><\/p>\n<p><strong>L\u2019exposition<\/strong> <strong>de l\u2019artiste<\/strong> <strong>Pilar Albarrac\u00edn<\/strong> dans laquelle, elle aborde avec<strong> humour l\u2019h\u00e9ritage culturel,<\/strong> le <strong>rituel<\/strong> et les <strong>st\u00e9r\u00e9otypes.<\/strong><\/p>\n<p><b><strong><img decoding=\"async\" loading=\"lazy\" class=\"size-full wp-image-45 tie-appear\" src=\"https:\/\/www.europesays.com\/fr\/wp-content\/uploads\/2025\/09\/arrow.png\" alt=\"\" width=\"9\" height=\"9\"\/><\/strong><\/b> <strong>Maison Folie Moulins<\/strong><br \/>47, rue d\u2019Arras \u2013 Lille<br \/><b><strong><img decoding=\"async\" loading=\"lazy\" class=\"size-full wp-image-45 tie-appear\" src=\"https:\/\/www.europesays.com\/fr\/wp-content\/uploads\/2025\/09\/arrow.png\" alt=\"\" width=\"9\" height=\"9\"\/><\/strong><\/b><strong> Gratuit<br \/><b><img decoding=\"async\" loading=\"lazy\" class=\"size-full wp-image-45 tie-appear\" src=\"https:\/\/www.europesays.com\/fr\/wp-content\/uploads\/2025\/09\/arrow.png\" alt=\"\" width=\"9\" height=\"9\"\/><\/b> <\/strong><a href=\"https:\/\/www.zoomsurlille.fr\/actualites\/lille3000-fiesta-exposition-fuego-y-veneno-de-pilar-albarracin-a-la-maison-folie-moulins-jusquau-09-novembre-2025\" target=\"_blank\" rel=\"noopener nofollow\">Notre article sur l\u2019exposition<\/a><\/p>\n<p class=\"has-text-align-center\">Exposition \u00ab Baile Funk, un cri de libert\u00e9 \u00bb \u2013 Maison Folie Wazemmes \u2013 14h \u00e0 18h<\/p>\n<p><img decoding=\"async\" loading=\"lazy\" width=\"1024\" height=\"683\" src=\"https:\/\/www.europesays.com\/fr\/wp-content\/uploads\/2025\/09\/art_baile_funk_01-1024x683.jpg\" alt=\"\" class=\"wp-image-86316\" style=\"aspect-ratio:1.499267935578331;width:500px\"  \/><\/p>\n<p>Cette <strong>exposition phare du Museu de Arte de Rio<\/strong> met en lumi\u00e8re<strong> l\u2019histoire du funk<\/strong> en explorant ses <strong>sonorit\u00e9s,<\/strong> ses<strong> compositeurs<\/strong> et son <strong>\u00e9volution perp\u00e9tuelle.<\/strong><\/p>\n<p><b><strong><img decoding=\"async\" loading=\"lazy\" class=\"size-full wp-image-45 tie-appear\" src=\"https:\/\/www.europesays.com\/fr\/wp-content\/uploads\/2025\/09\/arrow.png\" alt=\"\" width=\"9\" height=\"9\"\/><\/strong><\/b> <strong>Maison Folie Wazemmes<\/strong><br \/>70, rue des Sarrazins \u2013 Lille<br \/><b><strong><img decoding=\"async\" loading=\"lazy\" class=\"size-full wp-image-45 tie-appear\" src=\"https:\/\/www.europesays.com\/fr\/wp-content\/uploads\/2025\/09\/arrow.png\" alt=\"\" width=\"9\" height=\"9\"\/><\/strong><\/b><strong> Gratuit<br \/><b><img decoding=\"async\" loading=\"lazy\" class=\"size-full wp-image-45 tie-appear\" src=\"https:\/\/www.europesays.com\/fr\/wp-content\/uploads\/2025\/09\/arrow.png\" alt=\"\" width=\"9\" height=\"9\"\/><\/b> <\/strong><a href=\"https:\/\/www.zoomsurlille.fr\/actualites\/lille3000-fiesta-exposition-baile-funk-un-cri-de-liberte-a-la-maison-folie-wazemmes-jusquau-21-septembre-2025\" target=\"_blank\" rel=\"noopener nofollow\">Notre article sur l\u2019exposition<\/a><\/p>\n<p class=\"has-text-align-center\">Exposition \u00ab \u00c9clats en \u00c9chos \u00bb \u2013 Palais des Beaux-Arts \u2013 10h \u00e0 18h<\/p>\n<p><img decoding=\"async\" loading=\"lazy\" width=\"1024\" height=\"683\" src=\"https:\/\/www.europesays.com\/fr\/wp-content\/uploads\/2025\/05\/art_fiesta_pba_01-1024x683.jpg\" alt=\"\" class=\"wp-image-84617\" style=\"aspect-ratio:1.499267935578331;width:500px\"  \/><\/p>\n<p>Venez d\u00e9couvrir les <strong>3 \u0153uvres in\u00e9dite<\/strong>s de <strong>Felice Varini,<\/strong> <strong>sp\u00e9cialement cr\u00e9\u00e9es pour le mus\u00e9e. Depuis un point de vue pr\u00e9cis,<\/strong> les <strong>formes apparaissent<\/strong> comme <strong>une image parfaite <\/strong>qui <strong>se r\u00e9v\u00e8le au regard.<\/strong><\/p>\n<p><b><strong><img decoding=\"async\" loading=\"lazy\" class=\"size-full wp-image-45 tie-appear\" src=\"https:\/\/www.europesays.com\/fr\/wp-content\/uploads\/2025\/09\/arrow.png\" alt=\"\" width=\"9\" height=\"9\"\/><\/strong><\/b> <strong>Palais des Beaux-Arts de Lille<\/strong><br \/>Place de la R\u00e9publique \u2013 Lille<br \/><b><strong><img decoding=\"async\" loading=\"lazy\" class=\"size-full wp-image-45 tie-appear\" src=\"https:\/\/www.europesays.com\/fr\/wp-content\/uploads\/2025\/09\/arrow.png\" alt=\"\" width=\"9\" height=\"9\"\/><\/strong><\/b><strong> Gratuit<br \/><b><img decoding=\"async\" loading=\"lazy\" class=\"size-full wp-image-45 tie-appear\" src=\"https:\/\/www.europesays.com\/fr\/wp-content\/uploads\/2025\/09\/arrow.png\" alt=\"\" width=\"9\" height=\"9\"\/><\/b> <\/strong><a href=\"https:\/\/www.zoomsurlille.fr\/actualites\/lille3000-fiesta-eclats-en-echos-de-felice-varini-au-palais-des-beaux-arts-de-lille-jusquau-09-novembre-2025\" target=\"_blank\" rel=\"noopener nofollow\">Notre article sur l\u2019exposition<\/a><\/p>\n<p class=\"has-text-align-center\">Exposition \u00ab Pom Pom Pidou \u00bb \u2013 TriPostal \u2013 12h \u00e0 18h<\/p>\n<p><img decoding=\"async\" loading=\"lazy\" width=\"1024\" height=\"683\" src=\"https:\/\/www.europesays.com\/fr\/wp-content\/uploads\/2025\/09\/art_lille3000_fiesta_pompompidou_01-1024x683.jpg\" alt=\"\" class=\"wp-image-85052\" style=\"aspect-ratio:1.499267935578331;object-fit:cover;width:500px\"  \/><\/p>\n<p><strong>S\u2019appuyant sur la collection<\/strong> du <strong>Centre Pompidou,<\/strong> elle vient <strong>d\u00e9rouler un r\u00e9cit renversant de l\u2019art moderne.<\/strong><\/p>\n<p><b><strong><img decoding=\"async\" loading=\"lazy\" class=\"size-full wp-image-45 tie-appear\" src=\"https:\/\/www.europesays.com\/fr\/wp-content\/uploads\/2025\/09\/arrow.png\" alt=\"\" width=\"9\" height=\"9\"\/><\/strong><\/b> <strong>TriPostal<\/strong><br \/>22, avenue Willy Brandt \u2013 Lille<br \/><b><strong><img decoding=\"async\" loading=\"lazy\" class=\"size-full wp-image-45 tie-appear\" src=\"https:\/\/www.europesays.com\/fr\/wp-content\/uploads\/2025\/09\/arrow.png\" alt=\"\" width=\"9\" height=\"9\"\/><\/strong><\/b>Tarif plein :<strong> 12\u20ac <\/strong>\/ Tarif r\u00e9duit :<strong> 8\u20ac <br \/><b><img decoding=\"async\" loading=\"lazy\" class=\"size-full wp-image-45 tie-appear\" src=\"https:\/\/www.europesays.com\/fr\/wp-content\/uploads\/2025\/09\/arrow.png\" alt=\"\" width=\"9\" height=\"9\"\/><\/b><\/strong> <a href=\"https:\/\/www.zoomsurlille.fr\/actualites\/lille3000-fiesta-exposition-pom-pom-pidou-au-tripostal-de-lille-jusquau-09-novembre-2025\" target=\"_blank\" rel=\"noopener nofollow\">Notre article sur l\u2019exposition<\/a><\/p>\n<p class=\"has-text-align-center\">Foire aux Man\u00e8ges de Lille<\/p>\n<p><img decoding=\"async\" loading=\"lazy\" width=\"1024\" height=\"678\" src=\"https:\/\/www.europesays.com\/fr\/wp-content\/uploads\/2025\/09\/foire_maneges_ete_2019_14-1024x678.jpg\" alt=\"\" class=\"wp-image-85760\" style=\"aspect-ratio:1.5103244837758112;width:500px\"  \/><\/p>\n<p style=\"text-align: justify;\"><strong><strong>Vendredi, Samedi &amp; Dimanche<\/strong><\/strong><br \/>La <strong>Foire aux Man\u00e8ges de Lille<\/strong> est pr\u00e9sente sur le<strong> Champ de Mars<\/strong> avec <strong>plus de 180 attractions,<\/strong> <strong>boutiques, loteries, confiseries, buvettes<\/strong> et son <strong>unique restaurant \u00ab Steak House \u00bb. <\/strong>A noter que c\u2019est la<strong> Troisi\u00e8me f\u00eate foraine de France.<\/strong><\/p>\n<p><strong>Braderie de Lille 2025 \u2013 Horaires d\u2019ouvertures de la Foire aux Man\u00e8ges<\/strong><\/p>\n<p><img decoding=\"async\" loading=\"lazy\" width=\"9\" height=\"9\" src=\"https:\/\/www.europesays.com\/fr\/wp-content\/uploads\/2025\/04\/1744100656_185_arrow.png\" alt=\"\"\/> Vendredi 05 septembre 2025 : 16h \u00e0 2h (certains forains ouvrent \u00e0 14h)*<\/p>\n<p><img decoding=\"async\" loading=\"lazy\" width=\"9\" height=\"9\" src=\"https:\/\/www.europesays.com\/fr\/wp-content\/uploads\/2025\/04\/1744100656_185_arrow.png\" alt=\"\"\/> Samedi 06 septembre 2025 : 14h \u00e0 2h*<\/p>\n<p><img decoding=\"async\" loading=\"lazy\" width=\"9\" height=\"9\" src=\"https:\/\/www.europesays.com\/fr\/wp-content\/uploads\/2025\/04\/1744100656_185_arrow.png\" alt=\"\"\/> Dimanche 07 septembre 2025 : 14h \u00e0 23h*<\/p>\n<p>* L\u2019ouverture des attractions peut varier en fonction des conditions m\u00e9t\u00e9orologiques (fortes pluies, grand vent\u2026).<\/p>\n<p><img decoding=\"async\" loading=\"lazy\" width=\"9\" height=\"9\" src=\"https:\/\/www.europesays.com\/fr\/wp-content\/uploads\/2025\/04\/arrow.png\" alt=\"\"\/> <a href=\"https:\/\/www.zoomsurlille.fr\/actualites\/la-foire-aux-maneges-de-lille-aura-lieu-du-30-aout-au-28-septembre-2025\" target=\"_blank\" rel=\"noreferrer noopener nofollow\">Retrouvez notre article sur la Foire aux Man\u00e8ges de Lille 2025<\/a><\/p>\n<p class=\"has-text-align-center\">L\u2019autre Braderie by Bus Magique<\/p>\n<p><img decoding=\"async\" loading=\"lazy\" width=\"1024\" height=\"536\" src=\"https:\/\/www.europesays.com\/fr\/wp-content\/uploads\/2025\/09\/braderie_lille_2025_bus_magique-1024x536.jpg\" alt=\"\" class=\"wp-image-86490\" style=\"aspect-ratio:1.9104477611940298;object-fit:cover;width:500px\"  \/><\/p>\n<p style=\"text-align: justify;\">En continu : <strong>jeux traditionnels flamands, p\u00e9tanque, m\u00f6lkky en pr\u00eat, stand de maquillage\u2026<\/strong><\/p>\n<p><strong>Vendredi 05, samedi 06 &amp; dimanche 07 septembre 2025<br \/>Au programme :<\/strong><br \/><strong>Vendredi 05 septembre 2025 : <\/strong><br \/>\u2013 D\u00e8s 20h : DJ SET Bab2beats : \u00e9lectro &amp; italo disco<\/p>\n<p><strong>Samedi 06 septembre 2025 : <\/strong><br \/>\u2013 14h30 \u2013 Les Clignotants \u2013 Musique style tribal-electro-percussif<br \/>\u2013 16h \u2013 Wendy Groux \u2013 Reprises en duo guitare voix<br \/>\u2013 18h \u2013 Ginger Diggers \u2013 Un mix de Funk, de rock, de reggae &amp; de ska<br \/>\u2013 19h45 \u2013 Koroshy \u2013 pop \/rock basse batterie guitare<br \/>\u2013 21h30 \u2013 Anne Hoser \u2013 Groupe de crank wave psych\u00e9 de Lille<br \/>\u2013 22h30 \u2013 Carton P\u00e2te<\/p>\n<p><strong>Dimanche 07 septembre 2025 :<\/strong> <br \/>\u2013 12h \u2013 Biocentrik \u2013 pagan folk \u00e0 messages militants \u00e9cologiques<br \/>\u2013 14h30 \u2013 Matos \u2013 Chill, guitare et r\u00eaveries en douceur<br \/>\u2013 16h \u2013 Ils pr\u00e9f\u00e8rent la bi\u00e8re \u2013 Trio acoustique festif &amp; participatif<br \/>\u2013 18h \u2013 Spooky \u2013 soul groovy reprise &amp; compo<\/p>\n<p><b><strong><img decoding=\"async\" loading=\"lazy\" width=\"9\" height=\"9\" class=\"size-full wp-image-45 tie-appear\" src=\"https:\/\/www.europesays.com\/fr\/wp-content\/uploads\/2025\/09\/arrow.png\" alt=\"\"\/><\/strong><\/b> <strong>P\u00e9niche du Bus Magique<\/strong><br \/>Pont de la Citadelle \u2013 Avenue Cuvier <br \/><b><strong><img decoding=\"async\" loading=\"lazy\" width=\"9\" height=\"9\" class=\"size-full wp-image-45 tie-appear\" src=\"https:\/\/www.europesays.com\/fr\/wp-content\/uploads\/2025\/09\/arrow.png\" alt=\"\"\/><\/strong><\/b> <strong>Entr\u00e9e libre<\/strong> <strong>&amp; gratuite<\/strong><\/p>\n<p class=\"has-text-align-center\"><strong>BBBig BBBraderie au Cours St-So #4<\/strong><\/p>\n<p><img decoding=\"async\" loading=\"lazy\" width=\"819\" height=\"1024\" src=\"https:\/\/www.europesays.com\/fr\/wp-content\/uploads\/2025\/09\/braderie_2025_cours_st-819x1024.jpg\" alt=\"\" class=\"wp-image-86831\" style=\"aspect-ratio:0.7998046875;width:400px;height:auto\"  \/><\/p>\n<p><strong>Vendredi 05, samedi 06 &amp; dimanche 07 septembre 2025<br \/>Au programme :<\/strong><br \/><strong>Vendredi 05 septembre 2025 : <\/strong><br \/>\u2013 De 12h \u00e0 1h : Mardi Midi (live) \/ Nord\/\/Noir (live)<\/p>\n<p><strong>Samedi 06 septembre 2025 :<\/strong><br \/>\u2013 12h \u00e0 2h \u2013 Ana\u00efs Cotte (live) \/ Jungle Sauce (live) \/ You Man (DJ Set) <\/p>\n<p><strong>Dimanche 07 septembre 2025 :<\/strong> <br \/>\u2013 12h \u00e0 21h \u2013 Harmattan Brothers (live) \/ Oonagh Haines (live)<\/p>\n<p><b><strong><img decoding=\"async\" loading=\"lazy\" width=\"9\" height=\"9\" class=\"size-full wp-image-45 tie-appear\" src=\"https:\/\/www.europesays.com\/fr\/wp-content\/uploads\/2025\/09\/arrow.png\" alt=\"\"\/><\/strong><\/b> <strong>Cours St So<\/strong><br \/>25, boulevard Jean-Baptiste Lebas<br \/><b><strong><img decoding=\"async\" loading=\"lazy\" width=\"9\" height=\"9\" class=\"size-full wp-image-45 tie-appear\" src=\"https:\/\/www.europesays.com\/fr\/wp-content\/uploads\/2025\/09\/arrow.png\" alt=\"\"\/><\/strong><\/b> Toute la journ\u00e9e : p\u00e9tanque et jeux de plein-air, transats et terrasse ensoleill\u00e9e !<br \/><b><strong><img decoding=\"async\" loading=\"lazy\" width=\"9\" height=\"9\" class=\"size-full wp-image-45 tie-appear\" src=\"https:\/\/www.europesays.com\/fr\/wp-content\/uploads\/2025\/09\/arrow.png\" alt=\"\"\/><\/strong><\/b> Gratuit<br \/><b><strong><img decoding=\"async\" loading=\"lazy\" width=\"9\" height=\"9\" class=\"size-full wp-image-45 tie-appear\" src=\"https:\/\/www.europesays.com\/fr\/wp-content\/uploads\/2025\/09\/arrow.png\" alt=\"\"\/><\/strong><\/b> Restauration maison non-stop par Prar\u00e9lo, B\u00e9gueule, Pizzeria La Roue Libre &amp; more<br \/><b><strong><img decoding=\"async\" loading=\"lazy\" width=\"9\" height=\"9\" class=\"size-full wp-image-45 tie-appear\" src=\"https:\/\/www.europesays.com\/fr\/wp-content\/uploads\/2025\/09\/arrow.png\" alt=\"\"\/><\/strong><\/b> 3 bars ouverts non-stop <\/p>\n<p><img decoding=\"async\" loading=\"lazy\" width=\"9\" height=\"9\" src=\"https:\/\/www.europesays.com\/fr\/wp-content\/uploads\/2025\/04\/arrow.png\" alt=\"\"\/> <a href=\"https:\/\/www.zoomsurlille.fr\/tag\/braderie-de-lille-2025\" target=\"_blank\" rel=\"noreferrer noopener nofollow\">Retrouvez tous nos articles sur la Braderie de Lille 2025<\/a><\/p>\n<p class=\"has-text-align-right\">Photos &amp; images : DR<\/p>\n","protected":false},"excerpt":{"rendered":"Zoom Sur Lille vous propose une s\u00e9lection de loisirs et d\u2019animations \u00e0 l\u2019occasion de la Braderie de Lille&hellip;\n","protected":false},"author":2,"featured_media":361472,"comment_status":"","ping_status":"","sticky":false,"template":"","format":"standard","meta":{"footnotes":""},"categories":[2815],"tags":[1111,11,1063,17804,40565,4156,1777,674,1011,27,811,1307,1393,8262,12,25],"class_list":{"0":"post-361471","1":"post","2":"type-post","3":"status-publish","4":"format-standard","5":"has-post-thumbnail","7":"category-lille","8":"tag-actu","9":"tag-actualites","10":"tag-animations","11":"tag-braderie","12":"tag-braderie-de-lille-2025","13":"tag-concerts","14":"tag-eu","15":"tag-europe","16":"tag-fr","17":"tag-france","18":"tag-hauts-de-france","19":"tag-lille","20":"tag-loisirs","21":"tag-maneges","22":"tag-news","23":"tag-republique-francaise"},"share_on_mastodon":{"url":"https:\/\/pubeurope.com\/@fr\/115136327825726827","error":""},"_links":{"self":[{"href":"https:\/\/www.europesays.com\/fr\/wp-json\/wp\/v2\/posts\/361471","targetHints":{"allow":["GET"]}}],"collection":[{"href":"https:\/\/www.europesays.com\/fr\/wp-json\/wp\/v2\/posts"}],"about":[{"href":"https:\/\/www.europesays.com\/fr\/wp-json\/wp\/v2\/types\/post"}],"author":[{"embeddable":true,"href":"https:\/\/www.europesays.com\/fr\/wp-json\/wp\/v2\/users\/2"}],"replies":[{"embeddable":true,"href":"https:\/\/www.europesays.com\/fr\/wp-json\/wp\/v2\/comments?post=361471"}],"version-history":[{"count":0,"href":"https:\/\/www.europesays.com\/fr\/wp-json\/wp\/v2\/posts\/361471\/revisions"}],"wp:featuredmedia":[{"embeddable":true,"href":"https:\/\/www.europesays.com\/fr\/wp-json\/wp\/v2\/media\/361472"}],"wp:attachment":[{"href":"https:\/\/www.europesays.com\/fr\/wp-json\/wp\/v2\/media?parent=361471"}],"wp:term":[{"taxonomy":"category","embeddable":true,"href":"https:\/\/www.europesays.com\/fr\/wp-json\/wp\/v2\/categories?post=361471"},{"taxonomy":"post_tag","embeddable":true,"href":"https:\/\/www.europesays.com\/fr\/wp-json\/wp\/v2\/tags?post=361471"}],"curies":[{"name":"wp","href":"https:\/\/api.w.org\/{rel}","templated":true}]}}