{"id":361475,"date":"2025-09-02T19:22:11","date_gmt":"2025-09-02T19:22:11","guid":{"rendered":"https:\/\/www.europesays.com\/fr\/361475\/"},"modified":"2025-09-02T19:22:11","modified_gmt":"2025-09-02T19:22:11","slug":"le-ministre-de-linterieur-est-arrive-sur-place-le-parquet-national-antiterroriste-ne-se-saisit-pas-pour-le-moment","status":"publish","type":"post","link":"https:\/\/www.europesays.com\/fr\/361475\/","title":{"rendered":"le ministre de l&rsquo;Int\u00e9rieur est arriv\u00e9 sur place, le parquet national antiterroriste ne se saisit pas pour le moment"},"content":{"rendered":"<p>Un homme, soup\u00e7onn\u00e9 d&rsquo;avoir bless\u00e9 au moins <a href=\"https:\/\/www.franceinfo.fr\/marseille\/plusieurs-blesses-lors-d-une-attaque-au-couteau-a-marseille-le-suspect-tue-par-la-police_7468924.html\" rel=\"nofollow noopener\" target=\"_blank\">cinq personnes au couteau et \u00e0 la matraque en plein centre-ville de Marseille<\/a>, mardi 2\u00a0septembre dans l&rsquo;apr\u00e8s-midi, a \u00e9t\u00e9 tu\u00e9 par la police, a annonc\u00e9 le procureur de la R\u00e9publique de Marseille. Les premiers \u00e9l\u00e9ments recueillis ne sont pas de nature \u00e0 fonder la comp\u00e9tence du parquet national antiterroriste, a appris franceinfo de source judiciaire. Le ministre de l&rsquo;Int\u00e9rieur, Bruno Retailleau, est arriv\u00e9 \u00e0 Marseille dans la soir\u00e9e. Suivez notre direct.<\/p>\n<p class=\"c-body__bullet\"><strong> On r\u00e9capitule les faits.<\/strong> Les faits se sont d\u00e9roul\u00e9s vers 14h45 au niveau du cours Belsunce, \u00e0 deux pas du Vieux-Port. Le suspect avait \u00e9t\u00e9 expuls\u00e9 d&rsquo;un h\u00f4tel du quartier, car il ne payait pas son loyer, selon les premiers \u00e9l\u00e9ments de l&rsquo;enqu\u00eate. Il est revenu mardi apr\u00e8s-midi dans l&rsquo;\u00e9tablissement et il est mont\u00e9 au premier \u00e9tage, dans la chambre qu&rsquo;il occupait, o\u00f9 il a touch\u00e9 au flanc une premi\u00e8re personne, qui se trouve en \u00e9tat d&rsquo;urgence absolue. Une fois au rez-de-chauss\u00e9e, il a ensuite port\u00e9 \u00ab\u00a0un ou plusieurs coups de couteau sur le g\u00e9rant de l&rsquo;h\u00f4tel\u00a0\u00bb et a \u00e9galement touch\u00e9 le fils du g\u00e9rant. Ces deux victimes sont en urgence relative.<\/p>\n<p class=\"c-body__bullet\"> <strong>Deux autres bless\u00e9s \u00e0 la matraque. <\/strong>Le suspect s&rsquo;est ensuite rendu dans \u00ab\u00a0un snack\u00a0\u00bb \u00e0 proximit\u00e9, o\u00f9 il a tent\u00e9 de porter des coups de couteau\u00a0\u00ab\u00a0particuli\u00e8rement sur le g\u00e9rant, et vraisemblablement en essayant de blesser d&rsquo;autres personnes\u00a0\u00bb. Il a \u00e9t\u00e9 mis en fuite par des clients et s&rsquo;est rendu sur le cours Belsunce. L\u00e0, il a bless\u00e9 deux personnes au niveau du visage avec des coups de matraque. Il a ensuite \u00e9t\u00e9 \u00ab\u00a0neutralis\u00e9\u00a0\u00bb par les forces de l&rsquo;ordre.\u00a0<\/p>\n<p class=\"c-body__bullet\"> <strong>Un suspect connu des services de police. <\/strong>Selon le procureur, le suspect, de \u00ab\u00a0nationalit\u00e9 tunisienne en situation r\u00e9guli\u00e8re\u00a0\u00bb, portait deux couteaux et une matraque. \u00ab\u00a0Cette personne \u00e9tait connue des services de police et de justice\u00a0\u00bb, a ajout\u00e9 Nicolas Bessone. Une enqu\u00eate pour tentative d&rsquo;homicides volontaires et pour tentative d&rsquo;homicides volontaires sur personnes d\u00e9positaires de l&rsquo;autorit\u00e9 publique a \u00e9t\u00e9 ouverte.<\/p>\n","protected":false},"excerpt":{"rendered":"Un homme, soup\u00e7onn\u00e9 d&rsquo;avoir bless\u00e9 au moins cinq personnes au couteau et \u00e0 la matraque en plein centre-ville&hellip;\n","protected":false},"author":2,"featured_media":361476,"comment_status":"","ping_status":"","sticky":false,"template":"","format":"standard","meta":{"footnotes":""},"categories":[2814],"tags":[1111,11,1777,674,1011,27,884,12,882,25],"class_list":{"0":"post-361475","1":"post","2":"type-post","3":"status-publish","4":"format-standard","5":"has-post-thumbnail","7":"category-marseille","8":"tag-actu","9":"tag-actualites","10":"tag-eu","11":"tag-europe","12":"tag-fr","13":"tag-france","14":"tag-marseille","15":"tag-news","16":"tag-provence-alpes-cote-dazur","17":"tag-republique-francaise"},"share_on_mastodon":{"url":"https:\/\/pubeurope.com\/@fr\/115136334635492133","error":""},"_links":{"self":[{"href":"https:\/\/www.europesays.com\/fr\/wp-json\/wp\/v2\/posts\/361475","targetHints":{"allow":["GET"]}}],"collection":[{"href":"https:\/\/www.europesays.com\/fr\/wp-json\/wp\/v2\/posts"}],"about":[{"href":"https:\/\/www.europesays.com\/fr\/wp-json\/wp\/v2\/types\/post"}],"author":[{"embeddable":true,"href":"https:\/\/www.europesays.com\/fr\/wp-json\/wp\/v2\/users\/2"}],"replies":[{"embeddable":true,"href":"https:\/\/www.europesays.com\/fr\/wp-json\/wp\/v2\/comments?post=361475"}],"version-history":[{"count":0,"href":"https:\/\/www.europesays.com\/fr\/wp-json\/wp\/v2\/posts\/361475\/revisions"}],"wp:featuredmedia":[{"embeddable":true,"href":"https:\/\/www.europesays.com\/fr\/wp-json\/wp\/v2\/media\/361476"}],"wp:attachment":[{"href":"https:\/\/www.europesays.com\/fr\/wp-json\/wp\/v2\/media?parent=361475"}],"wp:term":[{"taxonomy":"category","embeddable":true,"href":"https:\/\/www.europesays.com\/fr\/wp-json\/wp\/v2\/categories?post=361475"},{"taxonomy":"post_tag","embeddable":true,"href":"https:\/\/www.europesays.com\/fr\/wp-json\/wp\/v2\/tags?post=361475"}],"curies":[{"name":"wp","href":"https:\/\/api.w.org\/{rel}","templated":true}]}}