{"id":361477,"date":"2025-09-02T19:23:11","date_gmt":"2025-09-02T19:23:11","guid":{"rendered":"https:\/\/www.europesays.com\/fr\/361477\/"},"modified":"2025-09-02T19:23:11","modified_gmt":"2025-09-02T19:23:11","slug":"rhone-le-corps-dun-homme-couvert-de-plaies-retrouve-dans-une-friche-a-lyon","status":"publish","type":"post","link":"https:\/\/www.europesays.com\/fr\/361477\/","title":{"rendered":"Rh\u00f4ne. Le corps d\u2019un homme couvert de plaies retrouv\u00e9 dans une friche \u00e0 Lyon"},"content":{"rendered":"<p>C\u2019est dans le cadre lugubre d\u2019un petit lopin de terre abandonn\u00e9, \u00e0 la sortie du pont Pasteur, situ\u00e9 entre la M6 et le Rh\u00f4ne, qu\u2019a \u00e9t\u00e9 d\u00e9couvert le corps d\u2019un homme d\u2019une cinquantaine d\u2019ann\u00e9es, ce mardi\u00a02 septembre aux alentours de 18 heures.<\/p>\n<p>Ce dernier \u00e9tait couvert de plaies. Selon nos informations, la victime se trouvait en arr\u00eat cardio-respiratoire \u00e0 l\u2019arriv\u00e9e des secours, et son d\u00e9c\u00e8s a \u00e9t\u00e9 prononc\u00e9 sur place. Outre le v\u00e9hicule des sapeurs-pompiers, la police municipale et la police nationale \u00e9taient \u00e9galement pr\u00e9sentes, soulignant la gravit\u00e9 de la situation.<\/p>\n<p>  Un nouvel homicide \u00e0 Lyon\u00a0?<\/p>\n<p>En sus, la police scientifique ratissait les lieux \u00e0 la recherche d\u2019indices. L\u2019homme est-il d\u00e9c\u00e9d\u00e9 sur place o\u00f9 son corps a-t-il \u00e9t\u00e9 transport\u00e9\u00a0? S\u2019agit-il d\u2019un nouvel homicide\u00a0? Ce sont les premi\u00e8res questions auxquelles les enqu\u00eateurs devront r\u00e9pondre.<\/p>\n<p>Situ\u00e9 pr\u00e8s d\u2019un lieu de tr\u00e8s forte circulation, o\u00f9 transitent quelque 100\u00a0000 v\u00e9hicules par jour \u00e0 quelques encablures du Mus\u00e9e des Confluences, cet espace a \u00e9t\u00e9 utilis\u00e9 autrefois comme parking avant de devenir, plus r\u00e9cemment, un squat pour sans-abri.<\/p>\n<p>Ces derniers ayant \u00e9t\u00e9 d\u00e9log\u00e9s, il ne subsiste qu\u2019une sorte de \u00ab\u00a0no man\u2019s land\u00a0\u00bb, d\u00e9sormais probable sc\u00e8ne de crime.<\/p>\n","protected":false},"excerpt":{"rendered":"C\u2019est dans le cadre lugubre d\u2019un petit lopin de terre abandonn\u00e9, \u00e0 la sortie du pont Pasteur, situ\u00e9&hellip;\n","protected":false},"author":2,"featured_media":361478,"comment_status":"","ping_status":"","sticky":false,"template":"","format":"standard","meta":{"footnotes":""},"categories":[1889],"tags":[1111,11,2430,271,272,2757,1777,674,274,107,1011,27,2428,2756,12,25,2429],"class_list":{"0":"post-361477","1":"post","2":"type-post","3":"status-publish","4":"format-standard","5":"has-post-thumbnail","7":"category-lyon","8":"tag-actu","9":"tag-actualites","10":"tag-auvergne-rhone-alpes","11":"tag-crime","12":"tag-delit-et-contravention","13":"tag-edition-lyon-villeurbanne","14":"tag-eu","15":"tag-europe","16":"tag-faits-divers-justice","17":"tag-fil-info","18":"tag-fr","19":"tag-france","20":"tag-lyon","21":"tag-lyon-bassin","22":"tag-news","23":"tag-republique-francaise","24":"tag-rhone"},"share_on_mastodon":{"url":"https:\/\/pubeurope.com\/@fr\/115136338635020268","error":""},"_links":{"self":[{"href":"https:\/\/www.europesays.com\/fr\/wp-json\/wp\/v2\/posts\/361477","targetHints":{"allow":["GET"]}}],"collection":[{"href":"https:\/\/www.europesays.com\/fr\/wp-json\/wp\/v2\/posts"}],"about":[{"href":"https:\/\/www.europesays.com\/fr\/wp-json\/wp\/v2\/types\/post"}],"author":[{"embeddable":true,"href":"https:\/\/www.europesays.com\/fr\/wp-json\/wp\/v2\/users\/2"}],"replies":[{"embeddable":true,"href":"https:\/\/www.europesays.com\/fr\/wp-json\/wp\/v2\/comments?post=361477"}],"version-history":[{"count":0,"href":"https:\/\/www.europesays.com\/fr\/wp-json\/wp\/v2\/posts\/361477\/revisions"}],"wp:featuredmedia":[{"embeddable":true,"href":"https:\/\/www.europesays.com\/fr\/wp-json\/wp\/v2\/media\/361478"}],"wp:attachment":[{"href":"https:\/\/www.europesays.com\/fr\/wp-json\/wp\/v2\/media?parent=361477"}],"wp:term":[{"taxonomy":"category","embeddable":true,"href":"https:\/\/www.europesays.com\/fr\/wp-json\/wp\/v2\/categories?post=361477"},{"taxonomy":"post_tag","embeddable":true,"href":"https:\/\/www.europesays.com\/fr\/wp-json\/wp\/v2\/tags?post=361477"}],"curies":[{"name":"wp","href":"https:\/\/api.w.org\/{rel}","templated":true}]}}