{"id":361479,"date":"2025-09-02T19:24:13","date_gmt":"2025-09-02T19:24:13","guid":{"rendered":"https:\/\/www.europesays.com\/fr\/361479\/"},"modified":"2025-09-02T19:24:13","modified_gmt":"2025-09-02T19:24:13","slug":"metropole-de-lyon-arrachages-de-collier-et-de-telephone-trois-hommes-interpelles","status":"publish","type":"post","link":"https:\/\/www.europesays.com\/fr\/361479\/","title":{"rendered":"M\u00e9tropole de Lyon. Arrachages de collier et de t\u00e9l\u00e9phone\u00a0: trois hommes interpell\u00e9s"},"content":{"rendered":"<p>Un SDF alg\u00e9rien de 24 ans, recherch\u00e9 pour un arrachage de collier commis le 19\u00a0ao\u00fbt \u00e0 V\u00e9nissieux, a \u00e9t\u00e9 arr\u00eat\u00e9 samedi 30\u00a0ao\u00fbt, apr\u00e8s un nouveau vol \u00e0 l\u2019arrach\u00e9 \u00e0 Lyon (6e).<\/p>\n<p>Il a pu \u00eatre identifi\u00e9 gr\u00e2ce au t\u00e9l\u00e9phone et \u00e0 la carte bancaire perdus dans sa fuite, apr\u00e8s avoir agress\u00e9 une femme de 64 ans dans le quartier du Moulin \u00e0 Vent \u00e0 V\u00e9nissieux. Ce 19\u00a0ao\u00fbt vers 13\u00a0h\u00a015, dans l\u2019escalier d\u2019un immeuble, il a en effet vol\u00e9 avec violences le collier de la sexag\u00e9naire qui a d\u00fb \u00eatre transport\u00e9e \u00e0 l\u2019h\u00f4pital.<\/p>\n<p>Ce contenu est bloqu\u00e9 car vous n&rsquo;avez pas accept\u00e9 les cookies et autres traceurs.<\/p>\n<p>En cliquant sur \u00ab J\u2019accepte \u00bb, les cookies et autres traceurs seront d\u00e9pos\u00e9s et vous pourrez visualiser les contenus  (<a href=\"\" class=\"consentModule_policy\" target=\"_blank\" title=\"Consulter la politique de protection des donn\u00e9es du fournisseur\">plus d&rsquo;informations<\/a>).<\/p>\n<p>En cliquant sur \u00ab J\u2019accepte tous les cookies \u00bb, vous autorisez des d\u00e9p\u00f4ts de cookies et autres traceurs pour le stockage de vos donn\u00e9es sur nos sites et applications \u00e0 des fins de personnalisation et de ciblage publicitaire.<\/p>\n<p class=\"consentModule_secondaryText\">Vous gardez la possibilit\u00e9 de retirer votre consentement \u00e0 tout moment en consultant notre <a href=\"https:\/\/www.leprogres.fr\/protection-des-donnees\" target=\"_blank\" title=\"Consulter notre politique de protection des donn\u00e9es\" rel=\"noopener\">politique de protection des donn\u00e9es<\/a>. <br \/>&#13;<br \/>\n            <a href=\"https:\/\/www.leprogres.fr\/faits-divers-justice\/2025\/09\/02\/javascript:Didomi.notice.show()\" class=\"consentModule_cmp\" target=\"_blank\" rel=\"noopener\">G\u00e9rer mes choix<\/a>&#13;\n        <\/p>\n<p>&#13;<br \/>\n                        J&rsquo;accepte&#13;<br \/>\n            J&rsquo;accepte tous les cookies&#13;\n        <\/p>\n<p>  Tentative de n\u00e9gociation<\/p>\n<p>Des riverains ont r\u00e9cup\u00e9r\u00e9 le t\u00e9l\u00e9phone et la carte du voleur et la police a mis en place une surveillance qui s\u2019est r\u00e9v\u00e9l\u00e9e fructueuse. Deux individus n\u2019ont pas tard\u00e9 \u00e0 se pr\u00e9senter pour n\u00e9gocier aupr\u00e8s des riverains la restitution de ces objets. Ils ont \u00e9t\u00e9 interpell\u00e9s et, en garde \u00e0 vue, ces deux Alg\u00e9riens en situation irr\u00e9guli\u00e8re, \u00e2g\u00e9s de 27 et 32 ans, ont ni\u00e9 toute participation \u00e0 l\u2019agression de la sexag\u00e9naire. Le plus jeune a toutefois \u00e9t\u00e9 mis en cause dans <a href=\"https:\/\/www.leprogres.fr\/faits-divers-justice\/2025\/08\/30\/cela-devient-infernal-un-medecin-victime-d-un-vol-de-chaine-en-or-dans-ce-quartier-cossu-de-lyon\" target=\"_blank\" rel=\"noopener\">le vol \u00e0 l\u2019arrach\u00e9<\/a> d\u2019un t\u00e9l\u00e9phone, le 5\u00a0janvier dernier dans la station de m\u00e9tro \u00ab\u00a0Charpennes\u00a0\u00bb \u00e0 Villeurbanne.<\/p>\n<p>Ils ont \u00e9t\u00e9 pr\u00e9sent\u00e9s le 21\u00a0ao\u00fbt au parquet de Lyon et leur complice, arr\u00eat\u00e9 samedi a \u00e9t\u00e9 d\u00e9f\u00e9r\u00e9 lundi 1er\u00a0septembre en vue d\u2019une comparution imm\u00e9diate.<\/p>\n","protected":false},"excerpt":{"rendered":"Un SDF alg\u00e9rien de 24 ans, recherch\u00e9 pour un arrachage de collier commis le 19\u00a0ao\u00fbt \u00e0 V\u00e9nissieux, a&hellip;\n","protected":false},"author":2,"featured_media":361480,"comment_status":"","ping_status":"","sticky":false,"template":"","format":"standard","meta":{"footnotes":""},"categories":[1889],"tags":[1111,11,2430,271,272,3152,2757,1777,674,274,107,1011,27,2428,14926,2802,12,25,2429,4375],"class_list":{"0":"post-361479","1":"post","2":"type-post","3":"status-publish","4":"format-standard","5":"has-post-thumbnail","7":"category-lyon","8":"tag-actu","9":"tag-actualites","10":"tag-auvergne-rhone-alpes","11":"tag-crime","12":"tag-delit-et-contravention","13":"tag-edition-est-lyonnais","14":"tag-edition-lyon-villeurbanne","15":"tag-eu","16":"tag-europe","17":"tag-faits-divers-justice","18":"tag-fil-info","19":"tag-fr","20":"tag-france","21":"tag-lyon","22":"tag-lyon-6e","23":"tag-lyon-6e-arrondissement","24":"tag-news","25":"tag-republique-francaise","26":"tag-rhone","27":"tag-venissieux"},"share_on_mastodon":{"url":"https:\/\/pubeurope.com\/@fr\/115136342569814542","error":""},"_links":{"self":[{"href":"https:\/\/www.europesays.com\/fr\/wp-json\/wp\/v2\/posts\/361479","targetHints":{"allow":["GET"]}}],"collection":[{"href":"https:\/\/www.europesays.com\/fr\/wp-json\/wp\/v2\/posts"}],"about":[{"href":"https:\/\/www.europesays.com\/fr\/wp-json\/wp\/v2\/types\/post"}],"author":[{"embeddable":true,"href":"https:\/\/www.europesays.com\/fr\/wp-json\/wp\/v2\/users\/2"}],"replies":[{"embeddable":true,"href":"https:\/\/www.europesays.com\/fr\/wp-json\/wp\/v2\/comments?post=361479"}],"version-history":[{"count":0,"href":"https:\/\/www.europesays.com\/fr\/wp-json\/wp\/v2\/posts\/361479\/revisions"}],"wp:featuredmedia":[{"embeddable":true,"href":"https:\/\/www.europesays.com\/fr\/wp-json\/wp\/v2\/media\/361480"}],"wp:attachment":[{"href":"https:\/\/www.europesays.com\/fr\/wp-json\/wp\/v2\/media?parent=361479"}],"wp:term":[{"taxonomy":"category","embeddable":true,"href":"https:\/\/www.europesays.com\/fr\/wp-json\/wp\/v2\/categories?post=361479"},{"taxonomy":"post_tag","embeddable":true,"href":"https:\/\/www.europesays.com\/fr\/wp-json\/wp\/v2\/tags?post=361479"}],"curies":[{"name":"wp","href":"https:\/\/api.w.org\/{rel}","templated":true}]}}