{"id":361492,"date":"2025-09-02T19:31:12","date_gmt":"2025-09-02T19:31:12","guid":{"rendered":"https:\/\/www.europesays.com\/fr\/361492\/"},"modified":"2025-09-02T19:31:12","modified_gmt":"2025-09-02T19:31:12","slug":"la-russie-continue-de-frapper-lukraine-ripostera","status":"publish","type":"post","link":"https:\/\/www.europesays.com\/fr\/361492\/","title":{"rendered":"la Russie continue de frapper, l&rsquo;Ukraine ripostera"},"content":{"rendered":"<p>Le pr\u00e9sident Volodymyr Zelensky a \u00e9cout\u00e9 le rapport du commandant des forces a\u00e9riennes Anatoliy Kryvonijko sur la destruction des drones.<\/p>\n<p style=\"text-align: justify;\">Selon Ukrinform, le chef de l&rsquo;\u00c9tat en a fait part dans une allocution vid\u00e9o diffus\u00e9e dans la soir\u00e9e.<\/p>\n<p style=\"text-align: justify;\">\u00ab Les rapports des militaires remontent \u00e0 ce matin. En particulier, celui du commandant des forces a\u00e9riennes sur la destruction des drones. L&rsquo;arrogance des Russes ne cesse de cro\u00eetre : ils attaquent de plus en plus souvent l&rsquo;Ukraine pendant la journ\u00e9e avec des dizaines de drones de combat \u00bb, a-t-il indiqu\u00e9.<\/p>\n<p style=\"text-align: justify;\">Selon le pr\u00e9sident, la Russie a lanc\u00e9 150 drones sur l&rsquo;Ukraine pendant la nuit, puis plus de cinquante autres le matin, et encore des dizaines le soir, la plupart d&rsquo;entre eux \u00e9tant des Shahed.<\/p>\n<p style=\"text-align: justify;\">\u00ab En fait, les groupes de drones russes dans notre ciel accompagnent les d\u00e9clarations russes de la Chine. C&rsquo;est un m\u00e9pris flagrant de la Russie pour tout ce que le monde fait pour mettre fin \u00e0 la guerre \u00bb, a ajout\u00e9 M. Zelensky.<\/p>\n<p style=\"text-align: justify;\">Comme le souligne le chef de l&rsquo;\u00c9tat, les Russes ont litt\u00e9ralement ni\u00e9 ce qu&rsquo;a dit le pr\u00e9sident Trump hier, \u00e0 savoir qu&rsquo;une rencontre entre les dirigeants est n\u00e9cessaire pour mettre fin \u00e0 la guerre. Et ces jours-ci, en Chine, Poutine continue de raconter ses fables, comme s&rsquo;il n&rsquo;\u00e9tait pas responsable de la guerre.<\/p>\n<p style=\"text-align: justify;\">V. Zelensky a aussi indiqu\u00e9 qu&rsquo;on observait une nouvelle accumulation de forces russes sur certaines parties du front.<\/p>\n<p style=\"text-align: justify;\">\u00ab Mais il ne veut en aucun cas \u00eatre contraint \u00e0 la paix. La Russie continue de frapper. Bien s\u00fbr, nous y r\u00e9pondrons. Nous r\u00e9pondrons notamment de mani\u00e8re asym\u00e9trique, afin que la Russie ressente clairement les cons\u00e9quences de son arrogance \u00bb, a-t-il conclu.<\/p>\n<p style=\"text-align: justify;\">Pour rappel, dans la nuit du 2 ao\u00fbt, la d\u00e9fense a\u00e9rienne a neutralis\u00e9 120 des 150 drones russes. Pendant le jour les forces de d\u00e9fense ont neutralis\u00e9 48 autres drones russes sur 53.<\/p>\n<p style=\"text-align: justify;\">Photo : Bureau du pr\u00e9sident de l&rsquo;Ukraine<\/p>\n","protected":false},"excerpt":{"rendered":"Le pr\u00e9sident Volodymyr Zelensky a \u00e9cout\u00e9 le rapport du commandant des forces a\u00e9riennes Anatoliy Kryvonijko sur la destruction&hellip;\n","protected":false},"author":2,"featured_media":361493,"comment_status":"","ping_status":"","sticky":false,"template":"","format":"standard","meta":{"footnotes":""},"categories":[1591],"tags":[11,1887,12,1885,1886,132],"class_list":{"0":"post-361492","1":"post","2":"type-post","3":"status-publish","4":"format-standard","5":"has-post-thumbnail","7":"category-russie","8":"tag-actualites","9":"tag-federation-de-russie","10":"tag-news","11":"tag-russia","12":"tag-russian-federation","13":"tag-russie"},"share_on_mastodon":{"url":"https:\/\/pubeurope.com\/@fr\/115136370197222033","error":""},"_links":{"self":[{"href":"https:\/\/www.europesays.com\/fr\/wp-json\/wp\/v2\/posts\/361492","targetHints":{"allow":["GET"]}}],"collection":[{"href":"https:\/\/www.europesays.com\/fr\/wp-json\/wp\/v2\/posts"}],"about":[{"href":"https:\/\/www.europesays.com\/fr\/wp-json\/wp\/v2\/types\/post"}],"author":[{"embeddable":true,"href":"https:\/\/www.europesays.com\/fr\/wp-json\/wp\/v2\/users\/2"}],"replies":[{"embeddable":true,"href":"https:\/\/www.europesays.com\/fr\/wp-json\/wp\/v2\/comments?post=361492"}],"version-history":[{"count":0,"href":"https:\/\/www.europesays.com\/fr\/wp-json\/wp\/v2\/posts\/361492\/revisions"}],"wp:featuredmedia":[{"embeddable":true,"href":"https:\/\/www.europesays.com\/fr\/wp-json\/wp\/v2\/media\/361493"}],"wp:attachment":[{"href":"https:\/\/www.europesays.com\/fr\/wp-json\/wp\/v2\/media?parent=361492"}],"wp:term":[{"taxonomy":"category","embeddable":true,"href":"https:\/\/www.europesays.com\/fr\/wp-json\/wp\/v2\/categories?post=361492"},{"taxonomy":"post_tag","embeddable":true,"href":"https:\/\/www.europesays.com\/fr\/wp-json\/wp\/v2\/tags?post=361492"}],"curies":[{"name":"wp","href":"https:\/\/api.w.org\/{rel}","templated":true}]}}