{"id":361494,"date":"2025-09-02T19:32:52","date_gmt":"2025-09-02T19:32:52","guid":{"rendered":"https:\/\/www.europesays.com\/fr\/361494\/"},"modified":"2025-09-02T19:32:52","modified_gmt":"2025-09-02T19:32:52","slug":"direct-ukraine-trump-se-dit-tres-decu-par-poutine","status":"publish","type":"post","link":"https:\/\/www.europesays.com\/fr\/361494\/","title":{"rendered":"DIRECT \u2013 Ukraine: Trump se dit \u00abtr\u00e8s d\u00e9\u00e7u\u00bb par Poutine"},"content":{"rendered":"<p>LiveGuerre en Ukraine \u2013 <\/p>\n<p>Trump se dit \u00abtr\u00e8s d\u00e9\u00e7u\u00bb par Poutine, mais n\u2019annonce pas de sanctionsZelensky rencontrera \u00e0 Paris von der Leyen, Rutte et d\u2019autres dirigeantsL\u2019avion d\u2019Ursula von der Leyen vis\u00e9, la Russie soup\u00e7onn\u00e9e<\/p>\n<p class=\"ContentHead_lead____SsS link_regular__O0hk0 link_externalicon-big__ZdPgo link_externalicon__qcwXs\">Le pr\u00e9sident chinois Xi Jinping a ouvert lundi \u00e0 Tianjin un sommet en pr\u00e9sence du pr\u00e9sident russe et de leaders eurasiatiques. Notre direct.<\/p>\n<p>Publi\u00e9: 01.09.2025, 07h52Mis \u00e0 jour il y a 10 minutes<\/p>\n<p class=\"ArticleParagraph_root__lhFZo ArticleContainer_content-width__FRl7F link_focus__0ZMwx link_externalicon-big__ZdPgo link_externalicon__qcwXs ArticleElement_article-element__q93eL\"><strong>Nos derniers articles sur la guerre en Ukraine:<\/strong><\/p>\n<p>21h16<\/p>\n<p class=\"ArticleParagraph_root__lhFZo ArticleContainer_content-width__FRl7F link_focus__0ZMwx link_externalicon-big__ZdPgo link_externalicon__qcwXs ArticleParagraph_-ticker__Dbjmy ArticleElement_article-element__q93eL\">Le pr\u00e9sident am\u00e9ricain Donald Trump s\u2019est d\u00e9clar\u00e9 mardi \u00abtr\u00e8s d\u00e9\u00e7u\u00bb par son homologue russe Vladimir Poutine, apr\u00e8s que leur rencontre en Alaska n\u2019a abouti \u00e0 aucun progr\u00e8s substantiel sur une issue \u00e0 la guerre en Ukraine.<\/p>\n<p class=\"ArticleParagraph_root__lhFZo ArticleContainer_content-width__FRl7F link_focus__0ZMwx link_externalicon-big__ZdPgo link_externalicon__qcwXs ArticleParagraph_-ticker__Dbjmy ArticleElement_article-element__q93eL\">\u00abNous avions une super relation\u00bb, a d\u00e9clar\u00e9 Donald Trump lors d\u2019une interview \u00e0 la radio avec le pr\u00e9sentateur Scott Jennings, et d\u2019ajouter: \u00abJe suis tr\u00e8s d\u00e9\u00e7u par le pr\u00e9sident Poutine. (\u2026) Des milliers de personnes meurent, c\u2019est une guerre qui n\u2019a aucun sens.\u00bb<\/p>\n<p><img decoding=\"async\" loading=\"lazy\" src=\"https:\/\/www.europesays.com\/fr\/wp-content\/uploads\/2025\/09\/4cqXjfPa4kY9axBfD3O_Wg.jpg\" alt=\"Le pr\u00e9sident am\u00e9ricain Donald Trump gesticule vers le pr\u00e9sident russe Vladimir Poutine lors d\u2019une conf\u00e9rence de presse conjointe apr\u00e8s un sommet USA-Russie sur l\u2019Ukraine \u00e0 Anchorage, Alaska, le 15 ao\u00fbt 2025.\" title=\"Le pr\u00e9sident am\u00e9ricain Donald Trump gesticule vers le pr\u00e9sident russe Vladimir Poutine lors d\u2019une conf\u00e9rence de presse conjointe apr\u00e8s un sommet USA-Russie sur l\u2019Ukraine \u00e0 Anchorage, Alaska, le 15 ao\u00fbt 2025.\" class=\"ResponsiveImage_root__ZDz10 responsive-image\" style=\"background-color:#2D4991\"\/><\/p>\n<p>Donald Trump s\u2019est d\u00e9clar\u00e9 mardi \u00abtr\u00e8s d\u00e9\u00e7u\u00bb par son homologue russe Vladimir Poutine.<\/p>\n<p>Drew ANGERER\/AFP<\/p>\n<p class=\"ArticleParagraph_root__lhFZo ArticleContainer_content-width__FRl7F link_focus__0ZMwx link_externalicon-big__ZdPgo link_externalicon__qcwXs ArticleParagraph_-ticker__Dbjmy ArticleElement_article-element__q93eL\">Le pr\u00e9sident de 79 ans n\u2019a cependant pas pr\u00e9cis\u00e9 si sa d\u00e9ception se traduirait par des cons\u00e9quences sur la Russie, malgr\u00e9 son ultimatum de deux semaines donn\u00e9 \u00e0 Moscou et qui doit arriver \u00e0 \u00e9ch\u00e9ance plus tard cette semaine.<\/p>\n<p class=\"ArticleParagraph_root__lhFZo ArticleContainer_content-width__FRl7F link_focus__0ZMwx link_externalicon-big__ZdPgo link_externalicon__qcwXs ArticleParagraph_-ticker__Dbjmy ArticleElement_article-element__q93eL\">Il a d\u00e9clar\u00e9 en outre ne pas \u00eatre inquiet d\u2019une potentielle alliance entre la Russie et la Chine, peu apr\u00e8s une rencontre entre Vladimir Poutine et Xi Jinping \u00e0 P\u00e9kin mardi, \u00e0 la veille d\u2019un d\u00e9fil\u00e9 militaire g\u00e9ant.<\/p>\n<p>15h42<\/p>\n<p class=\"ArticleParagraph_root__lhFZo ArticleContainer_content-width__FRl7F link_focus__0ZMwx link_externalicon-big__ZdPgo link_externalicon__qcwXs ArticleParagraph_-ticker__Dbjmy ArticleElement_article-element__q93eL\">La Bulgarie n\u2019ouvrira pas d\u2019enqu\u00eate sur les perturbations qui ont touch\u00e9 le GPS de l\u2019avion \u00e0 bord duquel voyageait la pr\u00e9sidente de la Commission europ\u00e9enne Ursula von der Leyen dimanche, a d\u00e9clar\u00e9 mardi le Premier ministre bulgare.<\/p>\n<p class=\"ArticleParagraph_root__lhFZo ArticleContainer_content-width__FRl7F link_focus__0ZMwx link_externalicon-big__ZdPgo link_externalicon__qcwXs ArticleParagraph_-ticker__Dbjmy ArticleElement_article-element__q93eL\">\u00abIl n\u2019y a pas de raison d\u2019ouvrir une enqu\u00eate\u00bb, a d\u00e9clar\u00e9 Rossen Jeliazkov, affirmant que ces perturbations n\u2019\u00e9taient \u00abpas class\u00e9es comme des menaces hybrides ou cyber\u00bb, lors d\u2019un \u00e9change avec des journalistes \u00e0 Bourgas, dans l\u2019est du pays o\u00f9 il s\u2019est rendu pour l\u2019ouverture de la campagne d\u2019information sur l\u2019introduction de l\u2019euro en Bulgarie.<\/p>\n<p><img decoding=\"async\" loading=\"lazy\" src=\"https:\/\/www.europesays.com\/fr\/wp-content\/uploads\/2025\/09\/AbavKEMnqUbB7rb_uJsgqN.jpg\" alt=\"La pr\u00e9sidente de la Commission europ\u00e9enne, Ursula von der Leyen, parle lors d\u2019une conf\u00e9rence de presse conjointe avec le pr\u00e9sident lituanien Gitanas Nauseda \u00e0 l\u2019\u00e9cole de la Garde Fronti\u00e8re pr\u00e8s de la fronti\u00e8re lituanienne-b\u00e9larussienne \u00e0 Medininkai, pr\u00e8s de Vilnius, Lituanie, avec un h\u00e9licopt\u00e8re en arri\u00e8re-plan.\" title=\"La pr\u00e9sidente de la Commission europ\u00e9enne, Ursula von der Leyen, parle lors d\u2019une conf\u00e9rence de presse conjointe avec le pr\u00e9sident lituanien Gitanas Nauseda \u00e0 l\u2019\u00e9cole de la Garde Fronti\u00e8re pr\u00e8s de la fronti\u00e8re lituanienne-b\u00e9larussienne \u00e0 Medininkai, pr\u00e8s de Vilnius, Lituanie, avec un h\u00e9licopt\u00e8re en arri\u00e8re-plan.\" class=\"ResponsiveImage_root__ZDz10 responsive-image\" style=\"background-color:#273854\"\/><\/p>\n<p>Ursula von der Leyen lors d\u2019une conf\u00e9rence de presse pr\u00e8s de Vilnius, en Lituanie.<\/p>\n<p>AP Photo\/Mindaugas Kulbis<\/p>\n<p class=\"ArticleParagraph_root__lhFZo ArticleContainer_content-width__FRl7F link_focus__0ZMwx link_externalicon-big__ZdPgo link_externalicon__qcwXs ArticleParagraph_-ticker__Dbjmy ArticleElement_article-element__q93eL\">Lundi, une porte-parole de Mme von der Leyen avait confirm\u00e9 que l\u2019avion dans lequel elle se trouvait avait \u00e9t\u00e9 victime d\u2019un \u00abbrouillage GPS\u00bb, un ph\u00e9nom\u00e8ne fr\u00e9quent dans cette r\u00e9gion d\u2019Europe de l\u2019Est, \u00e0 son arriv\u00e9e en Bulgarie dimanche. Elle a affirm\u00e9 que la Russie \u00e9tait soup\u00e7onn\u00e9e d\u2019\u00eatre derri\u00e8re cet acte.<\/p>\n<p class=\"ArticleParagraph_root__lhFZo ArticleContainer_content-width__FRl7F link_focus__0ZMwx link_externalicon-big__ZdPgo link_externalicon__qcwXs ArticleParagraph_-ticker__Dbjmy ArticleElement_article-element__q93eL\">\u00abDepuis le d\u00e9but de la guerre avec l\u2019Ukraine, on assiste \u00e0 ce qu\u2019on appelle la guerre \u00e9lectronique\u00bb, a d\u00e9clar\u00e9 le chef du gouvernement bulgare mardi. \u00abCes interf\u00e9rences ne visent pas un avion en particulier\u00bb, a-t-il pr\u00e9cis\u00e9, ajoutant qu\u2019\u00bbil n\u2019y a rien d\u2019inhabituel \u00e0 cela : malheureusement, c\u2019est l\u2019une des cons\u00e9quences de tels conflits militaires\u00bb.<\/p>\n<p>13h59<\/p>\n<p class=\"ArticleParagraph_root__lhFZo ArticleContainer_content-width__FRl7F link_focus__0ZMwx link_externalicon-big__ZdPgo link_externalicon__qcwXs ArticleParagraph_-ticker__Dbjmy ArticleElement_article-element__q93eL\">L\u2019Ukrainien suspect\u00e9 d\u2019avoir assassin\u00e9 samedi le d\u00e9put\u00e9 et ex-pr\u00e9sident du Parlement Andri\u00ef Paroubiy a reconnu le meurtre mais a ni\u00e9 tout lien avec la Russie et a invoqu\u00e9 une \u00abvengeance personnelle\u00bb, selon des vid\u00e9os publi\u00e9es par des m\u00e9dias ukrainiens.<\/p>\n<p><img decoding=\"async\" loading=\"lazy\" src=\"https:\/\/www.europesays.com\/fr\/wp-content\/uploads\/2025\/09\/EtKsR5eN4Kj826veoaR4cU.jpg\" alt=\"Des Ukrainiens d\u00e9posent des fleurs devant le portrait d\u2019Andriy Parubiy sur le Maidan, Kyiv, lors d\u2019une soir\u00e9e comm\u00e9morative le 1\u1d49\u02b3 septembre 2025, apr\u00e8s son d\u00e9c\u00e8s.\" title=\"Des Ukrainiens d\u00e9posent des fleurs devant le portrait d\u2019Andriy Parubiy sur le Maidan, Kyiv, lors d\u2019une soir\u00e9e comm\u00e9morative le 1\u1d49\u02b3 septembre 2025, apr\u00e8s son d\u00e9c\u00e8s.\" class=\"ResponsiveImage_root__ZDz10 responsive-image\" style=\"background-color:#877F63\"\/><\/p>\n<p>Des Ukrainiens d\u00e9posent des fleurs devant le portrait d\u2019Andri\u00ef Paroubiy \u00e0 Kiev, lors d\u2019une soir\u00e9e comm\u00e9morative le 1\u1d49\u02b3 septembre 2025, apr\u00e8s son d\u00e9c\u00e8s.<\/p>\n<p>EPA\/SERGEY DOLZHENKO<\/p>\n<p class=\"ArticleParagraph_root__lhFZo ArticleContainer_content-width__FRl7F link_focus__0ZMwx link_externalicon-big__ZdPgo link_externalicon__qcwXs ArticleParagraph_-ticker__Dbjmy ArticleElement_article-element__q93eL\">\u00abOui, j\u2019admets que je l\u2019ai tu\u00e9\u00bb, a d\u00e9clar\u00e9 cet homme depuis la salle de tribunal, niant toute collaboration avec Moscou, contrairement \u00e0 ce qu\u2019affirmaient certains m\u00e9dias, et assurant qu\u2019il s\u2019agissait d\u2019une \u00abvengeance personnelle sur les autorit\u00e9s ukrainiennes\u00bb apr\u00e8s la mort de son fils sur le front.<\/p>\n<p>13h55<\/p>\n<p class=\"ArticleParagraph_root__lhFZo ArticleContainer_content-width__FRl7F link_focus__0ZMwx link_externalicon-big__ZdPgo link_externalicon__qcwXs ArticleParagraph_-ticker__Dbjmy ArticleElement_article-element__q93eL\">Le pr\u00e9sident russe Vladimir Poutine a dit mardi appr\u00e9cier \u00abgrandement\u00bb la diplomatie jug\u00e9e \u00abind\u00e9pendante\u00bb de la Slovaquie et sugg\u00e9r\u00e9 que ce pays coupe les livraisons d\u2019\u00e9nergie \u00e0 l\u2019Ukraine, lors d\u2019une rencontre \u00e0 P\u00e9kin avec le Premier ministre slovaque Robert Fico.<\/p>\n<p><img decoding=\"async\" loading=\"lazy\" src=\"https:\/\/www.europesays.com\/fr\/wp-content\/uploads\/2025\/09\/AD78h4aFKxsB5gBN3EzVx1.jpg\" alt=\"Le pr\u00e9sident russe Vladimir Poutine et le Premier ministre slovaque Robert Fico se serrent la main lors de leur rencontre \u00e0 la maison d\u2019h\u00f4tes d\u2019\u00c9tat de Diaoyutai \u00e0 P\u00e9kin, Chine.\" title=\"Le pr\u00e9sident russe Vladimir Poutine et le Premier ministre slovaque Robert Fico se serrent la main lors de leur rencontre \u00e0 la maison d\u2019h\u00f4tes d\u2019\u00c9tat de Diaoyutai \u00e0 P\u00e9kin, Chine.\" class=\"ResponsiveImage_root__ZDz10 responsive-image\" style=\"background-color:#72696F\"\/><\/p>\n<p>Poign\u00e9e de main entre Robert Fico et Vladimir Poutine \u00e0 P\u00e9kin.<\/p>\n<p>KEYSTONE<\/p>\n<p class=\"ArticleParagraph_root__lhFZo ArticleContainer_content-width__FRl7F link_focus__0ZMwx link_externalicon-big__ZdPgo link_externalicon__qcwXs ArticleParagraph_-ticker__Dbjmy ArticleElement_article-element__q93eL\">\u00abNous appr\u00e9cions grandement la politique ext\u00e9rieure ind\u00e9pendante que vous menez, vous et votre \u00e9quipe\u00bb, a d\u00e9clar\u00e9 M. Poutine, lors d\u2019une rencontre diffus\u00e9e \u00e0 la t\u00e9l\u00e9vision.<\/p>\n<p class=\"ArticleParagraph_root__lhFZo ArticleContainer_content-width__FRl7F link_focus__0ZMwx link_externalicon-big__ZdPgo link_externalicon__qcwXs ArticleParagraph_-ticker__Dbjmy ArticleElement_article-element__q93eL\">Membre de l\u2019UE et de l\u2019Otan, la Slovaquie est tr\u00e8s fortement d\u00e9pendante du gaz russe. Robert Fico, connu pour ses positions pro-russes, a critiqu\u00e9 \u00e0 plusieurs reprises le soutien de Bruxelles \u00e0 l\u2019Ukraine depuis le d\u00e9but de l\u2019invasion russe en f\u00e9vrier 2022, ainsi que la politique de sanctions europ\u00e9ennes contre Moscou, estimant qu\u2019elle faisait peser un risque sur la s\u00e9curit\u00e9 \u00e9nerg\u00e9tique de Bratislava.<\/p>\n<p>13h46<\/p>\n<p class=\"ArticleParagraph_root__lhFZo ArticleContainer_content-width__FRl7F link_focus__0ZMwx link_externalicon-big__ZdPgo link_externalicon__qcwXs ArticleParagraph_-ticker__Dbjmy ArticleElement_article-element__q93eL\">Volodymyr Zelensky va rencontrer jeudi la pr\u00e9sidente de la Commission europ\u00e9enne Ursula Von der Leyen, le secr\u00e9taire g\u00e9n\u00e9ral de l\u2019Otan Mark Rutte et les dirigeants allemand, fran\u00e7ais et britannique au cours d\u2019une r\u00e9union d\u2019alli\u00e9s de Kiev \u00e0 Paris, a annonc\u00e9 mardi la pr\u00e9sidence ukrainienne.<\/p>\n<p class=\"EmbedBlocker_hint__uEF_d\">\u00c0 ce stade, vous trouverez des contenus externes suppl\u00e9mentaires. Si vous acceptez que des cookies soient plac\u00e9s par des fournisseurs externes et que des donn\u00e9es personnelles soient ainsi transmises \u00e0 ces derniers, vous devez autoriser tous les cookies et afficher directement le contenu externe.<\/p>\n<p>Autoriser les cookiesPlus d&rsquo;infos<\/p>\n<p class=\"ArticleParagraph_root__lhFZo ArticleContainer_content-width__FRl7F link_focus__0ZMwx link_externalicon-big__ZdPgo link_externalicon__qcwXs ArticleParagraph_-ticker__Dbjmy ArticleElement_article-element__q93eL\">Les discussions, copr\u00e9sid\u00e9es par le chef de l\u2019\u00c9tat fran\u00e7ais Emmanuel Macron et le Premier ministre britannique Keir Starmer et auxquelles participera aussi le chancelier allemand Friedrich Merz, porteront sur \u00ables garanties de s\u00e9curit\u00e9 pour l\u2019Ukraine\u00bb, confront\u00e9e depuis 2022 \u00e0 l\u2019invasion russe, a \u00e9crit sur X Mykha\u00eflo Podoliak, un conseiller de la pr\u00e9sidence ukrainienne.<\/p>\n<p>12h30<\/p>\n<p class=\"ArticleParagraph_root__lhFZo ArticleContainer_content-width__FRl7F link_focus__0ZMwx link_externalicon-big__ZdPgo link_externalicon__qcwXs ArticleParagraph_-ticker__Dbjmy ArticleElement_article-element__q93eL\">Vladimir Poutine a d\u00e9clar\u00e9 mardi que la \u00abs\u00e9curit\u00e9\u00bb de la Russie ne devait pas \u00eatre compromise par un accord de paix avec l\u2019Ukraine, qui souhaite obtenir des garanties de s\u00e9curit\u00e9 pour dissuader Moscou de l\u2019envahir \u00e0 nouveau.<\/p>\n<p class=\"ArticleParagraph_root__lhFZo ArticleContainer_content-width__FRl7F link_focus__0ZMwx link_externalicon-big__ZdPgo link_externalicon__qcwXs ArticleParagraph_-ticker__Dbjmy ArticleElement_article-element__q93eL\">\u00abC\u2019est une d\u00e9cision propre \u00e0 l\u2019Ukraine de choisir comment assurer sa s\u00e9curit\u00e9\u00bb, a affirm\u00e9 le pr\u00e9sident russe, lors d\u2019une rencontre avec le Premier ministre slovaque \u00e0 P\u00e9kin, diffus\u00e9e \u00e0 la t\u00e9l\u00e9vision. \u00abMais sa s\u00e9curit\u00e9 (\u2026) ne peut pas \u00eatre assur\u00e9e au d\u00e9triment de celle d\u2019autres pays, y compris la Russie\u00bb, a-t-il ajout\u00e9.<\/p>\n<p>07h34<\/p>\n<p class=\"ArticleParagraph_root__lhFZo ArticleContainer_content-width__FRl7F link_focus__0ZMwx link_externalicon-big__ZdPgo link_externalicon__qcwXs ArticleParagraph_-ticker__Dbjmy ArticleElement_article-element__q93eL\">Environ 2000 soldats nord-cor\u00e9ens ont \u00e9t\u00e9 tu\u00e9s dans le conflit russo-ukrainien, a affirm\u00e9 mardi un d\u00e9put\u00e9 sud-cor\u00e9en, citant des chiffres des services de renseignement de son pays, \u00e0 l\u2019issue d\u2019une r\u00e9union avec ces derniers.<\/p>\n<p class=\"ArticleParagraph_root__lhFZo ArticleContainer_content-width__FRl7F link_focus__0ZMwx link_externalicon-big__ZdPgo link_externalicon__qcwXs ArticleParagraph_-ticker__Dbjmy ArticleElement_article-element__q93eL\">En avril, ils \u00abestimaient le nombre de morts \u00e0 au moins 600\u00bb mais sur la base d\u2019\u00e9valuations actualis\u00e9es, ils \u00abestiment d\u00e9sormais ce chiffre \u00e0 environ 2000\u00bb, a d\u00e9clar\u00e9 \u00e0 la presse le d\u00e9put\u00e9 Lee Seong-kweun apr\u00e8s une r\u00e9union d\u2019information avec le Service de Renseignement National sud-cor\u00e9en (NIS).<\/p>\n<p>Hier, 17h41<\/p>\n<p class=\"ArticleParagraph_root__lhFZo ArticleContainer_content-width__FRl7F link_focus__0ZMwx link_externalicon-big__ZdPgo link_externalicon__qcwXs ArticleParagraph_-ticker__Dbjmy ArticleElement_article-element__q93eL\">L\u2019ex-pr\u00e9sident ukrainien prorusse Viktor Ianoukovitch, r\u00e9fugi\u00e9 en Russie depuis 2014, a fustig\u00e9 la volont\u00e9 de son pays de vouloir rejoindre l\u2019Otan, dans une rare apparition publique, \u00e0 un moment o\u00f9 l\u2019Ukraine cherche \u00e0 obtenir des garanties de s\u00e9curit\u00e9 de ses alli\u00e9s occidentaux.<\/p>\n<p><img decoding=\"async\" loading=\"lazy\" src=\"https:\/\/www.europesays.com\/fr\/wp-content\/uploads\/2025\/09\/6_K-moNd4GyB0xq_2gRI2L.jpg\" alt=\"Viktor Yanukovych lors d\u2019une conf\u00e9rence de presse \u00e0 Moscou, exprimant des pr\u00e9occupations sur la fraude \u00e9lectorale en Ukraine.\" title=\"Viktor Yanukovych lors d\u2019une conf\u00e9rence de presse \u00e0 Moscou, exprimant des pr\u00e9occupations sur la fraude \u00e9lectorale en Ukraine.\" class=\"ResponsiveImage_root__ZDz10 responsive-image\" style=\"background-color:#727383\"\/><\/p>\n<p>Viktor Ianoukovitch, ancien pr\u00e9sident de l\u2019Ukraine, ici lors d\u2019une conf\u00e9rence de presse \u00e0 Moscou en 2019.<\/p>\n<p>AP<\/p>\n<p class=\"ArticleParagraph_root__lhFZo ArticleContainer_content-width__FRl7F link_focus__0ZMwx link_externalicon-big__ZdPgo link_externalicon__qcwXs ArticleParagraph_-ticker__Dbjmy ArticleElement_article-element__q93eL\">Dans cette vid\u00e9o, diffus\u00e9e lundi par l\u2019agence de presse publique russe Ria Novosti, M. Ianoukovitch s\u2019exprime face cam\u00e9ra, une premi\u00e8re depuis le d\u00e9but de l\u2019assaut russe contre l\u2019Ukraine en f\u00e9vrier 2022.<\/p>\n<p class=\"ArticleParagraph_root__lhFZo ArticleContainer_content-width__FRl7F link_focus__0ZMwx link_externalicon-big__ZdPgo link_externalicon__qcwXs ArticleParagraph_-ticker__Dbjmy ArticleElement_article-element__q93eL\">Aujourd\u2019hui \u00e2g\u00e9 de 75 ans, celui qui a dirig\u00e9 son pays de 2010 \u00e0 2014 d\u00e9clare qu\u2019il a \u00abtoujours\u00bb \u00e9t\u00e9 contre une adh\u00e9sion de son pays \u00e0 l\u2019Otan. \u00abJ\u2019ai toujours clairement compris que c\u2019\u00e9tait une catastrophe pour l\u2019Ukraine. C\u2019est un chemin vers nulle part. C\u2019est une route directe vers la guerre civile\u00bb, affirme-t-il \u00e0 ce propos. Dans cette vid\u00e9o, M. Ianoukovitch assure \u00e9galement qu\u2019il s\u2019\u00e9tait fix\u00e9 comme \u00abobjectif\u00bb une adh\u00e9sion \u00e0 l\u2019Union europ\u00e9enne.<\/p>\n<p>Hier, 15h50<\/p>\n<p class=\"ArticleParagraph_root__lhFZo ArticleContainer_content-width__FRl7F link_focus__0ZMwx link_externalicon-big__ZdPgo link_externalicon__qcwXs ArticleParagraph_-ticker__Dbjmy ArticleElement_article-element__q93eL\">Le pr\u00e9sident russe Vladimir Poutine a rencontr\u00e9 lundi son homologue iranien Massoud Pezeshkian, en marge du sommet de l\u2019Organisation de coop\u00e9ration de Shanghai (OCS) en Chine, a annonc\u00e9 le Kremlin.<\/p>\n<p class=\"ArticleParagraph_root__lhFZo ArticleContainer_content-width__FRl7F link_focus__0ZMwx link_externalicon-big__ZdPgo link_externalicon__qcwXs ArticleParagraph_-ticker__Dbjmy ArticleElement_article-element__q93eL\">\u00abVladimir Poutine et le pr\u00e9sident iranien Massoud Pezeshkian entament une r\u00e9union bilat\u00e9rale\u00bb, a indiqu\u00e9 le Kremlin sur Telegram, accompagnant son message d\u2019une vid\u00e9o montrant les deux hommes se serrant la main. La pr\u00e9sidence russe avait pr\u00e9c\u00e9demment affirm\u00e9 que cette rencontre porterait notamment sur le programme nucl\u00e9aire de T\u00e9h\u00e9ran.<\/p>\n<p>Hier, 15h04<\/p>\n<p class=\"ArticleParagraph_root__lhFZo ArticleContainer_content-width__FRl7F link_focus__0ZMwx link_externalicon-big__ZdPgo link_externalicon__qcwXs ArticleParagraph_-ticker__Dbjmy ArticleElement_article-element__q93eL\">Les frappes russes sur l\u2019Ukraine de drones \u00e0 longue port\u00e9e ont baiss\u00e9 d\u2019un tiers en ao\u00fbt par rapport \u00e0 juillet, selon une analyse de l\u2019AFP r\u00e9alis\u00e9e lundi, sur fond d\u2019intenses efforts diplomatiques pour mettre fin \u00e0 l\u2019invasion russe qui restent n\u00e9anmoins infructueux.<\/p>\n<p class=\"ArticleParagraph_root__lhFZo ArticleContainer_content-width__FRl7F link_focus__0ZMwx link_externalicon-big__ZdPgo link_externalicon__qcwXs ArticleParagraph_-ticker__Dbjmy ArticleElement_article-element__q93eL\">Selon l\u2019analyse par l\u2019AFP des rapports quotidiens de l\u2019arm\u00e9e de l\u2019air ukrainienne, la Russie a tir\u00e9 un total de 4132 drones lors de ses attaques nocturnes sur l\u2019Ukraine en ao\u00fbt, une baisse de 34% par rapport \u00e0 juillet.<\/p>\n<p>Hier, 12h39<\/p>\n<p class=\"ArticleParagraph_root__lhFZo ArticleContainer_content-width__FRl7F link_focus__0ZMwx link_externalicon-big__ZdPgo link_externalicon__qcwXs ArticleParagraph_-ticker__Dbjmy ArticleElement_article-element__q93eL\">L\u2019avion \u00e0 bord duquel voyageait la pr\u00e9sidente de la Commission europ\u00e9enne Ursula von der Leyen a \u00e9t\u00e9 victime d\u2019un \u00abbrouillage GPS\u00bb \u00e0 son arriv\u00e9e en Bulgarie dimanche a annonc\u00e9 son \u00e9quipe. Selon elle, la Russie est soup\u00e7onn\u00e9e d\u2019\u00eatre derri\u00e8re cet acte.<\/p>\n<p><img decoding=\"async\" loading=\"lazy\" src=\"https:\/\/www.europesays.com\/fr\/wp-content\/uploads\/2025\/09\/EkNYuByAaXy95N9Bo0QaS9.jpg\" alt=\"Ursula von der Leyen, pr\u00e9sidente de la Commission europ\u00e9enne, s\u2019adresse aux journalistes \u00e0 la base militaire Amari en Estonie, avec les drapeaux de l\u2019UE et de l\u2019Estonie en arri\u00e8re-plan.\" title=\"Ursula von der Leyen, pr\u00e9sidente de la Commission europ\u00e9enne, s\u2019adresse aux journalistes \u00e0 la base militaire Amari en Estonie, avec les drapeaux de l\u2019UE et de l\u2019Estonie en arri\u00e8re-plan.\" class=\"ResponsiveImage_root__ZDz10 responsive-image\" style=\"background-color:#877268\"\/><\/p>\n<p>Ursula von der Leyen, pr\u00e9sidente de la Commission europ\u00e9enne.<\/p>\n<p>AFP<\/p>\n<p class=\"ArticleParagraph_root__lhFZo ArticleContainer_content-width__FRl7F link_focus__0ZMwx link_externalicon-big__ZdPgo link_externalicon__qcwXs ArticleParagraph_-ticker__Dbjmy ArticleElement_article-element__q93eL\">\u00abNous pouvons en effet confirmer qu\u2019il y a eu brouillage GPS\u00bb, a d\u00e9clar\u00e9 une porte-parole de la cheffe de l\u2019ex\u00e9cutif europ\u00e9en, Arianna Podesta. L\u2019avion a atterri \u00absans difficult\u00e9\u00bb en Bulgarie.<\/p>\n<p class=\"ArticleParagraph_root__lhFZo ArticleContainer_content-width__FRl7F link_focus__0ZMwx link_externalicon-big__ZdPgo link_externalicon__qcwXs ArticleParagraph_-ticker__Dbjmy ArticleElement_article-element__q93eL\">\u00abNous sommes bien s\u00fbr conscients, et habitu\u00e9s d\u2019une certaine mani\u00e8re, aux menaces et intimidations qui font partie int\u00e9grante du comportement hostile de la Russie\u00bb, a-t-elle ajout\u00e9.<\/p>\n<p>Hier, 10h12<\/p>\n<p class=\"ArticleParagraph_root__lhFZo ArticleContainer_content-width__FRl7F link_focus__0ZMwx link_externalicon-big__ZdPgo link_externalicon__qcwXs ArticleParagraph_-ticker__Dbjmy ArticleElement_article-element__q93eL\">Le pr\u00e9sident russe Vladimir Poutine s\u2019est entretenu lundi avec son homologue turc Recep Tayyip Erdogan en marge du sommet de l\u2019Organisation de coop\u00e9ration de Shanghai (OCS) organis\u00e9 par P\u00e9kin \u00e0 Tianjin, en Chine, a rapport\u00e9 le Kremlin.<\/p>\n<p><img decoding=\"async\" loading=\"lazy\" src=\"https:\/\/www.europesays.com\/fr\/wp-content\/uploads\/2025\/09\/5dwnXet5qFn9jtjlh8bIBv.jpg\" alt=\"Le pr\u00e9sident turc Recep Tayyip Erdogan serre la main du pr\u00e9sident russe Vladimir Poutine lors du 25e sommet de l\u2019Organisation de coop\u00e9ration de Shanghai \u00e0 Tianjin, avec les drapeaux turc et russe en arri\u00e8re-plan.\" title=\"Le pr\u00e9sident turc Recep Tayyip Erdogan serre la main du pr\u00e9sident russe Vladimir Poutine lors du 25e sommet de l\u2019Organisation de coop\u00e9ration de Shanghai \u00e0 Tianjin, avec les drapeaux turc et russe en arri\u00e8re-plan.\" class=\"ResponsiveImage_root__ZDz10 responsive-image\" style=\"background-color:#6E3C47\"\/><\/p>\n<p>Le pr\u00e9sident turc Recep Tayyip Erdogan serre la main du pr\u00e9sident russe Vladimir Poutine lors du 25e sommet de l\u2019Organisation de coop\u00e9ration de Shanghai \u00e0 Tianjin, le 1\u1d49\u02b3 septembre 2025.<\/p>\n<p>AFP<\/p>\n<p class=\"ArticleParagraph_root__lhFZo ArticleContainer_content-width__FRl7F link_focus__0ZMwx link_externalicon-big__ZdPgo link_externalicon__qcwXs ArticleParagraph_-ticker__Dbjmy ArticleElement_article-element__q93eL\">La semaine derni\u00e8re, Iouri Ouchakov, conseiller diplomatique de Poutine, avait indiqu\u00e9 que les deux dirigeants \u00e9voqueraient le conflit en Ukraine, Ankara jouant \u00abun r\u00f4le important\u00bb de m\u00e9diateur.<\/p>\n<p class=\"ArticleParagraph_root__lhFZo ArticleContainer_content-width__FRl7F link_focus__0ZMwx link_externalicon-big__ZdPgo link_externalicon__qcwXs ArticleParagraph_-ticker__Dbjmy ArticleElement_article-element__q93eL\">Vladimir Poutine, cit\u00e9 par le Kremlin, a dit \u00eatre \u00abreconnaissant\u00bb \u00e0 l\u2019\u00e9gard de \u00abnos amis turcs pour leur contribution significative aux efforts politiques et diplomatiques visant \u00e0 r\u00e9soudre la crise ukrainienne\u00bb, lors de cette rencontre.<\/p>\n<p class=\"ArticleParagraph_root__lhFZo ArticleContainer_content-width__FRl7F link_focus__0ZMwx link_externalicon-big__ZdPgo link_externalicon__qcwXs ArticleParagraph_-ticker__Dbjmy ArticleElement_article-element__q93eL\">Vladimir Poutine s\u2019est aussi dit \u00abconvaincu que le r\u00f4le particulier de la Turquie dans ces dossiers continuera d\u2019\u00eatre recherch\u00e9\u00bb.<\/p>\n<p>Hier, 10h06<\/p>\n<p class=\"ArticleParagraph_root__lhFZo ArticleContainer_content-width__FRl7F link_focus__0ZMwx link_externalicon-big__ZdPgo link_externalicon__qcwXs ArticleParagraph_-ticker__Dbjmy ArticleElement_article-element__q93eL\">Une rencontre entre le pr\u00e9sident ukrainien Volodymyr Zelensky et plusieurs \u00abdirigeants europ\u00e9ens\u00bb est pr\u00e9vue jeudi \u00e0 Paris, a annonc\u00e9 lundi \u00e0 l\u2019AFP une source politique europ\u00e9enne alors que les efforts de Washington pour mettre fin \u00e0 l\u2019invasion russe de l\u2019Ukraine semblent bloqu\u00e9s.<\/p>\n<p><img decoding=\"async\" loading=\"lazy\" src=\"https:\/\/www.europesays.com\/fr\/wp-content\/uploads\/2025\/09\/0X5BfUNPKgb8l03zmgq8SJ.jpg\" alt=\"Volodymyr Zelensky \u00e0 la Commission europ\u00e9enne \u00e0 Bruxelles, devant les drapeaux de l\u2019Ukraine et de l\u2019UE, le 17 ao\u00fbt 2025.\" title=\"Volodymyr Zelensky \u00e0 la Commission europ\u00e9enne \u00e0 Bruxelles, devant les drapeaux de l\u2019Ukraine et de l\u2019UE, le 17 ao\u00fbt 2025.\" class=\"ResponsiveImage_root__ZDz10 responsive-image\" style=\"background-color:#356AA8\"\/><\/p>\n<p>Le pr\u00e9sident ukrainien Volodymyr Zelensky.<\/p>\n<p>AFP<\/p>\n<p class=\"ArticleParagraph_root__lhFZo ArticleContainer_content-width__FRl7F link_focus__0ZMwx link_externalicon-big__ZdPgo link_externalicon__qcwXs ArticleParagraph_-ticker__Dbjmy ArticleElement_article-element__q93eL\">\u00abUne telle rencontre est pr\u00e9vue\u00bb pour discuter des garanties de s\u00e9curit\u00e9 pour l\u2019Ukraine \u00abet pour faire avancer la diplomatie parce que les Russes\u00bb font tra\u00eener les choses \u00ab\u00e0 nouveau\u00bb, a indiqu\u00e9 \u00e0 l\u2019AFP cette source sous le couvert de l\u2019anonymat.<\/p>\n<p>Hier, 09h13<\/p>\n<p class=\"ArticleParagraph_root__lhFZo ArticleContainer_content-width__FRl7F link_focus__0ZMwx link_externalicon-big__ZdPgo link_externalicon__qcwXs ArticleParagraph_-ticker__Dbjmy ArticleElement_article-element__q93eL\">Le Premier ministre indien Narendra Modi a rencontr\u00e9 lundi en Chine le pr\u00e9sident russe Vladimir Poutine, quelques jours apr\u00e8s les sanctions commerciales impos\u00e9es \u00e0 son pays par les \u00c9tats-Unis en repr\u00e9sailles \u00e0 ses achats de p\u00e9trole russe.<\/p>\n<p><img decoding=\"async\" loading=\"lazy\" src=\"https:\/\/www.europesays.com\/fr\/wp-content\/uploads\/2025\/09\/BHe3DDYQKST8_qmluoiZqX.jpg\" alt=\"Le pr\u00e9sident russe Vladimir Poutine et le Premier ministre indien Narendra Modi lors d\u2019une r\u00e9union en marge du Sommet de l\u2019Organisation de coop\u00e9ration de Shanghai \u00e0 Tianjin le 1\u1d49\u02b3 septembre 2025.\" title=\"Le pr\u00e9sident russe Vladimir Poutine et le Premier ministre indien Narendra Modi lors d\u2019une r\u00e9union en marge du Sommet de l\u2019Organisation de coop\u00e9ration de Shanghai \u00e0 Tianjin le 1\u1d49\u02b3 septembre 2025.\" class=\"ResponsiveImage_root__ZDz10 responsive-image\" style=\"background-color:#69493C\"\/><\/p>\n<p>Le pr\u00e9sident russe Vladimir Poutine et le Premier ministre indien Narendra Modi lors d\u2019une r\u00e9union en marge du Sommet de l\u2019Organisation de coop\u00e9ration de Shanghai \u00e0 Tianjin le 1\u1d49\u02b3 septembre 2025.<\/p>\n<p>AFP<\/p>\n<p class=\"ArticleParagraph_root__lhFZo ArticleContainer_content-width__FRl7F link_focus__0ZMwx link_externalicon-big__ZdPgo link_externalicon__qcwXs ArticleParagraph_-ticker__Dbjmy ArticleElement_article-element__q93eL\">\u00abLes conversations avec lui sont toujours pertinentes\u00bb, a comment\u00e9 Narendra Modi sur son compte X au d\u00e9but de cet entretien, \u00e0 l\u2019occasion du sommet de l\u2019Organisation de coop\u00e9ration de Shanghai (OCS) qui se tient \u00e0 Tianjin, en Chine.<\/p>\n<p>Hier, 07h48<\/p>\n<p class=\"ArticleParagraph_root__lhFZo ArticleContainer_content-width__FRl7F link_focus__0ZMwx link_externalicon-big__ZdPgo link_externalicon__qcwXs ArticleParagraph_-ticker__Dbjmy ArticleElement_article-element__q93eL\">Le pr\u00e9sident russe Vladimir Poutine a d\u00e9fendu lundi son offensive en Ukraine. Il a une nouvelle fois accus\u00e9 l\u2019Occident d\u2019avoir d\u00e9clench\u00e9 le conflit, lors d\u2019un sommet organis\u00e9 par P\u00e9kin \u00e0 Tianjin, en Chine.<\/p>\n<p class=\"ArticleParagraph_root__lhFZo ArticleContainer_content-width__FRl7F link_focus__0ZMwx link_externalicon-big__ZdPgo link_externalicon__qcwXs ArticleParagraph_-ticker__Dbjmy ArticleElement_article-element__q93eL\">\u00abCette crise n\u2019a pas \u00e9t\u00e9 d\u00e9clench\u00e9e par l\u2019attaque de la Russie en Ukraine, elle est le r\u00e9sultat d\u2019un coup d\u2019Etat en Ukraine, qui a \u00e9t\u00e9 soutenu et provoqu\u00e9 par l\u2019Occident\u00bb, a d\u00e9clar\u00e9 Poutine lors d\u2019un sommet de l\u2019Organisation de coop\u00e9ration de Shanghai (OCS).<\/p>\n<p><img decoding=\"async\" loading=\"lazy\" src=\"https:\/\/www.europesays.com\/fr\/wp-content\/uploads\/2025\/09\/1vyCylCB4D_8tqlbPMPtyI.jpg\" alt=\"Vladimir Poutine arrivant au sommet de l\u2019Organisation de coop\u00e9ration de Shanghai \u00e0 Tianjin le 1\u1d49\u02b3 septembre 2025, avec une voiture en arri\u00e8re-plan.\" title=\"Vladimir Poutine arrivant au sommet de l\u2019Organisation de coop\u00e9ration de Shanghai \u00e0 Tianjin le 1\u1d49\u02b3 septembre 2025, avec une voiture en arri\u00e8re-plan.\" class=\"ResponsiveImage_root__ZDz10 responsive-image\" style=\"background-color:#457AB6\"\/><\/p>\n<p>Vladimir Poutine arrive au sommet de l\u2019Organisation de coop\u00e9ration de Shanghai \u00e0 Tianjin le 1\u1d49\u02b3 septembre 2025.<\/p>\n<p>AFP<\/p>\n<p class=\"ArticleParagraph_root__lhFZo ArticleContainer_content-width__FRl7F link_focus__0ZMwx link_externalicon-big__ZdPgo link_externalicon__qcwXs ArticleParagraph_-ticker__Dbjmy ArticleElement_article-element__q93eL\">Cette d\u00e9claration fait r\u00e9f\u00e9rence aux mouvements pro-europ\u00e9ens du Ma\u00efdan en Ukraine, qui ont forc\u00e9 le pr\u00e9sident prorusse du pays \u00e0 quitter le pouvoir en 2014. Moscou avait alors annex\u00e9 la p\u00e9ninsule de Crim\u00e9e et soutenu des s\u00e9paratistes prorusses dans l\u2019est du pays, d\u00e9clenchant une guerre civile.<\/p>\n<p class=\"ArticleParagraph_root__lhFZo ArticleContainer_content-width__FRl7F link_focus__0ZMwx link_externalicon-big__ZdPgo link_externalicon__qcwXs ArticleParagraph_-ticker__Dbjmy ArticleElement_article-element__q93eL\">\u00abLa deuxi\u00e8me cause de la crise, ce sont les tentatives constantes de l\u2019Occident pour attirer l\u2019Ukraine dans l\u2019Otan\u00bb, a ajout\u00e9 le dirigeant russe. Il s\u2019exprimait devant ses principaux alli\u00e9s: le pr\u00e9sident chinois Xi Jinping, le Premier ministre indien Narendra Modi et le pr\u00e9sident iranien Massoud Pezeshkian.<\/p>\n<p class=\"ArticleParagraph_root__lhFZo ArticleContainer_content-width__FRl7F link_focus__0ZMwx link_externalicon-big__ZdPgo link_externalicon__qcwXs ArticleParagraph_-ticker__Dbjmy ArticleElement_article-element__q93eL\">\u00abNous appr\u00e9cions grandement les efforts et les propositions de la Chine, de l\u2019Inde et de nos autres partenaires strat\u00e9giques, qui visent \u00e0 contribuer \u00e0 la r\u00e9solution de la crise ukrainienne\u00bb, a d\u00e9clar\u00e9 le pr\u00e9sident russe.<\/p>\n<p>Hier, 07h46<\/p>\n<p class=\"ArticleParagraph_root__lhFZo ArticleContainer_content-width__FRl7F link_focus__0ZMwx link_externalicon-big__ZdPgo link_externalicon__qcwXs ArticleParagraph_-ticker__Dbjmy ArticleElement_article-element__q93eL\">Le pr\u00e9sident chinois Xi Jinping a d\u00e9nonc\u00e9 lundi une \u00abmentalit\u00e9 de guerre froide et les actes d\u2019intimidation\u00bb \u00e0 l\u2019oeuvre dans les relations internationales. Il s\u2019est exprim\u00e9 ainsi devant des dirigeants eurasiatiques r\u00e9unis \u00e0 <a class=\"HtmlText_root__A1OSq\" href=\"https:\/\/www.24heures.ch\/xi-reunit-poutine-et-les-grands-deurasie-denonce-un-esprit-de-guerre-froide-793906354875\" rel=\"nofollow noopener\" target=\"_blank\">Tianjin<\/a> (nord).<\/p>\n<p class=\"ArticleParagraph_root__lhFZo ArticleContainer_content-width__FRl7F link_focus__0ZMwx link_externalicon-big__ZdPgo link_externalicon__qcwXs ArticleParagraph_-ticker__Dbjmy ArticleElement_article-element__q93eL\">Le dirigeant de la deuxi\u00e8me puissance \u00e9conomique mondiale a d\u00e9fendu l\u2019Organisation de coop\u00e9ration de Shanghai (OCS), r\u00e9unie en sommet dans la m\u00e9gapole portuaire de Tianjin (nord), comme un mod\u00e8le possible de multilat\u00e9ralisme, dans une p\u00e9riode de tensions g\u00e9ostrat\u00e9giques et commerciales.<\/p>\n<p><img decoding=\"async\" loading=\"lazy\" src=\"https:\/\/www.europesays.com\/fr\/wp-content\/uploads\/2025\/09\/FINkjVhoqR48vth_iG2IOO.jpg\" alt=\"Le pr\u00e9sident chinois Xi Jinping prononce un discours lors du sommet de l\u2019Organisation de coop\u00e9ration de Shanghai 2025 au centre de conventions Meijiang \u00e0 Tianjin, le 1\u1d49\u02b3 septembre 2025.\" title=\"Le pr\u00e9sident chinois Xi Jinping prononce un discours lors du sommet de l\u2019Organisation de coop\u00e9ration de Shanghai 2025 au centre de conventions Meijiang \u00e0 Tianjin, le 1\u1d49\u02b3 septembre 2025.\" class=\"ResponsiveImage_root__ZDz10 responsive-image\" style=\"background-color:#A2A8A5\"\/><\/p>\n<p>Le pr\u00e9sident chinois Xi Jinping prononce un discours lors du sommet de l\u2019Organisation de coop\u00e9ration de Shanghai 2025 au centre de conventions Meijiang \u00e0 Tianjin, le 1\u1d49\u02b3 septembre 2025.<\/p>\n<p>AFP<\/p>\n<p class=\"ArticleParagraph_root__lhFZo ArticleContainer_content-width__FRl7F link_focus__0ZMwx link_externalicon-big__ZdPgo link_externalicon__qcwXs ArticleParagraph_-ticker__Dbjmy ArticleElement_article-element__q93eL\">Xi Jinping a d\u00e9fendu un ordre mondial fond\u00e9 sur la justice. Il a exalt\u00e9 un \u00abesprit de Shanghai\u00bb \u00e0 un moment o\u00f9 le monde est \u00aben pleine turbulence et transformation\u00bb.<\/p>\n<p class=\"ArticleParagraph_root__lhFZo ArticleContainer_content-width__FRl7F link_focus__0ZMwx link_externalicon-big__ZdPgo link_externalicon__qcwXs ArticleParagraph_-ticker__Dbjmy ArticleElement_article-element__q93eL\">Nous devons \u00abnous opposer \u00e0 une mentalit\u00e9 de guerre froide et de confrontation de blocs, ainsi qu\u2019aux actes d\u2019intimidation\u00bb, a-t-il dit dans une r\u00e9f\u00e9rence \u00e0 peine voil\u00e9e aux Etats-Unis, jamais nomm\u00e9s dans son intervention.<\/p>\n<p class=\"ArticleParagraph_root__lhFZo ArticleContainer_content-width__FRl7F link_focus__0ZMwx link_externalicon-big__ZdPgo link_externalicon__qcwXs ArticleParagraph_-ticker__Dbjmy ArticleElement_article-element__q93eL\">Avec les pays partenaires et observateurs de l\u2019OCS, les chefs d\u2019Etat ou de gouvernement d\u2019une vingtaine de pays sont r\u00e9unis \u00e0 Tianjin. Les repr\u00e9sentants d\u2019une dizaine d\u2019organisations r\u00e9gionales et internationales participent \u00e9galement \u00e0 ce rendez-vous cens\u00e9 placer la Chine au coeur de la comp\u00e9tition strat\u00e9gique.<\/p>\n<p>Hier, 07h42<\/p>\n<p class=\"ArticleParagraph_root__lhFZo ArticleContainer_content-width__FRl7F link_focus__0ZMwx link_externalicon-big__ZdPgo link_externalicon__qcwXs ArticleParagraph_-ticker__Dbjmy ArticleElement_article-element__q93eL\">Le pr\u00e9sident ukrainien Volodymyr Zelensky a annonc\u00e9 lundi <a class=\"HtmlText_root__A1OSq\" href=\"https:\/\/www.24heures.ch\/ukraine-zelensky-annonce-larrestation-dune-personne-suspectee-du-meurtre-de-lex-president-du-parlement-427270094364\" rel=\"nofollow noopener\" target=\"_blank\">l\u2019arrestation<\/a> de l\u2019auteur pr\u00e9sum\u00e9 de l\u2019assassinat de l\u2019ex-pr\u00e9sident du Parlement Andri\u00ef Paroubiy. L\u2019homicide a eu lieu samedi \u00e0 Lviv, dans l\u2019ouest du pays.<\/p>\n<p><img decoding=\"async\" loading=\"lazy\" src=\"https:\/\/www.europesays.com\/fr\/wp-content\/uploads\/2025\/09\/CYHuLde-4fI9U_KyQ0VA9t.jpg\" alt=\"Le pr\u00e9sident ukrainien Volodymyr Zelensky chante l\u2019hymne national lors d\u2019une c\u00e9r\u00e9monie au Palais Mariyinsky \u00e0 Kyiv, marquant la Journ\u00e9e du Souvenir des D\u00e9fenseurs de l\u2019Ukraine le 29 ao\u00fbt 2025.\" title=\"Le pr\u00e9sident ukrainien Volodymyr Zelensky chante l\u2019hymne national lors d\u2019une c\u00e9r\u00e9monie au Palais Mariyinsky \u00e0 Kyiv, marquant la Journ\u00e9e du Souvenir des D\u00e9fenseurs de l\u2019Ukraine le 29 ao\u00fbt 2025.\" class=\"ResponsiveImage_root__ZDz10 responsive-image\" style=\"background-color:#3B3E88\"\/><\/p>\n<p>Le pr\u00e9sident ukrainien Volodymyr Zelensky.<\/p>\n<p>AFP<\/p>\n<p class=\"ArticleParagraph_root__lhFZo ArticleContainer_content-width__FRl7F link_focus__0ZMwx link_externalicon-big__ZdPgo link_externalicon__qcwXs ArticleParagraph_-ticker__Dbjmy ArticleElement_article-element__q93eL\">Le suspect a \u00e9t\u00e9 interpell\u00e9 dans la r\u00e9gion de Khmelnytsky, entre Lviv et Kiev, \u00e0 l\u2019issue d\u2019une op\u00e9ration qui a mobilis\u00e9 \u00abdes dizaines\u00bb de membres des forces de s\u00e9curit\u00e9, a pr\u00e9cis\u00e9 le ministre de l\u2019Int\u00e9rieur, Igor Klymenko.<\/p>\n<p class=\"ArticleParagraph_root__lhFZo ArticleContainer_content-width__FRl7F link_focus__0ZMwx link_externalicon-big__ZdPgo link_externalicon__qcwXs ArticleParagraph_-ticker__Dbjmy ArticleElement_article-element__q93eL\">Ce responsable a soulign\u00e9 que l\u2019assassinat avait \u00e9t\u00e9 \u00abminutieusement pr\u00e9par\u00e9\u00bb et indiqu\u00e9 que davantage de d\u00e9tails seraient livr\u00e9s par la police ult\u00e9rieurement.<\/p>\n<p class=\"ArticleParagraph_root__lhFZo ArticleContainer_content-width__FRl7F link_focus__0ZMwx link_externalicon-big__ZdPgo link_externalicon__qcwXs ArticleParagraph_-ticker__Dbjmy ArticleElement_article-element__q93eL\">Zelensky a assur\u00e9 sur les r\u00e9seaux sociaux que les investigations se poursuivaient et a remerci\u00e9 les enqu\u00eateurs pour leur \u00abtravail rapide et coordonn\u00e9\u00bb.<\/p>\n<p class=\"ArticleParagraph_root__lhFZo ArticleContainer_content-width__FRl7F link_focus__0ZMwx link_externalicon-big__ZdPgo link_externalicon__qcwXs ArticleParagraph_-ticker__Dbjmy ArticleElement_article-element__q93eL\">Andri\u00ef Paroubiy, 54 ans, \u00e9tait une figure de la r\u00e9volution pro-europ\u00e9enne du Ma\u00efdan et avait \u00e9t\u00e9 pr\u00e9sident du Parlement ukrainien, la Rada, de 2016 \u00e0 2019.<\/p>\n<p class=\"ArticleParagraph_root__lhFZo ArticleContainer_content-width__FRl7F link_focus__0ZMwx link_externalicon-big__ZdPgo link_externalicon__qcwXs ArticleParagraph_-ticker__Dbjmy ArticleElement_article-element__q93eL\">Il a \u00e9t\u00e9 tu\u00e9 par balle samedi \u00e0 Lviv, dans l\u2019ouest du pays, un assassinat que le chef du renseignement militaire ukrainien, Kyrylo Boudanov, a imput\u00e9 \u00e0 la Russie avec qui le pays est en guerre depuis f\u00e9vrier 2022.<\/p>\n<p>Hier, 07h37<\/p>\n<p class=\"ArticleParagraph_root__lhFZo ArticleContainer_content-width__FRl7F link_focus__0ZMwx link_externalicon-big__ZdPgo link_externalicon__qcwXs ArticleParagraph_-ticker__Dbjmy ArticleElement_article-element__q93eL\">Le pr\u00e9sident chinois Xi Jinping a ouvert lundi \u00e0 Tianjin (nord) <a class=\"HtmlText_root__A1OSq\" href=\"https:\/\/www.24heures.ch\/xi-reunit-poutine-et-les-grands-deurasie-denonce-un-esprit-de-guerre-froide-793906354875\" rel=\"nofollow noopener\" target=\"_blank\">un sommet<\/a> r\u00e9gional r\u00e9unissant autour de lui les leaders russe, indien et iranien et de nombreux dirigeants eurasiatiques.<\/p>\n<p><img decoding=\"async\" loading=\"lazy\" src=\"https:\/\/www.europesays.com\/fr\/wp-content\/uploads\/2025\/09\/C5oS5rQV4Vs8jjbbnrnMnR.jpg\" alt=\"Dirigeants de plusieurs pays, dont la Bi\u00e9lorussie, le Pakistan, l\u2019Ouzb\u00e9kistan, le Tadjikistan, la Russie, la Chine, le Kazakhstan, l\u2019Inde, le Kirghizistan et l\u2019Iran, posent pour une photo de groupe lors du sommet de l\u2019Organisation de coop\u00e9ration de Shanghai \u00e0 Tianjin, le 1\u1d49\u02b3 septembre 2025.\" title=\"Dirigeants de plusieurs pays, dont la Bi\u00e9lorussie, le Pakistan, l\u2019Ouzb\u00e9kistan, le Tadjikistan, la Russie, la Chine, le Kazakhstan, l\u2019Inde, le Kirghizistan et l\u2019Iran, posent pour une photo de groupe lors du sommet de l\u2019Organisation de coop\u00e9ration de Shanghai \u00e0 Tianjin, le 1\u1d49\u02b3 septembre 2025.\" class=\"ResponsiveImage_root__ZDz10 responsive-image\" style=\"background-color:#9DB7E1\"\/><\/p>\n<p>Les dirigeants de plusieurs pays, dont la Bi\u00e9lorussie, le Pakistan, l\u2019Ouzb\u00e9kistan, le Tadjikistan, la Russie, la Chine, le Kazakhstan, l\u2019Inde, le Kirghizistan et l\u2019Iran, posent pour une photo de groupe.<\/p>\n<p>AFP<\/p>\n<p class=\"ArticleParagraph_root__lhFZo ArticleContainer_content-width__FRl7F link_focus__0ZMwx link_externalicon-big__ZdPgo link_externalicon__qcwXs ArticleParagraph_-ticker__Dbjmy ArticleElement_article-element__q93eL\">Les dirigeants des dix pays membres de l\u2019Organisation de coop\u00e9ration de Shanghai (OCS) ont pos\u00e9 pour une photo de groupe sur le tapis rouge.<\/p>\n<p class=\"ArticleParagraph_root__lhFZo ArticleContainer_content-width__FRl7F link_focus__0ZMwx link_externalicon-big__ZdPgo link_externalicon__qcwXs ArticleParagraph_-ticker__Dbjmy ArticleElement_article-element__q93eL\">Suivez avec nous toutes les actualit\u00e9s autour de l\u2019Ukraine.<\/p>\n<p class=\"ArticleParagraph_root__lhFZo ArticleContainer_content-width__FRl7F link_focus__0ZMwx link_externalicon-big__ZdPgo link_externalicon__qcwXs ArticleParagraph_-ticker__Dbjmy ArticleElement_article-element__q93eL\">Vous pouvez retrouvez notre pr\u00e9c\u00e9dent live du 25 au 31 ao\u00fbt en cliquant <a class=\"HtmlText_root__A1OSq\" href=\"https:\/\/www.24heures.ch\/direct-gaza-le-plan-americain-pour-lapres-guerre-prevoir-de-deplacer-toute-la-population-783746433821\" rel=\"nofollow noopener\" target=\"_blank\">sur ce lien<\/a>.<\/p>\n<p class=\"Feedback_root__fr_Mi ArticleContainer_content-width__FRl7F\">Vous avez trouv\u00e9 une erreur?<a href=\"mailto:tes_correction@tamedia.ch?subject=Avis%20d'erreur%20%7C%20Sonia%20Imseng%20%7C%20Trump%20se%20dit%20%C2%ABtr%C3%A8s%20d%C3%A9%C3%A7u%C2%BB%20par%20Poutine%2C%20mais%20n%E2%80%99annonce%20pas%20de%20sanctions&amp;body=J'ai%20trouv%C3%A9%20une%20erreur%20dans%20cet%20article%3A%20https%3A%2F%2Fwww.24heures.ch%2Fdirect-ukraine-trump-se-dit-tres-decu-par-poutine-581359437729\" class=\"Feedback_feedbacklink__VyDCi link_underlinelink__K5Zr0\">Merci de nous la signaler.<\/a><\/p>\n<p>279 commentaires<\/p>\n","protected":false},"excerpt":{"rendered":"LiveGuerre en Ukraine \u2013 Trump se dit \u00abtr\u00e8s d\u00e9\u00e7u\u00bb par Poutine, mais n\u2019annonce pas de sanctionsZelensky rencontrera \u00e0&hellip;\n","protected":false},"author":2,"featured_media":361495,"comment_status":"","ping_status":"","sticky":false,"template":"","format":"standard","meta":{"footnotes":""},"categories":[1590],"tags":[11,1777,674,12,220],"class_list":{"0":"post-361494","1":"post","2":"type-post","3":"status-publish","4":"format-standard","5":"has-post-thumbnail","7":"category-ukraine","8":"tag-actualites","9":"tag-eu","10":"tag-europe","11":"tag-news","12":"tag-ukraine"},"share_on_mastodon":{"url":"https:\/\/pubeurope.com\/@fr\/115136378682213165","error":""},"_links":{"self":[{"href":"https:\/\/www.europesays.com\/fr\/wp-json\/wp\/v2\/posts\/361494","targetHints":{"allow":["GET"]}}],"collection":[{"href":"https:\/\/www.europesays.com\/fr\/wp-json\/wp\/v2\/posts"}],"about":[{"href":"https:\/\/www.europesays.com\/fr\/wp-json\/wp\/v2\/types\/post"}],"author":[{"embeddable":true,"href":"https:\/\/www.europesays.com\/fr\/wp-json\/wp\/v2\/users\/2"}],"replies":[{"embeddable":true,"href":"https:\/\/www.europesays.com\/fr\/wp-json\/wp\/v2\/comments?post=361494"}],"version-history":[{"count":0,"href":"https:\/\/www.europesays.com\/fr\/wp-json\/wp\/v2\/posts\/361494\/revisions"}],"wp:featuredmedia":[{"embeddable":true,"href":"https:\/\/www.europesays.com\/fr\/wp-json\/wp\/v2\/media\/361495"}],"wp:attachment":[{"href":"https:\/\/www.europesays.com\/fr\/wp-json\/wp\/v2\/media?parent=361494"}],"wp:term":[{"taxonomy":"category","embeddable":true,"href":"https:\/\/www.europesays.com\/fr\/wp-json\/wp\/v2\/categories?post=361494"},{"taxonomy":"post_tag","embeddable":true,"href":"https:\/\/www.europesays.com\/fr\/wp-json\/wp\/v2\/tags?post=361494"}],"curies":[{"name":"wp","href":"https:\/\/api.w.org\/{rel}","templated":true}]}}