{"id":361496,"date":"2025-09-02T19:33:11","date_gmt":"2025-09-02T19:33:11","guid":{"rendered":"https:\/\/www.europesays.com\/fr\/361496\/"},"modified":"2025-09-02T19:33:11","modified_gmt":"2025-09-02T19:33:11","slug":"certains-etats-instaurent-un-cours-sur-les-armes-a-feu-pour-les-eleves-des-cinq-ans","status":"publish","type":"post","link":"https:\/\/www.europesays.com\/fr\/361496\/","title":{"rendered":"certains \u00c9tats instaurent un cours sur les armes \u00e0 feu pour les \u00e9l\u00e8ves d\u00e8s cinq ans"},"content":{"rendered":"<p>Ce nouveau cours, mis en place dans l\u2019Utah ou dans l\u2019Arkansas, doit permettre aux enfants d\u2019adopter un \u00abcomportement responsable\u00bb avec les armes \u00e0 feu.<\/p>\n<p class=\"fig-paragraph\">D\u00e8s leur premi\u00e8re rentr\u00e9e \u00e0 cinq ans,\u00a0<a href=\"http:\/\/www.lefigaro.fr\/international\/etats-unis-un-enfant-de-cinq-ans-se-tue-accidentellement-avec-une-arme-laissee-sans-surveillance-20250825\" data-fig-type=\"NewsFlash\" data-gtm-custom-categorie=\"navigation\" data-gtm-custom-action=\"crossclick\" data-gtm-custom-label=\"Contextuel\" data-gtm-event=\"customEventSPE\" data-fig-domain=\"LEFIGARO\" rel=\"nofollow noopener\" target=\"_blank\">des \u00e9l\u00e8ves am\u00e9ricains<\/a>\u00a0voient s&rsquo;ajouter un nouvel enseignement qui interpelle \u00e0 leur ann\u00e9e scolaire\u00a0: un module de s\u00e9curit\u00e9 face aux armes \u00e0 feu, que l&rsquo;\u00c9tat du Tennessee (sud-est) est le premier \u00e0 instaurer. La rentr\u00e9e scolaire marque l&rsquo;entr\u00e9e en vigueur dans les \u00e9coles de cet \u00c9tat du sud-est du pays, \u00e0 majorit\u00e9 r\u00e9publicaine, d&rsquo;une loi adopt\u00e9e en 2024 par les parlementaires locaux.<\/p>\n<p class=\"fig-paragraph\">Selon un guide p\u00e9dagogique du d\u00e9partement de l&rsquo;\u00c9ducation du Tennessee, les plus jeunes enfants scolaris\u00e9s, ceux \u00e2g\u00e9s de cinq \u00e0 huit ans, devront, par exemple, apprendre \u00e0 \u00abidentifier la diff\u00e9rence entre des armes \u00e0 feu r\u00e9elles et des jouets\u00bb ou encore \u00abmontrer un comportement responsable face aux armes \u00e0 feu\u00bb. Outre les r\u00e8gles de s\u00e9curit\u00e9 \u00e0 adopter, il doit aussi leur \u00eatre enseign\u00e9 ce qu&rsquo;est la d\u00e9tente, le canon et la bouche de ce type d&rsquo;arme.<\/p>\n<p>                                    <a class=\"fig-a11y-skip a11y-hidden\" href=\"#fig-a11y-skip-main-inarticle\"><br \/>\n        Passer la publicit\u00e9<br \/>\n    <\/a><\/p>\n<p class=\"fig-paragraph\">Obligatoire et annuel jusqu&rsquo;\u00e0 la fin du lyc\u00e9e, ce nouvel enseignement se veut une r\u00e9ponse aux violences li\u00e9es aux armes \u00e0 feu, dans un pays tiraill\u00e9 entre le fl\u00e9au r\u00e9current des tueries et son attachement profond \u00e0 ces armes. Le Tennessee a \u00e9t\u00e9 le premier \u00c9tat am\u00e9ricain \u00e0 adopter une telle l\u00e9gislation. Deux autres, l&rsquo;Utah et l&rsquo;Arkansas, ont depuis vot\u00e9 des textes similaires.<\/p>\n<p>Pas de recours aux armes<\/p>\n<p class=\"fig-paragraph\">Le document de son d\u00e9partement de l&rsquo;\u00c9ducation ne contient pas de contenu p\u00e9dagogique d\u00e9taill\u00e9 ni n&rsquo;oriente vers des ressources sp\u00e9cifiques, pas plus qu&rsquo;il ne d\u00e9termine de dur\u00e9e requise pour cet enseignement. Il \u00e9tablit cependant qu&rsquo;il ne doit \u00abpas inclure le recours \u00e0 des armes \u00e0 feu, des munitions ou des tirs r\u00e9els, ni leur pr\u00e9sence\u00bb et doit \u00ab\u00eatre neutre d&rsquo;un point de vue politique\u00bb.<\/p>\n<p class=\"fig-paragraph\">Les autorit\u00e9s scolaires sont libres de faire intervenir des agents des forces de s\u00e9curit\u00e9 ou des sp\u00e9cialistes de sant\u00e9 publique. Parmi enfants et adolescents, les armes \u00e0 feu sont la premi\u00e8re cause de mortalit\u00e9 aux \u00c9tats-Unis depuis plusieurs ann\u00e9es, selon les autorit\u00e9s sanitaires am\u00e9ricaines.<\/p>\n<p class=\"fig-paragraph\">La semaine derni\u00e8re encore, deux enfants ont \u00e9t\u00e9 tu\u00e9s, et quatorze autres bless\u00e9s, quand un tireur lourdement\u00a0<a href=\"http:\/\/www.lefigaro.fr\/international\/fusillade-a-minneapolis-l-assaillant-voulait-surtout-tuer-des-enfants-selon-la-police-20250828\" data-fig-type=\"NewsFlash\" data-gtm-custom-categorie=\"navigation\" data-gtm-custom-action=\"crossclick\" data-gtm-custom-label=\"Contextuel\" data-gtm-event=\"customEventSPE\" data-fig-domain=\"LEFIGARO\" rel=\"nofollow noopener\" target=\"_blank\">arm\u00e9 a ouvert le feu<\/a>\u00a0dans une \u00e9glise de Minneapolis (nord) attenante \u00e0 une \u00e9cole catholique, deux jours apr\u00e8s la rentr\u00e9e des classes. Avec plus d&rsquo;armes \u00e0 feu en circulation que d&rsquo;habitants, les \u00c9tats-Unis affichent le taux de mortalit\u00e9 par armes le plus \u00e9lev\u00e9 de tous les pays d\u00e9velopp\u00e9s.<\/p>\n","protected":false},"excerpt":{"rendered":"Ce nouveau cours, mis en place dans l\u2019Utah ou dans l\u2019Arkansas, doit permettre aux enfants d\u2019adopter un \u00abcomportement&hellip;\n","protected":false},"author":2,"featured_media":361497,"comment_status":"","ping_status":"","sticky":false,"template":"","format":"standard","meta":{"footnotes":""},"categories":[1589],"tags":[11,2873,17226,73,1866,12,1864,1865,1863,308],"class_list":{"0":"post-361496","1":"post","2":"type-post","3":"status-publish","4":"format-standard","5":"has-post-thumbnail","7":"category-etats-unis","8":"tag-actualites","9":"tag-armes-a-feu","10":"tag-eleve","11":"tag-etats-unis","12":"tag-etats-unis-damerique","13":"tag-news","14":"tag-united-states","15":"tag-united-states-of-america","16":"tag-us","17":"tag-usa"},"share_on_mastodon":{"url":"https:\/\/pubeurope.com\/@fr\/115136378734066016","error":""},"_links":{"self":[{"href":"https:\/\/www.europesays.com\/fr\/wp-json\/wp\/v2\/posts\/361496","targetHints":{"allow":["GET"]}}],"collection":[{"href":"https:\/\/www.europesays.com\/fr\/wp-json\/wp\/v2\/posts"}],"about":[{"href":"https:\/\/www.europesays.com\/fr\/wp-json\/wp\/v2\/types\/post"}],"author":[{"embeddable":true,"href":"https:\/\/www.europesays.com\/fr\/wp-json\/wp\/v2\/users\/2"}],"replies":[{"embeddable":true,"href":"https:\/\/www.europesays.com\/fr\/wp-json\/wp\/v2\/comments?post=361496"}],"version-history":[{"count":0,"href":"https:\/\/www.europesays.com\/fr\/wp-json\/wp\/v2\/posts\/361496\/revisions"}],"wp:featuredmedia":[{"embeddable":true,"href":"https:\/\/www.europesays.com\/fr\/wp-json\/wp\/v2\/media\/361497"}],"wp:attachment":[{"href":"https:\/\/www.europesays.com\/fr\/wp-json\/wp\/v2\/media?parent=361496"}],"wp:term":[{"taxonomy":"category","embeddable":true,"href":"https:\/\/www.europesays.com\/fr\/wp-json\/wp\/v2\/categories?post=361496"},{"taxonomy":"post_tag","embeddable":true,"href":"https:\/\/www.europesays.com\/fr\/wp-json\/wp\/v2\/tags?post=361496"}],"curies":[{"name":"wp","href":"https:\/\/api.w.org\/{rel}","templated":true}]}}