{"id":361498,"date":"2025-09-02T19:34:11","date_gmt":"2025-09-02T19:34:11","guid":{"rendered":"https:\/\/www.europesays.com\/fr\/361498\/"},"modified":"2025-09-02T19:34:11","modified_gmt":"2025-09-02T19:34:11","slug":"en-sattaquant-au-regroupement-familial-le-gouvernement-britannique-tente-de-reprendre-la-main-sur-le-sujet-brulant-de-limmigration","status":"publish","type":"post","link":"https:\/\/www.europesays.com\/fr\/361498\/","title":{"rendered":"En s\u2019attaquant au regroupement familial, le gouvernement britannique tente de reprendre la main sur le sujet br\u00fblant de l\u2019immigration"},"content":{"rendered":"<p>            <a href=\"https:\/\/www.lefigaro.fr\/vox\/societe\/vingt-ans-avant-jean-pormanove-gerard-de-suresnes-cet-autre-souffre-douleur-pris-au-piege-de-la-celebrite-20250825\" class=\"fig-ranking-profile-link\" aria-label=\"Vingt ans avant Jean Pormanove, G\u00e9rard de Suresnes, cet autre souffre-douleur pris au pi\u00e8ge de la c\u00e9l\u00e9brit\u00e9 (article Premium)\" title=\"Vingt ans avant Jean Pormanove, G\u00e9rard de Suresnes, cet autre souffre-douleur pris au pi\u00e8ge de la c\u00e9l\u00e9brit\u00e9 (article Premium)\" data-fig-domain=\"LEFIGARO\" target=\"_blank\" rel=\"noopener\"><\/p>\n<p>        Vingt ans avant Jean Pormanove, G\u00e9rard de Suresnes, cet autre souffre-douleur pris au pi\u00e8ge de la c\u00e9l\u00e9brit\u00e9<\/p>\n<p>                                                <\/a><\/p>\n<p>        <img   class=\"fig-img fig-ranking-profile-media-small-picture__photo\" alt=\"Vingt ans avant Jean Pormanove, G\u00e9rard de Suresnes, cet autre souffre-douleur pris au pi\u00e8ge de la c\u00e9l\u00e9brit\u00e9\" height=\"1819\" width=\"3000\"\/><\/p>\n<p class=\"fig-ranking-profile-standfirst\">\n    <strong>TRIBUNE &#8211; <\/strong>De 1996 \u00e0 2002, un SDF connu sous le nom de G\u00e9rard de Suresnes essuyait r\u00e9guli\u00e8rement des moqueries \u00e0 l\u2019antenne de Fun Radio. Son histoire, racont\u00e9e dans le livre Le Con de minuit, pr\u00e9sente de tragiques similitudes avec celle du streamer d\u00e9c\u00e9d\u00e9 en direct, expose l\u2019avocat Olivier Amiel.\n<\/p>\n<p>            <a href=\"https:\/\/www.lefigaro.fr\/vox\/societe\/thierry-breton-face-aux-nouvelles-menaces-de-donald-trump-l-union-europeenne-ne-peut-plus-accepter-la-soumission-20250828\" class=\"fig-ranking-profile-link\" aria-label=\"Thierry Breton\u00a0: \u00abFace aux nouvelles menaces de Donald Trump, l\u2019Union europ\u00e9enne ne peut plus accepter la soumission\u00bb (article Premium)\" title=\"Thierry Breton\u00a0: \u00abFace aux nouvelles menaces de Donald Trump, l\u2019Union europ\u00e9enne ne peut plus accepter la soumission\u00bb (article Premium)\" data-fig-domain=\"LEFIGARO\" target=\"_blank\" rel=\"noopener\"><\/p>\n<p>        Thierry Breton\u00a0: \u00abFace aux nouvelles menaces de Donald Trump, l\u2019Union europ\u00e9enne ne peut plus accepter la soumission\u00bb<\/p>\n<p>                                                <\/a><\/p>\n<p>        <img   class=\"fig-img fig-ranking-profile-media-small-picture__photo\" alt=\"Thierry Breton\u00a0: \u00abFace aux nouvelles menaces de Donald Trump, l\u2019Union europ\u00e9enne ne peut plus accepter la soumission\u00bb\" height=\"1339\" width=\"2380\"\/><\/p>\n<p class=\"fig-ranking-profile-standfirst\">\n    <strong>TRIBUNE &#8211;<\/strong> Consid\u00e9rant que les r\u00e9glementations europ\u00e9ennes comme le DSA (Digital Services Act) entravent les entreprises am\u00e9ricaines de la tech, Donald Trump a menac\u00e9 d\u2019imposer de nouveaux droits de douane. L\u2019attaque de trop, estime l\u2019ancien commissaire europ\u00e9en en charge du March\u00e9 int\u00e9rieur et du Num\u00e9rique.\n<\/p>\n<p>            <a href=\"https:\/\/www.lefigaro.fr\/vox\/societe\/affaire-molenbeek-cernee-par-l-islamisme-et-la-censure-bruxelles-est-en-pleine-decomposition-20250902\" class=\"fig-ranking-profile-link\" data-fig-domain=\"LEFIGARO\" target=\"_blank\" rel=\"noopener\"><\/p>\n<p>        Affaire Molenbeek\u00a0: \u00abCern\u00e9e par l\u2019islamisme et la censure, Bruxelles est en pleine d\u00e9composition\u00bb<\/p>\n<p>                                                <\/a><\/p>\n<p>        <img   class=\"fig-img fig-ranking-profile-media-small-picture__photo\" alt=\"Affaire Molenbeek\u00a0: \u00abCern\u00e9e par l\u2019islamisme et la censure, Bruxelles est en pleine d\u00e9composition\u00bb\" height=\"3000\" width=\"1688\"\/><\/p>\n<p class=\"fig-ranking-profile-standfirst\">\n    <strong>FIGAROVOX\/TRIBUNE &#8211;<\/strong> Une vid\u00e9o invitant les habitants de Molenbeek \u00e0 \u00ab d\u00e9gager\u00a0\u00bb s\u2019ils refusent le port du voile dans leur commune a rencontr\u00e9 une vaste audience sur les r\u00e9seaux sociaux. Un incident r\u00e9v\u00e9lateur des maux qui rongent la capitale belge, pointe le s\u00e9nateur honoraire belge Alain Destexhe.<\/p>\n","protected":false},"excerpt":{"rendered":"Vingt ans avant Jean Pormanove, G\u00e9rard de Suresnes, cet autre souffre-douleur pris au pi\u00e8ge de la c\u00e9l\u00e9brit\u00e9 TRIBUNE&hellip;\n","protected":false},"author":2,"featured_media":361499,"comment_status":"","ping_status":"","sticky":false,"template":"","format":"standard","meta":{"footnotes":""},"categories":[1588],"tags":[11,1777,674,1061,6734,12,473,1853,1851,1850,1852],"class_list":{"0":"post-361498","1":"post","2":"type-post","3":"status-publish","4":"format-standard","5":"has-post-thumbnail","7":"category-royaume-uni","8":"tag-actualites","9":"tag-eu","10":"tag-europe","11":"tag-immigration","12":"tag-immigration-clandestine","13":"tag-news","14":"tag-royaume-uni","15":"tag-royaume-uni-de-grande-bretagne-et-dirlande-du-nord","16":"tag-uk","17":"tag-united-kingdom","18":"tag-united-kingdom-of-great-britain-and-northern-ireland"},"share_on_mastodon":{"url":"https:\/\/pubeurope.com\/@fr\/115136381754199206","error":""},"_links":{"self":[{"href":"https:\/\/www.europesays.com\/fr\/wp-json\/wp\/v2\/posts\/361498","targetHints":{"allow":["GET"]}}],"collection":[{"href":"https:\/\/www.europesays.com\/fr\/wp-json\/wp\/v2\/posts"}],"about":[{"href":"https:\/\/www.europesays.com\/fr\/wp-json\/wp\/v2\/types\/post"}],"author":[{"embeddable":true,"href":"https:\/\/www.europesays.com\/fr\/wp-json\/wp\/v2\/users\/2"}],"replies":[{"embeddable":true,"href":"https:\/\/www.europesays.com\/fr\/wp-json\/wp\/v2\/comments?post=361498"}],"version-history":[{"count":0,"href":"https:\/\/www.europesays.com\/fr\/wp-json\/wp\/v2\/posts\/361498\/revisions"}],"wp:featuredmedia":[{"embeddable":true,"href":"https:\/\/www.europesays.com\/fr\/wp-json\/wp\/v2\/media\/361499"}],"wp:attachment":[{"href":"https:\/\/www.europesays.com\/fr\/wp-json\/wp\/v2\/media?parent=361498"}],"wp:term":[{"taxonomy":"category","embeddable":true,"href":"https:\/\/www.europesays.com\/fr\/wp-json\/wp\/v2\/categories?post=361498"},{"taxonomy":"post_tag","embeddable":true,"href":"https:\/\/www.europesays.com\/fr\/wp-json\/wp\/v2\/tags?post=361498"}],"curies":[{"name":"wp","href":"https:\/\/api.w.org\/{rel}","templated":true}]}}