{"id":361500,"date":"2025-09-02T19:35:14","date_gmt":"2025-09-02T19:35:14","guid":{"rendered":"https:\/\/www.europesays.com\/fr\/361500\/"},"modified":"2025-09-02T19:35:14","modified_gmt":"2025-09-02T19:35:14","slug":"football-lallemagne-domine-le-luxembourg-selon-julian-nagelsmann","status":"publish","type":"post","link":"https:\/\/www.europesays.com\/fr\/361500\/","title":{"rendered":"Football: L&rsquo;Allemagne domine le Luxembourg selon Julian Nagelsmann"},"content":{"rendered":"<p>Publi\u00e92. septembre 2025, 15:52<\/p>\n<p>Football: Le Luxembourg, un adversaire facile, selon le coach allemand<\/p>\n<p>L&rsquo;Allemagne affrontera le Luxembourg le 10 octobre. Nagelsmann s&rsquo;attend \u00e0 une domination de son \u00e9quipe.<\/p>\n<p>La Coupe du monde de football 2026 aux \u00c9tats-Unis, au Mexique et au Canada approche, et avec elle les qualifications d\u00e9cisives.  Pour le Luxembourg, il s&rsquo;agira d\u00e8s octobre de s&rsquo;imposer dans un groupe de quatre contre un poids lourd comme l&rsquo;Allemagne, et face \u00e0 la Slovaquie et l&rsquo;Irlande du Nord. Le plus grand obstacle: la Mannschaft du s\u00e9lectionneur Julian Nagelsmann, grande favorite du groupe.<\/p>\n<p>Le statut de favori dans le groupe est une \u00e9vidence pour Nagelsmann. \u00abLa Slovaquie, l&rsquo;Irlande du Nord et le Luxembourg ne sont pas du calibre des adversaires qui devraient poser de gros probl\u00e8mes \u00e0 l&rsquo;\u00e9quipe nationale\u00bb, a d\u00e9clar\u00e9 le s\u00e9lectionneur de 38\u00a0ans. Pour lui, il ne s&rsquo;agit pas seulement de victoires, mais de prestations sans \u00e9quivoque: \u00abJ&rsquo;ai la pr\u00e9tention que nous passions ces qualifications avec une bonne domination. Cela ne signifie pas que nous allons gagner chaque match 5-0, mais que nous allons g\u00e9rer les six matches de mani\u00e8re \u00e0 ne laisser aucun doute planer.\u00bb<\/p>\n<p>Le 10\u00a0octobre, le Luxembourg affrontera l&rsquo;\u00e9quipe nationale allemande \u00e0 Sinsheim, une premi\u00e8re depuis un bail. Le match retour aura lieu le 14\u00a0novembre au Luxembourg; il pourrait s&rsquo;agir du match d\u00e9cisif pour le classement. Seuls les vainqueurs de groupe se qualifient directement pour le Mondial. Les \u00e9quipes class\u00e9es de la deuxi\u00e8me \u00e0 la quatri\u00e8me place n&rsquo;ont que l&rsquo;espoir des barrages.<\/p>\n<p>Apr\u00e8s une phase finale de Ligue des nations d\u00e9cevante, Nagelsmann a annonc\u00e9 des changements d&rsquo;effectif et de tactique. Le capitaine Joshua Kimmich reprend sa place de milieu d\u00e9fensif. Cela devrait, selon Nagelsmann, \u00abapporter une stabilit\u00e9 suppl\u00e9mentaire\u00bb. Des questions restent cependant en suspens: qui assumera le r\u00f4le d&rsquo;arri\u00e8re-droit et comment la formation va-t-elle \u00e9voluer dans l&rsquo;ensemble? Le s\u00e9lectionneur a d\u00e9lib\u00e9r\u00e9ment laiss\u00e9 beaucoup de points en suspens.<\/p>\n<p>La t\u00e2che qui attend les \u00abRoud L\u00e9iwen\u00bb est immense: l&rsquo;Allemagne n&rsquo;a encore jamais manqu\u00e9 une qualification pour la Coupe du monde de son histoire et a remport\u00e9 le titre \u00e0 quatre reprises. Le Luxembourg et <a href=\"https:\/\/www.lessentiel.lu\/fr\/story\/football-jeff-strasser-ma-volonte-c-est-que-anthony-moris-continue-103400703\" rel=\"nofollow noopener\" target=\"_blank\">son nouveau s\u00e9lectionneur Jeff Strasser<\/a> affronteront l&rsquo;Irlande du Nord d\u00e8s jeudi prochain et la Slovaquie le 7 septembre, deux \u00e9quipes qui ont \u00e9galement beaucoup d&rsquo;exp\u00e9rience internationale.<\/p>\n<p>Tu nous suis d\u00e9j\u00e0 sur WhatsApp?<\/p>\n<p>Abonne-toi \u00e0 notre cha\u00eene, active la petite \ud83d\udd14 et tu recevras un <strong>r\u00e9cap de l&rsquo;actu<\/strong> chaque jour en <strong>d\u00e9but de soir\u00e9e<\/strong>.<\/p>\n<p>(dpa, vs)<\/p>\n","protected":false},"excerpt":{"rendered":"Publi\u00e92. septembre 2025, 15:52 Football: Le Luxembourg, un adversaire facile, selon le coach allemand L&rsquo;Allemagne affrontera le Luxembourg&hellip;\n","protected":false},"author":2,"featured_media":361501,"comment_status":"","ping_status":"","sticky":false,"template":"","format":"standard","meta":{"footnotes":""},"categories":[1587],"tags":[11,672,1804,1805,1803,1777,674,1801,12,1802],"class_list":{"0":"post-361500","1":"post","2":"type-post","3":"status-publish","4":"format-standard","5":"has-post-thumbnail","7":"category-allemagne","8":"tag-actualites","9":"tag-allemagne","10":"tag-bundesrepublik-deutschland","11":"tag-de","12":"tag-deutschland","13":"tag-eu","14":"tag-europe","15":"tag-germany","16":"tag-news","17":"tag-republique-federale-dallemagne"},"share_on_mastodon":{"url":"","error":""},"_links":{"self":[{"href":"https:\/\/www.europesays.com\/fr\/wp-json\/wp\/v2\/posts\/361500","targetHints":{"allow":["GET"]}}],"collection":[{"href":"https:\/\/www.europesays.com\/fr\/wp-json\/wp\/v2\/posts"}],"about":[{"href":"https:\/\/www.europesays.com\/fr\/wp-json\/wp\/v2\/types\/post"}],"author":[{"embeddable":true,"href":"https:\/\/www.europesays.com\/fr\/wp-json\/wp\/v2\/users\/2"}],"replies":[{"embeddable":true,"href":"https:\/\/www.europesays.com\/fr\/wp-json\/wp\/v2\/comments?post=361500"}],"version-history":[{"count":0,"href":"https:\/\/www.europesays.com\/fr\/wp-json\/wp\/v2\/posts\/361500\/revisions"}],"wp:featuredmedia":[{"embeddable":true,"href":"https:\/\/www.europesays.com\/fr\/wp-json\/wp\/v2\/media\/361501"}],"wp:attachment":[{"href":"https:\/\/www.europesays.com\/fr\/wp-json\/wp\/v2\/media?parent=361500"}],"wp:term":[{"taxonomy":"category","embeddable":true,"href":"https:\/\/www.europesays.com\/fr\/wp-json\/wp\/v2\/categories?post=361500"},{"taxonomy":"post_tag","embeddable":true,"href":"https:\/\/www.europesays.com\/fr\/wp-json\/wp\/v2\/tags?post=361500"}],"curies":[{"name":"wp","href":"https:\/\/api.w.org\/{rel}","templated":true}]}}