{"id":361504,"date":"2025-09-02T19:37:16","date_gmt":"2025-09-02T19:37:16","guid":{"rendered":"https:\/\/www.europesays.com\/fr\/361504\/"},"modified":"2025-09-02T19:37:16","modified_gmt":"2025-09-02T19:37:16","slug":"sondage-les-albanais-sont-en-tete-en-termes-de-confiance-et-de-soutien-a-lue","status":"publish","type":"post","link":"https:\/\/www.europesays.com\/fr\/361504\/","title":{"rendered":"Sondage\u00a0: les Albanais sont en t\u00eate en termes de confiance et de soutien \u00e0 l&rsquo;UE"},"content":{"rendered":"<p>                                                Sondage : les Albanais sont en t\u00eate en termes de confiance et de soutien \u00e0 l&rsquo;UE                    <\/p>\n<p>                        <img decoding=\"async\" src=\"https:\/\/www.europesays.com\/fr\/wp-content\/uploads\/2025\/09\/xxxx-600x360.jpg\" alt=\"\"\/><\/p>\n<p>                        Albanie<\/p>\n<p>                            <img decoding=\"async\" src=\"https:\/\/www.europesays.com\/fr\/wp-content\/uploads\/2025\/08\/1754177174_227_LogoExpress-96x96.png\" alt=\"\"\/><\/p>\n<p>                        Gazeta Express<br \/>\n                        02\/09\/2025 20:27<\/p>\n<p class=\"gt-block\">Les Albanais sont parmi les citoyens les plus enthousiastes \u00e0 l&rsquo;id\u00e9e d&rsquo;adh\u00e9rer \u00e0 l&rsquo;Union europ\u00e9enne, selon le dernier sondage Eurobarom\u00e8tre, r\u00e9alis\u00e9 en f\u00e9vrier-mars 2025. Le soutien \u00e0 l&rsquo;int\u00e9gration en Albanie atteint 91 %, le niveau le plus \u00e9lev\u00e9 des Balkans et parmi les plus \u00e9lev\u00e9s de tous les pays inclus dans l&rsquo;enqu\u00eate. <\/p>\n<p data-start=\"428\" data-end=\"696\">En deuxi\u00e8me position, les citoyens de Mac\u00e9doine du Nord soutiennent \u00e0 69 % l&rsquo;adh\u00e9sion \u00e0 l&rsquo;UE. Dans les deux pays, les citoyens soulignent des avantages tels que l&rsquo;am\u00e9lioration de la qualit\u00e9 de vie, l&rsquo;ouverture des fronti\u00e8res, l&rsquo;aide au d\u00e9veloppement \u00e9conomique et la lutte contre la corruption. Au niveau de l&rsquo;Union europ\u00e9enne, 56 % des personnes interrog\u00e9es estiment que l&rsquo;\u00e9largissement serait positif pour leur pays. Le soutien est particuli\u00e8rement \u00e9lev\u00e9 chez les jeunes de 15 \u00e0 39 ans, dont environ les deux tiers sont favorables \u00e0 l&rsquo;\u00e9largissement \u00e0 des pays remplissant les conditions n\u00e9cessaires. Cependant, les citoyens de l&rsquo;UE et des pays candidats expriment \u00e9galement des inqui\u00e9tudes, telles que les migrations, la corruption, la criminalit\u00e9 et le co\u00fbt financier de l&rsquo;\u00e9largissement. La Serbie affiche le niveau de soutien le plus faible de la r\u00e9gion \u2013 seulement 2 % \u2013 en raison de la m\u00e9fiance politique \u00e0 l&rsquo;\u00e9gard de l&rsquo;Union. L&rsquo;enqu\u00eate a port\u00e9 sur plus de 3\u00a033 citoyens des 26,300 \u00c9tats membres de l&rsquo;UE et 27\u00a01,000 citoyens de chaque pays candidat ou candidat potentiel \u00e0 l&rsquo;adh\u00e9sion. Les r\u00e9sultats r\u00e9v\u00e8lent une image plus positive de l&rsquo;UE dans les Balkans occidentaux que dans le reste de l&rsquo;Europe de l&rsquo;Est.<\/p>\n","protected":false},"excerpt":{"rendered":"Sondage : les Albanais sont en t\u00eate en termes de confiance et de soutien \u00e0 l&rsquo;UE Albanie Gazeta&hellip;\n","protected":false},"author":2,"featured_media":361505,"comment_status":"","ping_status":"","sticky":false,"template":"","format":"standard","meta":{"footnotes":""},"categories":[1586],"tags":[11,1777,674,1779,1011,27,12,25,1778,364],"class_list":{"0":"post-361504","1":"post","2":"type-post","3":"status-publish","4":"format-standard","5":"has-post-thumbnail","7":"category-europe","8":"tag-actualites","9":"tag-eu","10":"tag-europe","11":"tag-european-union","12":"tag-fr","13":"tag-france","14":"tag-news","15":"tag-republique-francaise","16":"tag-ue","17":"tag-union-europeenne"},"share_on_mastodon":{"url":"https:\/\/pubeurope.com\/@fr\/115136393705294786","error":""},"_links":{"self":[{"href":"https:\/\/www.europesays.com\/fr\/wp-json\/wp\/v2\/posts\/361504","targetHints":{"allow":["GET"]}}],"collection":[{"href":"https:\/\/www.europesays.com\/fr\/wp-json\/wp\/v2\/posts"}],"about":[{"href":"https:\/\/www.europesays.com\/fr\/wp-json\/wp\/v2\/types\/post"}],"author":[{"embeddable":true,"href":"https:\/\/www.europesays.com\/fr\/wp-json\/wp\/v2\/users\/2"}],"replies":[{"embeddable":true,"href":"https:\/\/www.europesays.com\/fr\/wp-json\/wp\/v2\/comments?post=361504"}],"version-history":[{"count":0,"href":"https:\/\/www.europesays.com\/fr\/wp-json\/wp\/v2\/posts\/361504\/revisions"}],"wp:featuredmedia":[{"embeddable":true,"href":"https:\/\/www.europesays.com\/fr\/wp-json\/wp\/v2\/media\/361505"}],"wp:attachment":[{"href":"https:\/\/www.europesays.com\/fr\/wp-json\/wp\/v2\/media?parent=361504"}],"wp:term":[{"taxonomy":"category","embeddable":true,"href":"https:\/\/www.europesays.com\/fr\/wp-json\/wp\/v2\/categories?post=361504"},{"taxonomy":"post_tag","embeddable":true,"href":"https:\/\/www.europesays.com\/fr\/wp-json\/wp\/v2\/tags?post=361504"}],"curies":[{"name":"wp","href":"https:\/\/api.w.org\/{rel}","templated":true}]}}