{"id":361512,"date":"2025-09-02T19:41:11","date_gmt":"2025-09-02T19:41:11","guid":{"rendered":"https:\/\/www.europesays.com\/fr\/361512\/"},"modified":"2025-09-02T19:41:11","modified_gmt":"2025-09-02T19:41:11","slug":"vous-etes-golfeur-participez-a-cette-competition-au-profit-des-blesses-de-guerre-a-saint-raphael","status":"publish","type":"post","link":"https:\/\/www.europesays.com\/fr\/361512\/","title":{"rendered":"Vous \u00eates golfeur? Participez \u00e0 cette comp\u00e9tition au profit des bless\u00e9s de guerre \u00e0 Saint-Rapha\u00ebl"},"content":{"rendered":"<p data-start=\"249\" data-end=\"939\">C\u2019est une premi\u00e8re. \u00ab\u00a0Mais c\u2019est une premi\u00e8re tellement \u00e9vidente\u00a0\u00bb, r\u00e9fl\u00e9chit Jean-Pierre Bensa\u00efdani, d\u00e9l\u00e9gu\u00e9 aux partenariats au sein du r\u00e9seau d\u2019entreprises <strong>CPG 83<\/strong>, qui est \u00e0 l\u2019initiative de l\u2019\u00e9v\u00e9nement.<\/p>\n<p data-start=\"249\" data-end=\"939\">\u00ab\u00a0Aujourd\u2019hui, on a nos militaires, quel que soit le corps d\u2019arme, qui sont en ce moment au-devant de la sc\u00e8ne et prennent des risques pour nous, pour le pays. C\u2019est \u00e0 nous, soci\u00e9t\u00e9 civile, de pouvoir leur dire merci en organisant, ainsi, une comp\u00e9tition de golf au profit des bless\u00e9s de guerre, o\u00f9 tous les fonds leur seront revers\u00e9s. Et m\u00eame au-del\u00e0 de l\u2019aspect financier, le message fort est de leur dire que la soci\u00e9t\u00e9 reconna\u00eet ce que vous faites pour nous et vous en remercie.\u00a0\u00bb<\/p>\n<p data-start=\"941\" data-end=\"1524\">Du nom de <strong data-start=\"951\" data-end=\"975\">Troph\u00e9e du C\u0153ur Arm\u00e9<\/strong>, cette comp\u00e9tition de golf, premi\u00e8re du nom, est ouverte \u00e0 tous, n\u00e9ophytes ou sportifs confirm\u00e9s, le dimanche 7 septembre au sein du Golf de l\u2019Est\u00e9rel. Un \u00e9v\u00e9nement plac\u00e9 sous le parrainage du 21e RIMa, et qui va allier sport et solidarit\u00e9.<\/p>\n<p data-start=\"941\" data-end=\"1524\">D\u00e8s 7 heures du matin, la comp\u00e9tition d\u00e9bute. Mais tout au long du dimanche, ce sont diff\u00e9rents concours qui vont se mettre en place (de drive, d\u2019approche, de putting&#8230;) Des animations vont ponctuer la journ\u00e9e, et une grande tombola, avec de nombreux lots \u00e0 gagner, viendra r\u00e9compenser les plus chanceux.<\/p>\n<p data-start=\"941\" data-end=\"1524\">\u00ab\u00a0Que cette op\u00e9ration fasse des petits sur d\u2019autres territoires\u00a0\u00bb<\/p>\n<p data-start=\"1602\" data-end=\"2054\">\u00ab\u00a0Au d\u00e9part, l\u2019id\u00e9e de base \u00e9tait d\u2019aider nos militaires affect\u00e9s par divers traumatismes ou blessures. Et l\u2019id\u00e9e d\u2019une comp\u00e9tition caritative et sportive, de golf en l\u2019occurrence, est venue naturellement\u00a0\u00bb, assurent de leur c\u00f4t\u00e9 le pr\u00e9sident du CPG 83 Thierry Gilot et le vice-pr\u00e9sident \u00c9ric Chabidon. \u00ab\u00a0L\u2019id\u00e9e est de r\u00e9colter des fonds et f\u00e9d\u00e9rer le plus de monde possible, en esp\u00e9rant que cette op\u00e9ration fasse des petits sur d\u2019autres territoires.\u00a0\u00bb<\/p>\n<p data-start=\"2056\" data-end=\"2592\">Organiser cet \u00e9v\u00e9nement solidaire au Golf de l\u2019Est\u00e9rel s\u2019est \u00e9galement impos\u00e9 de mani\u00e8re naturelle, car la structure a une longue tradition de solidarit\u00e9.\u00a0\u00ab\u00a0Au sein de l\u2019Association sportive Golf Est\u00e9rel, justement, le paragolf, ou golf pratiqu\u00e9 par des personnes \u00e0 mobilit\u00e9 r\u00e9duite, est tr\u00e8s pratiqu\u00e9. Le joueur est identique au golfeur lambda. D\u2019ailleurs j\u2019esp\u00e8re qu\u2019\u00e0 l\u2019avenir, des militaires handicap\u00e9s viendront nourrir notre section paragolf\u00a0\u00bb, affirme Jo\u00ebl Tr\u00e9visan, de l\u2019Association sportive Golf Est\u00e9rel, d\u00e9l\u00e9gu\u00e9 au paragolf.<\/p>\n<p data-start=\"2594\" data-end=\"2938\">\u00ab\u00a0C\u2019est tr\u00e8s important pour nous de sentir qu\u2019on est soutenus, et que le lien arm\u00e9e-nation n\u2019est pas qu\u2019une expression: l\u00e0 on le vit de fa\u00e7on concr\u00e8te\u00a0\u00bb, s\u2019enthousiasme le colonel Damien Delort, chef de corps du 21e RIMa. \u00ab\u00a0On ressent, surtout ici \u00e0 Fr\u00e9jus Saint-Rapha\u00ebl, que la population et ses repr\u00e9sentants politiques sont derri\u00e8re nous.\u00a0\u00bb<\/p>\n<p data-start=\"2594\" data-end=\"2938\"><strong data-start=\"2945\" data-end=\"2986\">Inscrivez-vous, il reste des places!<\/strong><br data-start=\"2986\" data-end=\"2989\"\/>&#13;<br \/>\nPar e-mail \u00e0 <a class=\"decorated-link cursor-pointer\" rel=\"noopener\" data-start=\"3004\" data-end=\"3029\">contact@asgolfesterel.com<\/a> ou au 06.23.08.18.18.<br data-start=\"3057\" data-end=\"3060\"\/>&#13;<br \/>\nTroph\u00e9e du c\u0153ur arm\u00e9, avec l\u2019int\u00e9gralit\u00e9 des b\u00e9n\u00e9fices revers\u00e9e aux bless\u00e9s de guerre.<\/p>\n<p>            Le CPG 83, un r\u00e9seau de professionnels<\/p>\n<p>Cr\u00e9\u00e9 en 2013, ce r\u00e9seau d\u2019entrepreneurs de l\u2019Est-Var regroupe des adh\u00e9rents d\u00e9sireux de d\u00e9velopper leur activit\u00e9, d\u2019\u00e9changer des id\u00e9es et de collaborer sur des projets communs. Au-del\u00e0 des rencontres professionnelles, le CPG 83 propose un cadre propice \u00e0 un dialogue constructif, \u00e0 la d\u00e9couverte de nouvelles expertises et \u00e0 l\u2019\u00e9tablissement de partenariats et de liens \u00e0 la fois solides et amicaux. \u00ab\u00a0Nous avons 85 entreprises, au sein de notre r\u00e9seau, principalement de Fr\u00e9jus et Saint-Rapha\u00ebl, mais pas seulement, assure le pr\u00e9sident Thierry Gilot. L\u2019un des objectifs est de pr\u00e9senter au client un ensemble de professionnels reconnus et de qualit\u00e9. Notre r\u00e9seau, c\u2019est avant de la recommandation, avec un esprit tr\u00e8s convivial, et dans un esprit de partage. La dimension caritative est \u00e9galement tr\u00e8s importante pour nous.\u00a0\u00bb<\/p>\n<p>D\u2019ailleurs, \u00e0 ce sujet, les \u00e9v\u00e9nements organis\u00e9s sont nombreux, et cette comp\u00e9tition de golf en est l\u2019exemple. \u00ab\u00a0On essaie de s\u2019ouvrir \u00e0 de nouveaux partenaires afin de rassembler les \u00e9nergies pour l\u2019organisation d\u2019\u00e9v\u00e9nements solidaires et caritatifs. Par exemple on aide l\u2019association \u00ab\u00a0Le Chant des Dauphins\u00a0\u00bb et on participe \u00e0 la prochaine \u00ab\u00a0Leo Paddle Race\u00a0\u00bb*.\u00a0\u00bb<\/p>\n<p>*Elle aura lieu le 14 septembre.<\/p>\n<p>Rendez-vous sur <a href=\"http:\/\/www.cpg83.fr\" target=\"_blank\" rel=\"noopener\">www.cpg83.fr<\/a><\/p>\n","protected":false},"excerpt":{"rendered":"C\u2019est une premi\u00e8re. \u00ab\u00a0Mais c\u2019est une premi\u00e8re tellement \u00e9vidente\u00a0\u00bb, r\u00e9fl\u00e9chit Jean-Pierre Bensa\u00efdani, d\u00e9l\u00e9gu\u00e9 aux partenariats au sein du&hellip;\n","protected":false},"author":2,"featured_media":361513,"comment_status":"","ping_status":"","sticky":false,"template":"","format":"standard","meta":{"footnotes":""},"categories":[1418],"tags":[1011,27,1472,60,3366],"class_list":{"0":"post-361512","1":"post","2":"type-post","3":"status-publish","4":"format-standard","5":"has-post-thumbnail","7":"category-golf","8":"tag-fr","9":"tag-france","10":"tag-golf","11":"tag-sports","12":"tag-vie-locale"},"share_on_mastodon":{"url":"https:\/\/pubeurope.com\/@fr\/115136409288700524","error":""},"_links":{"self":[{"href":"https:\/\/www.europesays.com\/fr\/wp-json\/wp\/v2\/posts\/361512","targetHints":{"allow":["GET"]}}],"collection":[{"href":"https:\/\/www.europesays.com\/fr\/wp-json\/wp\/v2\/posts"}],"about":[{"href":"https:\/\/www.europesays.com\/fr\/wp-json\/wp\/v2\/types\/post"}],"author":[{"embeddable":true,"href":"https:\/\/www.europesays.com\/fr\/wp-json\/wp\/v2\/users\/2"}],"replies":[{"embeddable":true,"href":"https:\/\/www.europesays.com\/fr\/wp-json\/wp\/v2\/comments?post=361512"}],"version-history":[{"count":0,"href":"https:\/\/www.europesays.com\/fr\/wp-json\/wp\/v2\/posts\/361512\/revisions"}],"wp:featuredmedia":[{"embeddable":true,"href":"https:\/\/www.europesays.com\/fr\/wp-json\/wp\/v2\/media\/361513"}],"wp:attachment":[{"href":"https:\/\/www.europesays.com\/fr\/wp-json\/wp\/v2\/media?parent=361512"}],"wp:term":[{"taxonomy":"category","embeddable":true,"href":"https:\/\/www.europesays.com\/fr\/wp-json\/wp\/v2\/categories?post=361512"},{"taxonomy":"post_tag","embeddable":true,"href":"https:\/\/www.europesays.com\/fr\/wp-json\/wp\/v2\/tags?post=361512"}],"curies":[{"name":"wp","href":"https:\/\/api.w.org\/{rel}","templated":true}]}}