{"id":361514,"date":"2025-09-02T19:43:12","date_gmt":"2025-09-02T19:43:12","guid":{"rendered":"https:\/\/www.europesays.com\/fr\/361514\/"},"modified":"2025-09-02T19:43:12","modified_gmt":"2025-09-02T19:43:12","slug":"nrl-la-blague-de-reece-walsh-tombe-a-leau-rugby-a-xiii","status":"publish","type":"post","link":"https:\/\/www.europesays.com\/fr\/361514\/","title":{"rendered":"NRL &#8211; La blague de Reece Walsh tombe \u00e0 l&rsquo;eau &#8211; Rugby \u00e0 XIII"},"content":{"rendered":"<p style=\"text-align: justify;\"><strong>Quand on est une star d\u2019un sport majeur dans son pays, on ne peut pas tout se permettre sur les r\u00e9seaux. Reece Walsh ne l\u2019a pas encore compris.<\/strong><\/p>\n<p style=\"text-align: justify;\">Fantasque sur le terrain, il l\u2019est aussi dans la vie. Il y a quelque temps, Reece Walsh avait d\u00e9j\u00e0 fait pol\u00e9mique apr\u00e8s une vid\u00e9o le montrant frapper un ami \u00e0 lui avec un gant de boxe. Rien de grave en priv\u00e9 mais lorsque les images font le tour du net, c\u2019est un autre probl\u00e8me. Cette fois-ci, il est seul avec son t\u00e9l\u00e9phone, se filmant en train de boire l\u2019eau de la chasse de ces toilettes. Cette \u00ab\u00a0activit\u00e9\u00a0\u00bb n\u2019est pas sans rappeler le c\u00e9l\u00e8bre clich\u00e9 de Todd Carney, l\u2019ancien Dragons Catalans, lui aussi dans des toilettes. Je vous laisse le soin de chercher l\u2019info par vous-m\u00eame.<\/p>\n<p style=\"text-align: justify;\">A priori, il s\u2019agissait simplement d\u2019une blague potache se moquant des nombreux conseils qu\u2019on peut trouver sur les r\u00e9seaux puisque Walsh dit dans sa vid\u00e9o :<\/p>\n<blockquote>\n<p style=\"text-align: justify;\">Il existe une nouvelle forme de r\u00e9cup\u00e9ration pour les muscles. Vous connaissez l\u2019eau des toilettes ? Buvez-en un peu.<\/p>\n<\/blockquote>\n<p style=\"text-align: justify;\">Chacun aura son avis sur la qualit\u00e9 de la blague, en tout cas, on a trouv\u00e9 celui qui n\u2019avait pas d\u2019humour et c\u2019est Brad Fittler. La l\u00e9gende des Blues a r\u00e9agi :<\/p>\n<blockquote>\n<p style=\"text-align: justify;\">Il boit son urine non ? Cette fois il a \u00e9t\u00e9 trop loin.<\/p>\n<\/blockquote>\n<p style=\"text-align: justify;\">Rien de tr\u00e8s grave donc finalement si ce n\u2019est une nouvelle fois une star du sport qui ne se rend pas compte de son impact sur son image, sur celle de son club et sur celle de son sport. Une situation que l\u2019on trouve dans de nombreux sports aujourd\u2019hui et qui m\u00e9riterait, outre des sanctions, une formation et un accompagnement des idoles de nombreux jeunes sportives et sportifs.<\/p>\n<blockquote class=\"twitter-tweet\" data-width=\"500\" data-dnt=\"true\">\n<p lang=\"en\" dir=\"ltr\">\u00ab\u00a0He&rsquo;s taking the piss, isn&rsquo;t he?\u2026 He&rsquo;s gone too far.\u00a0\u00bb \ud83d\ude33<\/p>\n<p>Brad Fittler and Adam Hawse have reacted to Brisbane Broncos star Reece Walsh, who has filmed himself drinking from a toilet.<\/p>\n<p>FULL COMMENTS \ud83d\udc49 <a href=\"https:\/\/t.co\/IgEoFELhsE\">https:\/\/t.co\/IgEoFELhsE<\/a> <a href=\"https:\/\/t.co\/SqExXYVxaN\">pic.twitter.com\/SqExXYVxaN<\/a><\/p>\n<p>\u2014 2GB Sydney (@2GB873) <a href=\"https:\/\/twitter.com\/2GB873\/status\/1962435938245607801?ref_src=twsrc%5Etfw\" target=\"_blank\" rel=\"noopener\">September 1, 2025<\/a><\/p>\n<\/blockquote>\n<p>        <script async src=\"https:\/\/platform.twitter.com\/widgets.js\" charset=\"utf-8\"><\/script><\/p>\n","protected":false},"excerpt":{"rendered":"Quand on est une star d\u2019un sport majeur dans son pays, on ne peut pas tout se permettre&hellip;\n","protected":false},"author":2,"featured_media":361515,"comment_status":"","ping_status":"","sticky":false,"template":"","format":"standard","meta":{"footnotes":""},"categories":[1416],"tags":[49694,1011,27,4473,49695,479,2228,1468,2229,60],"class_list":{"0":"post-361514","1":"post","2":"type-post","3":"status-publish","4":"format-standard","5":"has-post-thumbnail","7":"category-rugby","8":"tag-brisbane-broncos","9":"tag-fr","10":"tag-france","11":"tag-nrl","12":"tag-reece-walsh","13":"tag-rugby","14":"tag-rugby-a-xiii","15":"tag-rugby-football","16":"tag-rugby-league","17":"tag-sports"},"share_on_mastodon":{"url":"https:\/\/pubeurope.com\/@fr\/115136417215053385","error":""},"_links":{"self":[{"href":"https:\/\/www.europesays.com\/fr\/wp-json\/wp\/v2\/posts\/361514","targetHints":{"allow":["GET"]}}],"collection":[{"href":"https:\/\/www.europesays.com\/fr\/wp-json\/wp\/v2\/posts"}],"about":[{"href":"https:\/\/www.europesays.com\/fr\/wp-json\/wp\/v2\/types\/post"}],"author":[{"embeddable":true,"href":"https:\/\/www.europesays.com\/fr\/wp-json\/wp\/v2\/users\/2"}],"replies":[{"embeddable":true,"href":"https:\/\/www.europesays.com\/fr\/wp-json\/wp\/v2\/comments?post=361514"}],"version-history":[{"count":0,"href":"https:\/\/www.europesays.com\/fr\/wp-json\/wp\/v2\/posts\/361514\/revisions"}],"wp:featuredmedia":[{"embeddable":true,"href":"https:\/\/www.europesays.com\/fr\/wp-json\/wp\/v2\/media\/361515"}],"wp:attachment":[{"href":"https:\/\/www.europesays.com\/fr\/wp-json\/wp\/v2\/media?parent=361514"}],"wp:term":[{"taxonomy":"category","embeddable":true,"href":"https:\/\/www.europesays.com\/fr\/wp-json\/wp\/v2\/categories?post=361514"},{"taxonomy":"post_tag","embeddable":true,"href":"https:\/\/www.europesays.com\/fr\/wp-json\/wp\/v2\/tags?post=361514"}],"curies":[{"name":"wp","href":"https:\/\/api.w.org\/{rel}","templated":true}]}}