{"id":361516,"date":"2025-09-02T19:44:10","date_gmt":"2025-09-02T19:44:10","guid":{"rendered":"https:\/\/www.europesays.com\/fr\/361516\/"},"modified":"2025-09-02T19:44:10","modified_gmt":"2025-09-02T19:44:10","slug":"video-tennis-mec-tu-nas-rien-compris-iga-swiatek-recadre-severement-le-pdg-qui-a-vole-la-casquette-tendue-a-un-enfant-par-un-joueur","status":"publish","type":"post","link":"https:\/\/www.europesays.com\/fr\/361516\/","title":{"rendered":"VIDEO. Tennis\u00a0: \u00ab\u00a0Mec, tu n\u2019as rien compris\u00a0!\u00a0\u00bb Iga Swiatek recadre s\u00e9v\u00e8rement le PDG qui a vol\u00e9 la casquette tendue \u00e0 un enfant par un joueur"},"content":{"rendered":"<p>\n                                                                    l&rsquo;essentiel<br \/>\n                                                                La Polonaise Iga Swiatek, qualifi\u00e9e pour les quarts de finale de l\u2019US Open, s\u2019est exprim\u00e9e ce lundi 1er\u00a0septembre sur la pol\u00e9mique qui a suivi le vol d\u2019une casquette tendue \u00e0 un enfant. Elle explique sa technique pour \u00e9viter ce genre de situation.\n                            <\/p>\n<p>C\u2019est la pol\u00e9mique de cet US Open. Le 28\u00a0ao\u00fbt apr\u00e8s la rencontre remport\u00e9e au bout du suspense par\u00a0Kamil Majchrzak face \u00e0 Karen Khachanov, un PDG polonais a d\u00e9rob\u00e9 la casquette tendue par le vainqueur \u00e0 l\u2019enfant \u00e0 qui elle \u00e9tait destin\u00e9e. <a href=\"https:\/\/www.ladepeche.fr\/2025\/08\/31\/ce-nest-quune-casquette-le-chef-dentreprise-qui-avait-vole-la-casquette-offerte-par-un-joueur-a-un-jeune-garcon-prend-la-parole-et-se-defend-12903344.php\" target=\"_self\" rel=\"nofollow noopener\">Le \u00ab\u00a0voleur\u00a0\u00bb s\u2019est exprim\u00e9 au vu de l\u2019ampleur prise par la pol\u00e9mique, mais n\u2019a pas sembl\u00e9 touch\u00e9 par le remords.<\/a><\/p>\n<p>Invit\u00e9 \u00e0 s\u2019exprimer sur ce sujet qui touche deux de ses compatriotes (Majchrzak et l\u2019auteur du vol), Iga Swiatek a donn\u00e9 son avis. En conf\u00e9rence de presse, elle a expliqu\u00e9 qu\u2019elle d\u00e9signait toujours la personne \u00e0 qui elle tendait un objet (poignet, raquette, casquette\u2026) afin d\u2019\u00e9viter ce type d\u2019\u00e9v\u00e8nements. \u00ab\u00a0C\u2019est quelque chose que j\u2019ai d\u00fb faire avec le temps parce que, \u00e9videmment, vous avez sept personnes qui pourraient se battre pour un seul objet\u00a0\u00bb, a-t-elle d\u00e9taill\u00e9. Il faut pr\u00e9ciser qu\u2019elle est toutefois plus habitu\u00e9e \u00e0 susciter l\u2019euphorie des foules que Majchrzak, moins connu en dehors des cercles de connaisseurs.<\/p>\n<p class=\"std-elt__inline\">\n        <strong>\u00c0 lire aussi :<\/strong><br \/>\n        <a href=\"https:\/\/www.ladepeche.fr\/2025\/09\/02\/video-tennis-nouvelle-tentative-de-vol-a-lus-open-apres-laffaire-de-la-casquette-le-numero-1-mondial-jannik-sinner-vise-a-son-tour-12906535.php\" rel=\"nofollow noopener\" target=\"_blank\">VIDEO. Tennis\u00a0: nouvelle tentative de vol \u00e0 l\u2019US Open\u00a0! Apr\u00e8s l\u2019affaire de la casquette, le num\u00e9ro\u00a01 mondial Jannik Sinner vis\u00e9 \u00e0 son tour<\/a>\n    <\/p>\n<p>\u00ab\u00a0Je choisis notamment parce que, par exemple, si c\u2019est une fille, les gar\u00e7ons ont des bras plus longs donc elle n\u2019a aucune chance de l\u2019attraper. Donc, en g\u00e9n\u00e9ral, je jette \u00e7a en direction de la personne qui doit l\u2019avoir\u00a0\u00bb, poursuit la vainqueure de Wimbledon. \u00ab\u00a0Quand j\u2019\u00e9tais gamine, j\u2019aurais ador\u00e9 avoir une serviette pleine de transpiration de Rafa (Nadal)\u00a0\u00bb, se rappelle celle qui a march\u00e9 dans les traces de son idole, remportant plusieurs fois Roland-Garros. \u00ab\u00a0C\u2019est bizarre quand on donne quelque chose \u00e0 un enfant et\u00a0qu\u2019un adulte\u00a0lui prend. On a envie de lui dire \u2018mec, tu n\u2019as rien compris\u2019\u00a0\u00bb, a-t-elle conclu sur l\u2019affaire.<\/p>\n","protected":false},"excerpt":{"rendered":"l&rsquo;essentiel La Polonaise Iga Swiatek, qualifi\u00e9e pour les quarts de finale de l\u2019US Open, s\u2019est exprim\u00e9e ce lundi&hellip;\n","protected":false},"author":2,"featured_media":361517,"comment_status":"","ping_status":"","sticky":false,"template":"","format":"standard","meta":{"footnotes":""},"categories":[1415],"tags":[1011,27,60,1467],"class_list":{"0":"post-361516","1":"post","2":"type-post","3":"status-publish","4":"format-standard","5":"has-post-thumbnail","7":"category-tennis","8":"tag-fr","9":"tag-france","10":"tag-sports","11":"tag-tennis"},"share_on_mastodon":{"url":"https:\/\/pubeurope.com\/@fr\/115136421099445923","error":""},"_links":{"self":[{"href":"https:\/\/www.europesays.com\/fr\/wp-json\/wp\/v2\/posts\/361516","targetHints":{"allow":["GET"]}}],"collection":[{"href":"https:\/\/www.europesays.com\/fr\/wp-json\/wp\/v2\/posts"}],"about":[{"href":"https:\/\/www.europesays.com\/fr\/wp-json\/wp\/v2\/types\/post"}],"author":[{"embeddable":true,"href":"https:\/\/www.europesays.com\/fr\/wp-json\/wp\/v2\/users\/2"}],"replies":[{"embeddable":true,"href":"https:\/\/www.europesays.com\/fr\/wp-json\/wp\/v2\/comments?post=361516"}],"version-history":[{"count":0,"href":"https:\/\/www.europesays.com\/fr\/wp-json\/wp\/v2\/posts\/361516\/revisions"}],"wp:featuredmedia":[{"embeddable":true,"href":"https:\/\/www.europesays.com\/fr\/wp-json\/wp\/v2\/media\/361517"}],"wp:attachment":[{"href":"https:\/\/www.europesays.com\/fr\/wp-json\/wp\/v2\/media?parent=361516"}],"wp:term":[{"taxonomy":"category","embeddable":true,"href":"https:\/\/www.europesays.com\/fr\/wp-json\/wp\/v2\/categories?post=361516"},{"taxonomy":"post_tag","embeddable":true,"href":"https:\/\/www.europesays.com\/fr\/wp-json\/wp\/v2\/tags?post=361516"}],"curies":[{"name":"wp","href":"https:\/\/api.w.org\/{rel}","templated":true}]}}