{"id":361518,"date":"2025-09-02T19:45:17","date_gmt":"2025-09-02T19:45:17","guid":{"rendered":"https:\/\/www.europesays.com\/fr\/361518\/"},"modified":"2025-09-02T19:45:17","modified_gmt":"2025-09-02T19:45:17","slug":"cest-beaucoup-demotions-bercy-rend-hommage-aux-legendes-nicolas-batum-et-nando-de-colo","status":"publish","type":"post","link":"https:\/\/www.europesays.com\/fr\/361518\/","title":{"rendered":"\u00abC\u2019est beaucoup d\u2019\u00e9motions\u00bb, Bercy rend hommage aux l\u00e9gendes Nicolas Batum et Nando De Colo"},"content":{"rendered":"<p>La FFBB a tenu \u00e0 rendre hommage \u00e0 Nicolas Batum et Nando De Colo, samedi, \u00e0 l\u2019Accor Arena, un an apr\u00e8s leur derni\u00e8re apparition en \u00e9quipe de France.<\/p>\n<p class=\"fig-paragraph\">S\u00e9quence \u00e9motion. Quasiment jour pour jour un an apr\u00e8s leur derni\u00e8re apparition sous le maillot de l\u2019\u00e9quipe de France, messieurs Nicolas Batum et\u00a0<a href=\"http:\/\/www.lefigaro.fr\/sports\/basket\/basket-peut-etre-ma-derniere-annee-lance-nando-de-colo-apres-20-ans-en-professionnel-20250812\" target=\"_blank\" data-fig-type=\"NewsFlash\" rel=\"noopener\" data-gtm-custom-categorie=\"navigation\" data-gtm-custom-action=\"crossclick\" data-gtm-custom-label=\"Contextuel\" data-gtm-event=\"customEventSPE\" data-fig-domain=\"LEFIGARO\">Nando De Colo<\/a>\u00a0retrouvaient l\u2019Accor Arena et les Bleus, le temps d\u2019un soir, le temps d\u2019un hommage, le temps d\u2019une ovation plus que m\u00e9rit\u00e9e. Un an apr\u00e8s la finale du tournoi olympique, lors de laquelle les Tricolores ont fait trembler Team USA, la F\u00e9d\u00e9ration fran\u00e7aise de basket (FFBB) avait organis\u00e9 une c\u00e9r\u00e9monie en hommage \u00e0 ces deux l\u00e9gendes des Bleus ce samedi, \u00e0 Bercy, juste avant\u00a0<a href=\"http:\/\/www.lefigaro.fr\/sports\/basket\/france-espagne-l-heure-des-ultimes-choix-pour-fauthoux-avant-l-eurobasket-20250816\" target=\"_blank\" data-fig-type=\"NewsFlash\" rel=\"noopener\" data-gtm-custom-categorie=\"navigation\" data-gtm-custom-action=\"crossclick\" data-gtm-custom-label=\"Contextuel\" data-gtm-event=\"customEventSPE\" data-fig-domain=\"LEFIGARO\">le match contre l\u2019Espagne en pr\u00e9paration \u00e0 l\u2019Euro<\/a>\u00a0(27 ao\u00fbt-14 septembre).<\/p>\n<p class=\"fig-paragraph\">Les deux g\u00e9ants tricolores ont \u00e9t\u00e9 pr\u00e9sent\u00e9s au public l\u2019une apr\u00e8s l\u2019autre, avec remise d\u2019un maillot souvenir frapp\u00e9 du nombre de s\u00e9lection, remis par Vincent Collet pour l\u2019un et Boris Diaw, pour l\u2019autre. Photo souvenir en famille. \u00c9norme ovation de l\u2019Accor Arena. Top.<\/p>\n<blockquote class=\"fig-quote&#10;    \">\n<p class=\"fig-quote__text\">\u00catre r\u00e9compens\u00e9 comme \u00e7a, c\u2019est incroyable, c\u2019est \u00e9mouvant.<\/p>\n<p>            Nando De Colo\n    <\/p><\/blockquote>\n<p>                                    <a class=\"fig-a11y-skip a11y-hidden\" href=\"#fig-a11y-skip-main-inarticle\"><br \/>\n        Passer la publicit\u00e9<br \/>\n    <\/a><\/p>\n<p class=\"fig-paragraph\">\u00abC\u2019est incroyable, c\u2019est le fruit des efforts et des sacrifices de tant d\u2019\u00e9t\u00e9s pour ce maillot qui nous tient tant \u00e0 c\u0153ur, donc aujourd\u2019hui, c\u2019est beaucoup d\u2019\u00e9motions, elles sont tr\u00e8s diff\u00e9rentes de ce qu\u2019on peut ressentir sur le terrain quand on est joueur. \u00catre r\u00e9compens\u00e9 comme \u00e7a, c\u2019est incroyable, c\u2019est \u00e9mouvant, on ne se rend pas compte quand on arrive sur le parquet et puis d\u2019un seul coup, on prend conscience qu\u2019on \u00e9tait l\u00e0 il y a un an pour jouer cette finale olympique\u00bb, a indiqu\u00e9 De Colo, soulignant que \u00abl\u2019\u00e9quipe de France fait partie int\u00e9grante de ma carri\u00e8re. Je vais entamer ma 20e saison en tant que professionnel, j\u2019en ai fait plus de la moiti\u00e9 en \u00e9quipe de France, donc voil\u00e0, \u00e7a a \u00e9t\u00e9 des moments incroyables\u00bb.<\/p>\n<p class=\"fig-paragraph\">\u00abBatman\u00bb a quant \u00e0 lui eu les plus grandes peines \u00e0 cacher son \u00e9motion. \u00ab\u00c7a fait 20 minutes que Flo (Pi\u00e9trus) et Jacques Montclar me disent\u00a0: \u00ab\u00a0chiale pas, chiale pas\u00a0\u00bb. Mais c\u2019est vrai que quand la vid\u00e9o a commenc\u00e9, l\u2019image du contre (lors de la demi-finale des JO 2021 contre la Slov\u00e9nie, NDLR), avec la r\u00e9action du public, \u00e7a a tr\u00e8s compliqu\u00e9. Je ne suis pas un mec qui pleure souvent, mais \u00e7a a \u00e9t\u00e9 tr\u00e8s compliqu\u00e9 de retenir\u00bb, a-t-il avou\u00e9. \u00abC\u2019est g\u00e9nial. Merci \u00e0 la f\u00e9d\u00e9ration\u00bb, souffle-t-il encore, rappelant avoir \u00abessay\u00e9 de tout donner pendant 20 ans \u00e0 ce maillot\u00bb. Et d\u2019ajouter, sur De Colo\u00a0: \u00abJe suis arriv\u00e9 avec lui, j\u2019ai fini avec lui, j\u2019ai tout fait avec lui. C\u2019est un des mecs avec qui j\u2019ai le plus jou\u00e9 dans ma vie. On a v\u00e9cu tellement de choses ensemble&#8230; Finir en m\u00eame temps, vivre \u00e7a en m\u00eame temps, c\u2019est g\u00e9nial\u00bb.<\/p>\n<p>Les Bleus cuv\u00e9e 2025 sur le podium \u00e0 l\u2019Euro\u00a0?<\/p>\n<p class=\"fig-paragraph\">\u00c0 la question de savoir jusqu\u2019o\u00f9 les Bleus cuv\u00e9e 2025 iront \u00e0 l\u2019Euro, l\u2019ancien capitaine de l\u2019\u00e9quipe de France a gliss\u00e9 ceci\u00a0: \u00abTr\u00e8s loin\u00a0! Vous vous souvenez en 2014, quand personne ne croyait en nous\u00a0? C\u2019est pareil\u00bb. Les Tricolores avaient pris le bronze au Mondial, en Espagne.<\/p>\n<p class=\"fig-paragraph\">Quelques chiffres. Batum, 36 ans, c\u2019est 177 s\u00e9lections en \u00e9quipe de France (12e) et sept m\u00e9dailles internationales, dont l\u2019or \u00e0 l\u2019Euro 2013 et les breloques en argent aux Jeux de Tokyo (2021) et Paris (2024). L\u2019ailier des L.A. Clippers a h\u00e9rit\u00e9 du brassard de capitaine \u00e0 la retraite de Boris Diaw, actuel Manager g\u00e9n\u00e9ral des Bleus. Pour sa part \u00e2g\u00e9 de 38 ans et sous contrat \u00e0 l\u2019Asvel, De Colo a port\u00e9 le maillot de l\u2019\u00e9quipe de France \u00e0 209 reprises (7e). Six m\u00e9dailles. Le premier est un joueur confirm\u00e9 en NBA, o\u00f9 il \u00e9volue depuis 2008 (Portland, Charlotte, L.A. Clippers, Philadelphie), tandis que le second est une l\u00e9gende en Euroligue. Deux grands, deux tr\u00e8s grands noms dans l\u2019histoire du basket fran\u00e7ais. Chapeau messieurs.<\/p>\n","protected":false},"excerpt":{"rendered":"La FFBB a tenu \u00e0 rendre hommage \u00e0 Nicolas Batum et Nando De Colo, samedi, \u00e0 l\u2019Accor Arena,&hellip;\n","protected":false},"author":2,"featured_media":361519,"comment_status":"","ping_status":"","sticky":false,"template":"","format":"standard","meta":{"footnotes":""},"categories":[1414],"tags":[1465,1464,64,1011,27,49696,60],"class_list":{"0":"post-361518","1":"post","2":"type-post","3":"status-publish","4":"format-standard","5":"has-post-thumbnail","7":"category-basket","8":"tag-basket","9":"tag-basketball","10":"tag-equipe-de-france","11":"tag-fr","12":"tag-france","13":"tag-nando-de-colo","14":"tag-sports"},"share_on_mastodon":{"url":"https:\/\/pubeurope.com\/@fr\/115136425112920361","error":""},"_links":{"self":[{"href":"https:\/\/www.europesays.com\/fr\/wp-json\/wp\/v2\/posts\/361518","targetHints":{"allow":["GET"]}}],"collection":[{"href":"https:\/\/www.europesays.com\/fr\/wp-json\/wp\/v2\/posts"}],"about":[{"href":"https:\/\/www.europesays.com\/fr\/wp-json\/wp\/v2\/types\/post"}],"author":[{"embeddable":true,"href":"https:\/\/www.europesays.com\/fr\/wp-json\/wp\/v2\/users\/2"}],"replies":[{"embeddable":true,"href":"https:\/\/www.europesays.com\/fr\/wp-json\/wp\/v2\/comments?post=361518"}],"version-history":[{"count":0,"href":"https:\/\/www.europesays.com\/fr\/wp-json\/wp\/v2\/posts\/361518\/revisions"}],"wp:featuredmedia":[{"embeddable":true,"href":"https:\/\/www.europesays.com\/fr\/wp-json\/wp\/v2\/media\/361519"}],"wp:attachment":[{"href":"https:\/\/www.europesays.com\/fr\/wp-json\/wp\/v2\/media?parent=361518"}],"wp:term":[{"taxonomy":"category","embeddable":true,"href":"https:\/\/www.europesays.com\/fr\/wp-json\/wp\/v2\/categories?post=361518"},{"taxonomy":"post_tag","embeddable":true,"href":"https:\/\/www.europesays.com\/fr\/wp-json\/wp\/v2\/tags?post=361518"}],"curies":[{"name":"wp","href":"https:\/\/api.w.org\/{rel}","templated":true}]}}