{"id":361525,"date":"2025-09-02T19:49:10","date_gmt":"2025-09-02T19:49:10","guid":{"rendered":"https:\/\/www.europesays.com\/fr\/361525\/"},"modified":"2025-09-02T19:49:10","modified_gmt":"2025-09-02T19:49:10","slug":"quand-lucas-hernandez-apprend-la-signature-de-pavard-a-lom","status":"publish","type":"post","link":"https:\/\/www.europesays.com\/fr\/361525\/","title":{"rendered":"quand Lucas Hernandez apprend la signature de Pavard \u00e0 l&rsquo;OM"},"content":{"rendered":"<p>Il ne suffit pas d&rsquo;\u00eatre n\u00e9 \u00e0 Marseille pour ressentir une intense passion pour l&rsquo;OM. Lucas Hernandez en est la parfaite illustration. N\u00e9 dans la cit\u00e9 phoc\u00e9enne en 1996, tout comme son fr\u00e8re, Th\u00e9o (1997), le champion du monde 2018 n&rsquo;y a v\u00e9cu que tr\u00e8s bri\u00e8vement, ne lui laissant pas le temps d&rsquo;entretenir un rapport particulier avec sa ville de naissance. Et m\u00eame s&rsquo;il avait d\u00e9clar\u00e9 en 2018 \u00ab\u00a0je viens de Marseille, je suis Marseillais \u00e7a va \u00eatre compliqu\u00e9 d&rsquo;aller jouer \u00e0 Paris, mais tout peut se passer\u00a0\u00bb, <a href=\"https:\/\/www.laprovence.com\/article\/sports\/10934171990667\/l1-le-psg-fait-un-pari-avec-le-marseillais-lucas-hernandez\" target=\"_blank\" rel=\"nofollow noopener\">cela ne l&rsquo;avait pas emp\u00each\u00e9 en suite de signer au Paris Saint-Germain \u00e0 l&rsquo;\u00e9t\u00e9 2023.<\/a><\/p>\n<p>Depuis, <a href=\"https:\/\/www.laprovence.com\/article\/sports\/6524268\/foot-lucas-hernandez-risque-la-prison-nouvel-ennui-judiciaire-pour-les-bleus.html\" target=\"_blank\" rel=\"nofollow noopener\">l&rsquo;international fran\u00e7ais (39 s\u00e9lections), form\u00e9 \u00e0 l&rsquo;Atl\u00e9tico Madrid,<\/a> semble fait \u00e0 son statut de parisien, d&rsquo;autant plus qu&rsquo;il a remport\u00e9 la Ligue des champions il y a quelques mois avec le club de la capitale. \u00c0 tel point que, d\u00e9sormais, Lucas Hernandez semble avoir du mal \u00e0 comprendre les joueurs qui souhaitent s&rsquo;engager en faveur de l&rsquo;ennemi jur\u00e9.<\/p>\n<p>Dans une sc\u00e8ne capt\u00e9e par Canal+, puis diffus\u00e9e sur les r\u00e9seaux sociaux, ce dernier n&rsquo;a pas cach\u00e9 sa surprise au moment d&rsquo;apprendre <a href=\"https:\/\/www.laprovence.com\/article\/om\/44772235916618\/mercato-om-benjamin-pavard-plus-proche-que-jamais-de-marseille\" target=\"_blank\" rel=\"nofollow noopener\">la signature de son co\u00e9quipier chez les Bleus, Benjamin Pavard, du c\u00f4t\u00e9 de l&rsquo;OM.<\/a> C&rsquo;est Th\u00e9o qui lui a appris la nouvelle alors que les deux joueurs sont convoqu\u00e9s pour le rassemblement de l&rsquo;\u00e9quipe de France : \u00ab\u00a0Pavard va \u00e0 Marseille. C&rsquo;est la fin d&rsquo;une belle amiti\u00e9&#8230;\u00a0\u00bb glisse dans un sourire son fr\u00e8re avant que son cadet ne r\u00e9plique, visiblement choqu\u00e9 par la nouvelle. \u00ab\u00a0Mon ami Ben&#8230; Qu&rsquo;est-ce que tu m&rsquo;as fait, mon Ben ?\u00a0\u00bb<\/p>\n<p>Pavard et Lucas Hernandez, qui ont \u00e9galement \u00e9volu\u00e9 ensemble au Bayern Munich, partagent une r\u00e9elle amiti\u00e9 et auront donc une belle occasion s&rsquo;asticoter mutuellement apr\u00e8s ce transfert qui fait de l&rsquo;ancien Lillois <a href=\"https:\/\/www.laprovence.com\/article\/om\/62608644531757\/om-comme-pavard-ces-champions-du-monde-francais-ont-rejoint-la-ligue-1-cet-ete\" target=\"_blank\" rel=\"nofollow noopener\">le 9e champion du monde 2018 \u00e0 \u00e9voluer actuellement en Ligue 1.<\/a> \u00ab\u00a0C&rsquo;est mon meilleur ami dans le monde du foot. \u00c7a va continuer comme \u00e7a\u00a0\u00bb, pr\u00e9vient Hernandez. Avant de se retrouver avec leurs clubs respectifs pour le choc OM-PSG du 21 septembre, les deux amis \u00e2g\u00e9s de 29 ans vont faire face \u00e0 deux \u00e9ch\u00e9ances importantes avec les Bleus qui affronteront l&rsquo;Ukraine et l&rsquo;Islande (5 et 9 septembre) en qualifications \u00e0 la Coupe du monde 2026.<\/p>\n<p><img alt=\"\" loading=\"lazy\" width=\"18\" height=\"18\" decoding=\"async\" data-nimg=\"1\" class=\"mx-[8px]\" style=\"color:transparent\" src=\"https:\/\/www.laprovence.com\/_next\/static\/media\/comment.b95dda91.svg\"\/>D\u00e9marrez la conversation<\/p>\n<p class=\"text-[1.8rem] mt-[32px]\">Votre opinion compte pour nous. Rejoignez la communaut\u00e9 laprovence.com en r\u00e9agissant sur l&rsquo;article \u00ab\u00a0Qu&rsquo;est-ce que tu m&rsquo;as fait, mon Ben ?\u00a0\u00bb : quand Lucas Hernandez (PSG) apprend la signature de Pavard \u00e0 l&rsquo;OM.<\/p>\n","protected":false},"excerpt":{"rendered":"Il ne suffit pas d&rsquo;\u00eatre n\u00e9 \u00e0 Marseille pour ressentir une intense passion pour l&rsquo;OM. Lucas Hernandez en&hellip;\n","protected":false},"author":2,"featured_media":361526,"comment_status":"","ping_status":"","sticky":false,"template":"","format":"standard","meta":{"footnotes":""},"categories":[1410],"tags":[17,49698,21,63,1011,27,49697,11078,149,12470,396,746,60],"class_list":{"0":"post-361525","1":"post","2":"type-post","3":"status-publish","4":"format-standard","5":"has-post-thumbnail","7":"category-football","8":"tag-17","9":"tag-ben","10":"tag-fait","11":"tag-football","12":"tag-fr","13":"tag-france","14":"tag-mas","15":"tag-mon","16":"tag-om","17":"tag-quest-ce","18":"tag-quand","19":"tag-que","20":"tag-sports"},"share_on_mastodon":{"url":"https:\/\/pubeurope.com\/@fr\/115136440932488095","error":""},"_links":{"self":[{"href":"https:\/\/www.europesays.com\/fr\/wp-json\/wp\/v2\/posts\/361525","targetHints":{"allow":["GET"]}}],"collection":[{"href":"https:\/\/www.europesays.com\/fr\/wp-json\/wp\/v2\/posts"}],"about":[{"href":"https:\/\/www.europesays.com\/fr\/wp-json\/wp\/v2\/types\/post"}],"author":[{"embeddable":true,"href":"https:\/\/www.europesays.com\/fr\/wp-json\/wp\/v2\/users\/2"}],"replies":[{"embeddable":true,"href":"https:\/\/www.europesays.com\/fr\/wp-json\/wp\/v2\/comments?post=361525"}],"version-history":[{"count":0,"href":"https:\/\/www.europesays.com\/fr\/wp-json\/wp\/v2\/posts\/361525\/revisions"}],"wp:featuredmedia":[{"embeddable":true,"href":"https:\/\/www.europesays.com\/fr\/wp-json\/wp\/v2\/media\/361526"}],"wp:attachment":[{"href":"https:\/\/www.europesays.com\/fr\/wp-json\/wp\/v2\/media?parent=361525"}],"wp:term":[{"taxonomy":"category","embeddable":true,"href":"https:\/\/www.europesays.com\/fr\/wp-json\/wp\/v2\/categories?post=361525"},{"taxonomy":"post_tag","embeddable":true,"href":"https:\/\/www.europesays.com\/fr\/wp-json\/wp\/v2\/tags?post=361525"}],"curies":[{"name":"wp","href":"https:\/\/api.w.org\/{rel}","templated":true}]}}