{"id":361527,"date":"2025-09-02T19:50:11","date_gmt":"2025-09-02T19:50:11","guid":{"rendered":"https:\/\/www.europesays.com\/fr\/361527\/"},"modified":"2025-09-02T19:50:11","modified_gmt":"2025-09-02T19:50:11","slug":"franco-americaine-et-fille-dune-actrice-et-dun-celebre-realisateur-qui-est-chloe-malle-la-nouvelle-redactrice-en-chef-de-vogue-aux-etats-unis","status":"publish","type":"post","link":"https:\/\/www.europesays.com\/fr\/361527\/","title":{"rendered":"Franco-am\u00e9ricaine et fille d\u2019une actrice et d\u2019un c\u00e9l\u00e8bre r\u00e9alisateur\u00a0: qui est Chlo\u00e9 Malle, la nouvelle r\u00e9dactrice en chef de Vogue aux \u00c9tats-Unis\u00a0?"},"content":{"rendered":"<p class=\"paragraph text_align_left lp-f-body-02\">Elle aura la lourde charge de succ\u00e9der \u00e0 la \u00ab papesse \u00bb de la mode. La Franco-Am\u00e9ricaine Chloe Malle devient la nouvelle cheffe de Vogue, apr\u00e8s le d\u00e9part de <a href=\"https:\/\/www.leparisien.fr\/culture-loisirs\/anna-wintour-quitte-la-redaction-en-chef-de-ledition-americaine-de-vogue-apres-presque-40-ans-26-06-2025-4MVQ7F4AUVAGXI7QACKFHHJKWY.php\" target=\"_blank\" rel=\"nofollow noopener\">sa c\u00e9l\u00e8bre r\u00e9dactrice en chef Anna Wintour<\/a>, qui avait pass\u00e9 37 ans \u00e0 la t\u00eate de la publication, <a href=\"https:\/\/www.vogue.com\/article\/chloe-malle-announced-as-vogue-us-new-head-of-editorial-content\" target=\"_blank\" rel=\"noreferrer nofollow noopener\">annonce le magazine<\/a> ce mardi.<\/p>\n<p class=\"paragraph text_align_left lp-f-body-02\">\u00ab Chloe Malle est responsable du contenu \u00e9ditorial du Vogue am\u00e9ricain, \u00e0 compter d\u2019aujourd\u2019hui \u00bb, indique le magazine. \u00ab Actuellement r\u00e9dactrice en chef de Vogue.com et co-animatrice de The Run-Through, le podcast hebdomadaire mode et culture de Vogue, elle dirigera la cr\u00e9ation et la direction \u00e9ditoriale du magazine et rejoindra les dix responsables du contenu \u00e9ditorial de Vogue dans le monde, sous la responsabilit\u00e9 d\u2019Anna Wintour. \u00bb<\/p>\n<p class=\"paragraph text_align_left lp-f-body-02\">N\u00e9e en 1985, Chloe Malle est la fille de l\u2019actrice am\u00e9ricaine Candice Bergen (\u00ab Murphy Brown \u00bb, \u00ab Boston Justice \u00bb) et du r\u00e9alisateur fran\u00e7ais Louis Malle (\u00ab Le Monde du Silence \u00bb, \u00ab Ascenseur pour l\u2019\u00e9chafaud \u00bb). Dipl\u00f4m\u00e9e de l\u2019Universit\u00e9 am\u00e9ricaine de Brown, elle est aussi pass\u00e9e par la Sorbonne, \u00e0 Paris.<\/p>\n<p class=\"paragraph text_align_left lp-f-body-02\">La journaliste semble conserver de nombreuses attaches avec la France, patrie de son p\u00e8re. En 2015, Chloe Malle a m\u00eame c\u00e9l\u00e9br\u00e9 son mariage dans le Lot, dans un domaine appartenant \u00e0 sa famille &#8211; une f\u00eate immortalis\u00e9e <a href=\"https:\/\/www.vogue.com\/slideshow\/chloe-malle-graham-albert-wedding-photos\" target=\"_blank\" rel=\"noreferrer nofollow noopener\">dans les colonnes de Vogue<\/a>.<\/p>\n<p>De la rubrique mariages \u00e0 la t\u00eate du magazine<\/p>\n<p class=\"paragraph text_align_left lp-f-body-02\">Chloe Malle a int\u00e9gr\u00e9 la r\u00e9daction de Vogue, v\u00e9ritable bible de la mode \u00e0 l\u2019international, en 2011. Elle \u00e9tait alors en charge de la couverture de mariages et d\u2019\u00e9v\u00e9nements mondains. Elle est ensuite devenue r\u00e9dactrice du magazine, tout en g\u00e9rant des \u00ab projets sp\u00e9ciaux \u00bb et en \u00e9crivant pour d\u2019autres journaux comme le New York Times, le Wall Street Journal, ou encore l\u2019Architectural Digest.<\/p>\n<p class=\"paragraph text_align_left lp-f-body-02\">\u00c0 l\u2019automne 2023, Chloe Malle est devenue la cheffe du site Internet Vogue.com, contribuant \u00e0 une hausse de ses audiences. \u00ab Le trafic direct vers le site a doubl\u00e9 et Vogue.com a enregistr\u00e9 une croissance \u00e0 deux chiffres sur tous les indicateurs cl\u00e9s \u2013 notamment les vues uniques, le temps pass\u00e9 et la production de contenu \u2013 autour d\u2019\u00e9v\u00e9nements majeurs comme le Met Gala et Vogue World \u00bb, explique le magazine.<\/p>\n<p class=\"paragraph text_align_left lp-f-body-02\">\u00ab J\u2019ai pass\u00e9 ma carri\u00e8re chez Vogue \u00e0 occuper des postes sur toutes les plates-formes : du papier au num\u00e9rique, de l\u2019audio \u00e0 la vid\u00e9o, en passant par l\u2019\u00e9v\u00e9nementiel et les r\u00e9seaux sociaux \u00bb, explique Chloe Malle, qui vit \u00e0 Manhattan avec son mari, ses deux enfants et son chien Lloyd.<\/p>\n<p class=\"paragraph text_align_left lp-f-body-02\">\u00ab J\u2019adore le titre, j\u2019adore le contenu que nous cr\u00e9ons et j\u2019adore les r\u00e9dacteurs qui le cr\u00e9ent. Vogue a d\u00e9j\u00e0 fa\u00e7onn\u00e9 qui je suis, et maintenant je suis enthousiaste \u00e0 l\u2019id\u00e9e de fa\u00e7onner Vogue \u00bb, poursuit-elle dans un communiqu\u00e9.<\/p>\n<p class=\"paragraph text_align_left lp-f-body-02\">De son c\u00f4t\u00e9, Anna Wintour reste \u00e0 la t\u00eate du titre \u00e0 l\u2019\u00e9chelle internationale, et compte travailler aux c\u00f4t\u00e9s de Chloe Malle, \u00ab en tant que mentor mais aussi en tant qu\u2019\u00e9l\u00e8ve \u00bb, \u00ab pour nous guider, nous et notre public, vers des horizons in\u00e9dits \u00bb, a-t-elle d\u00e9clar\u00e9.<\/p>\n","protected":false},"excerpt":{"rendered":"Elle aura la lourde charge de succ\u00e9der \u00e0 la \u00ab papesse \u00bb de la mode. La Franco-Am\u00e9ricaine Chloe&hellip;\n","protected":false},"author":2,"featured_media":361528,"comment_status":"","ping_status":"","sticky":false,"template":"","format":"standard","meta":{"footnotes":""},"categories":[1359],"tags":[872,58,59,1011,27,973],"class_list":{"0":"post-361527","1":"post","2":"type-post","3":"status-publish","4":"format-standard","5":"has-post-thumbnail","7":"category-people","8":"tag-culture-et-loisirs","9":"tag-divertissement","10":"tag-entertainment","11":"tag-fr","12":"tag-france","13":"tag-people"},"share_on_mastodon":{"url":"https:\/\/pubeurope.com\/@fr\/115136444742550866","error":""},"_links":{"self":[{"href":"https:\/\/www.europesays.com\/fr\/wp-json\/wp\/v2\/posts\/361527","targetHints":{"allow":["GET"]}}],"collection":[{"href":"https:\/\/www.europesays.com\/fr\/wp-json\/wp\/v2\/posts"}],"about":[{"href":"https:\/\/www.europesays.com\/fr\/wp-json\/wp\/v2\/types\/post"}],"author":[{"embeddable":true,"href":"https:\/\/www.europesays.com\/fr\/wp-json\/wp\/v2\/users\/2"}],"replies":[{"embeddable":true,"href":"https:\/\/www.europesays.com\/fr\/wp-json\/wp\/v2\/comments?post=361527"}],"version-history":[{"count":0,"href":"https:\/\/www.europesays.com\/fr\/wp-json\/wp\/v2\/posts\/361527\/revisions"}],"wp:featuredmedia":[{"embeddable":true,"href":"https:\/\/www.europesays.com\/fr\/wp-json\/wp\/v2\/media\/361528"}],"wp:attachment":[{"href":"https:\/\/www.europesays.com\/fr\/wp-json\/wp\/v2\/media?parent=361527"}],"wp:term":[{"taxonomy":"category","embeddable":true,"href":"https:\/\/www.europesays.com\/fr\/wp-json\/wp\/v2\/categories?post=361527"},{"taxonomy":"post_tag","embeddable":true,"href":"https:\/\/www.europesays.com\/fr\/wp-json\/wp\/v2\/tags?post=361527"}],"curies":[{"name":"wp","href":"https:\/\/api.w.org\/{rel}","templated":true}]}}