{"id":361529,"date":"2025-09-02T19:51:11","date_gmt":"2025-09-02T19:51:11","guid":{"rendered":"https:\/\/www.europesays.com\/fr\/361529\/"},"modified":"2025-09-02T19:51:11","modified_gmt":"2025-09-02T19:51:11","slug":"loeil-du-photographe-a-douarnenez-un-arc-en-ciel-pour-gaza","status":"publish","type":"post","link":"https:\/\/www.europesays.com\/fr\/361529\/","title":{"rendered":"L\u2019\u0152il du photographe \u00e0 Douarnenez\u00a0: un arc-en-ciel pour Gaza"},"content":{"rendered":"<p>Le 31 ao\u00fbt, un rassemblement en soutien \u00e0 la Flottille de la libert\u00e9 en route vers Gaza \u00e9tait organis\u00e9 \u00e0 Douarnenez. Il a rassembl\u00e9 plus de 200 personnes. Apr\u00e8s une apr\u00e8s-midi d\u2019\u00e9changes culturels \u00e0 Livraisemblable, les participants (une cinquantaine) se sont rendus, bient\u00f4t rejoints par de nombreux autres, vers 18\u00a0h sur le port du Rosmeur o\u00f9 les attendait un spectacle naturel \u00e9clatant.<\/p>\n<p class=\"note\">Pour \u00eatre publi\u00e9 dans cette rubrique r\u00e9serv\u00e9e aux photographes amateurs du pays de Douarnenez, adressez-nous vos clich\u00e9s, r\u00e9cents de pr\u00e9f\u00e9rence et d\u2019une r\u00e9solution d\u2019au moins 1 Mo, \u00e0 douarnenez@letelegramme.fr. L\u2019envoi des images vaut autorisation de publication gratuite dans nos colonnes et sur le site internet du T\u00e9l\u00e9gramme.<\/p>\n","protected":false},"excerpt":{"rendered":"Le 31 ao\u00fbt, un rassemblement en soutien \u00e0 la Flottille de la libert\u00e9 en route vers Gaza \u00e9tait&hellip;\n","protected":false},"author":2,"featured_media":361530,"comment_status":"","ping_status":"","sticky":false,"template":"","format":"standard","meta":{"footnotes":""},"categories":[1358],"tags":[1348,1384,1385,1386,58,3320,59,1011,27,32053],"class_list":{"0":"post-361529","1":"post","2":"type-post","3":"status-publish","4":"format-standard","5":"has-post-thumbnail","7":"category-arts-et-design","8":"tag-arts","9":"tag-arts-and-design","10":"tag-arts-et-design","11":"tag-design","12":"tag-divertissement","13":"tag-douarnenez","14":"tag-entertainment","15":"tag-fr","16":"tag-france","17":"tag-loeil-du-photographe"},"share_on_mastodon":{"url":"https:\/\/pubeurope.com\/@fr\/115136448662528218","error":""},"_links":{"self":[{"href":"https:\/\/www.europesays.com\/fr\/wp-json\/wp\/v2\/posts\/361529","targetHints":{"allow":["GET"]}}],"collection":[{"href":"https:\/\/www.europesays.com\/fr\/wp-json\/wp\/v2\/posts"}],"about":[{"href":"https:\/\/www.europesays.com\/fr\/wp-json\/wp\/v2\/types\/post"}],"author":[{"embeddable":true,"href":"https:\/\/www.europesays.com\/fr\/wp-json\/wp\/v2\/users\/2"}],"replies":[{"embeddable":true,"href":"https:\/\/www.europesays.com\/fr\/wp-json\/wp\/v2\/comments?post=361529"}],"version-history":[{"count":0,"href":"https:\/\/www.europesays.com\/fr\/wp-json\/wp\/v2\/posts\/361529\/revisions"}],"wp:featuredmedia":[{"embeddable":true,"href":"https:\/\/www.europesays.com\/fr\/wp-json\/wp\/v2\/media\/361530"}],"wp:attachment":[{"href":"https:\/\/www.europesays.com\/fr\/wp-json\/wp\/v2\/media?parent=361529"}],"wp:term":[{"taxonomy":"category","embeddable":true,"href":"https:\/\/www.europesays.com\/fr\/wp-json\/wp\/v2\/categories?post=361529"},{"taxonomy":"post_tag","embeddable":true,"href":"https:\/\/www.europesays.com\/fr\/wp-json\/wp\/v2\/tags?post=361529"}],"curies":[{"name":"wp","href":"https:\/\/api.w.org\/{rel}","templated":true}]}}