{"id":361531,"date":"2025-09-02T19:52:13","date_gmt":"2025-09-02T19:52:13","guid":{"rendered":"https:\/\/www.europesays.com\/fr\/361531\/"},"modified":"2025-09-02T19:52:13","modified_gmt":"2025-09-02T19:52:13","slug":"vosges-michel-claudel-presente-et-dedicace-son-oeuvre-a-uzemain-le-6-septembre","status":"publish","type":"post","link":"https:\/\/www.europesays.com\/fr\/361531\/","title":{"rendered":"Vosges. Michel Claudel pr\u00e9sente et d\u00e9dicace son \u0153uvre \u00e0 Uzemain le 6\u00a0septembre"},"content":{"rendered":"<p>Comme pr\u00e9vu lors de la publication de son livre Uzemain au fil du temps Michel Claudel, auteur de cette \u00e9vocation historique de la commune, sera pr\u00e9sent \u00e0 la salle des mariages de la mairie le 6\u00a0septembre \u00e0 9\u00a0h\u00a030.<\/p>\n<p>En cours de cette matin\u00e9e, il pr\u00e9sentera la gen\u00e8se de ses multiples recherches qui ont donn\u00e9 naissance \u00e0 une synth\u00e8se \u00e9voquant de fa\u00e7on ludique la vie des hommes et des femmes qui ont particip\u00e9 \u00e0 l\u2019\u00e9volution du village jusqu\u2019\u00e0 aujourd\u2019hui.<\/p>\n<p class=\"note\">Pour celles et ceux qui ne l\u2019auraient pas encore, il sera possible d\u2019acheter le livre sur place au prix de 35\u00a0euros (r\u00e8glement par ch\u00e8que ou en esp\u00e8ces).<\/p>\n","protected":false},"excerpt":{"rendered":"Comme pr\u00e9vu lors de la publication de son livre Uzemain au fil du temps Michel Claudel, auteur de&hellip;\n","protected":false},"author":2,"featured_media":361532,"comment_status":"","ping_status":"","sticky":false,"template":"","format":"standard","meta":{"footnotes":""},"categories":[1357],"tags":[1379,40783,1687,58,1796,59,1011,27,1380,2661,49699],"class_list":{"0":"post-361531","1":"post","2":"type-post","3":"status-publish","4":"format-standard","5":"has-post-thumbnail","7":"category-livres","8":"tag-books","9":"tag-ca-depinal-88a3","10":"tag-culture-loisirs","11":"tag-divertissement","12":"tag-edition-epinal","13":"tag-entertainment","14":"tag-fr","15":"tag-france","16":"tag-livres","17":"tag-patrimoine-culturel","18":"tag-uzemain"},"share_on_mastodon":{"url":"https:\/\/pubeurope.com\/@fr\/115136452578449179","error":""},"_links":{"self":[{"href":"https:\/\/www.europesays.com\/fr\/wp-json\/wp\/v2\/posts\/361531","targetHints":{"allow":["GET"]}}],"collection":[{"href":"https:\/\/www.europesays.com\/fr\/wp-json\/wp\/v2\/posts"}],"about":[{"href":"https:\/\/www.europesays.com\/fr\/wp-json\/wp\/v2\/types\/post"}],"author":[{"embeddable":true,"href":"https:\/\/www.europesays.com\/fr\/wp-json\/wp\/v2\/users\/2"}],"replies":[{"embeddable":true,"href":"https:\/\/www.europesays.com\/fr\/wp-json\/wp\/v2\/comments?post=361531"}],"version-history":[{"count":0,"href":"https:\/\/www.europesays.com\/fr\/wp-json\/wp\/v2\/posts\/361531\/revisions"}],"wp:featuredmedia":[{"embeddable":true,"href":"https:\/\/www.europesays.com\/fr\/wp-json\/wp\/v2\/media\/361532"}],"wp:attachment":[{"href":"https:\/\/www.europesays.com\/fr\/wp-json\/wp\/v2\/media?parent=361531"}],"wp:term":[{"taxonomy":"category","embeddable":true,"href":"https:\/\/www.europesays.com\/fr\/wp-json\/wp\/v2\/categories?post=361531"},{"taxonomy":"post_tag","embeddable":true,"href":"https:\/\/www.europesays.com\/fr\/wp-json\/wp\/v2\/tags?post=361531"}],"curies":[{"name":"wp","href":"https:\/\/api.w.org\/{rel}","templated":true}]}}