{"id":361533,"date":"2025-09-02T19:53:11","date_gmt":"2025-09-02T19:53:11","guid":{"rendered":"https:\/\/www.europesays.com\/fr\/361533\/"},"modified":"2025-09-02T19:53:11","modified_gmt":"2025-09-02T19:53:11","slug":"arte-journal-02-09-2025-poutine-xi-et-lukraine-seisme-en-afghanistan-valence-en-photo-regarder-lemission-complete","status":"publish","type":"post","link":"https:\/\/www.europesays.com\/fr\/361533\/","title":{"rendered":"ARTE Journal &#8211; 02\/09\/2025 &#8211; Poutine, Xi et l&rsquo;Ukraine \/ S\u00e9isme en Afghanistan \/ Valence en photo &#8211; Regarder l\u2019\u00e9mission compl\u00e8te"},"content":{"rendered":"<p>A P\u00e9kin, Xi Jinping et Vladimir Poutine ont affich\u00e9 leur amiti\u00e9 et leur int\u00e9r\u00eat commun \u00e0 construire une gouvernance globale \u00ab\u00a0plus juste et plus raisonnable\u00a0\u00bb \/ En Afghanistan, o\u00f9 un tremblement de terre de magnitude 6 a fait au moins 1400 victimes, l&rsquo;acc\u00e8s \u00e0 l&rsquo;aide humanitaire reste contr\u00f4l\u00e9 par le r\u00e9gime taliban \/ Dans la r\u00e9gion de Valence, touch\u00e9e par la fr\u00e9n\u00e9sie de la construction dans les ann\u00e9es 2000, le photographe\u00a0Markel Redondo a immortalis\u00e9 les sites laiss\u00e9s \u00e0 l&rsquo;abandon.<\/p>\n","protected":false},"excerpt":{"rendered":"A P\u00e9kin, Xi Jinping et Vladimir Poutine ont affich\u00e9 leur amiti\u00e9 et leur int\u00e9r\u00eat commun \u00e0 construire une&hellip;\n","protected":false},"author":2,"featured_media":361534,"comment_status":"","ping_status":"","sticky":false,"template":"","format":"standard","meta":{"footnotes":""},"categories":[1356],"tags":[58,59,1011,27,252,1364],"class_list":{"0":"post-361533","1":"post","2":"type-post","3":"status-publish","4":"format-standard","5":"has-post-thumbnail","7":"category-television","8":"tag-divertissement","9":"tag-entertainment","10":"tag-fr","11":"tag-france","12":"tag-television","13":"tag-tv"},"share_on_mastodon":{"url":"https:\/\/pubeurope.com\/@fr\/115136456514944592","error":""},"_links":{"self":[{"href":"https:\/\/www.europesays.com\/fr\/wp-json\/wp\/v2\/posts\/361533","targetHints":{"allow":["GET"]}}],"collection":[{"href":"https:\/\/www.europesays.com\/fr\/wp-json\/wp\/v2\/posts"}],"about":[{"href":"https:\/\/www.europesays.com\/fr\/wp-json\/wp\/v2\/types\/post"}],"author":[{"embeddable":true,"href":"https:\/\/www.europesays.com\/fr\/wp-json\/wp\/v2\/users\/2"}],"replies":[{"embeddable":true,"href":"https:\/\/www.europesays.com\/fr\/wp-json\/wp\/v2\/comments?post=361533"}],"version-history":[{"count":0,"href":"https:\/\/www.europesays.com\/fr\/wp-json\/wp\/v2\/posts\/361533\/revisions"}],"wp:featuredmedia":[{"embeddable":true,"href":"https:\/\/www.europesays.com\/fr\/wp-json\/wp\/v2\/media\/361534"}],"wp:attachment":[{"href":"https:\/\/www.europesays.com\/fr\/wp-json\/wp\/v2\/media?parent=361533"}],"wp:term":[{"taxonomy":"category","embeddable":true,"href":"https:\/\/www.europesays.com\/fr\/wp-json\/wp\/v2\/categories?post=361533"},{"taxonomy":"post_tag","embeddable":true,"href":"https:\/\/www.europesays.com\/fr\/wp-json\/wp\/v2\/tags?post=361533"}],"curies":[{"name":"wp","href":"https:\/\/api.w.org\/{rel}","templated":true}]}}