{"id":361535,"date":"2025-09-02T19:54:10","date_gmt":"2025-09-02T19:54:10","guid":{"rendered":"https:\/\/www.europesays.com\/fr\/361535\/"},"modified":"2025-09-02T19:54:10","modified_gmt":"2025-09-02T19:54:10","slug":"thomas-dutronc-santa-patrick-fiori-patrick-timsit-ou-isabelle-nanty-tout-le-programme-du-festival-pellicu-live","status":"publish","type":"post","link":"https:\/\/www.europesays.com\/fr\/361535\/","title":{"rendered":"Thomas Dutronc, Santa, Patrick Fiori, Patrick Timsit ou Isabelle Nanty\u2026 tout le programme du festival Pellicu-live"},"content":{"rendered":"<p>\n                                                                Le festival Pellicu-live s\u2019installera \u00e0 la villa Palauda \u00e0 Thuir du jeudi\u00a04 au samedi 6\u00a0septembre 2025.\n                            <\/p>\n<p>Le festival Pellicu-live reprend ses quartiers d\u2019\u00e9t\u00e9 indien \u00e0 la villa Palauda \u00e0 Thuir. D\u00e8s ce jeudi 4\u00a0septembre et jusqu\u2019au samedi 6\u00a0septembre 2025 inclus, l\u2019\u00e9v\u00e9nement port\u00e9 par le couple Ana\u00efs et Fran\u00e7ois-Xavier Demaison m\u00ealera cin\u00e9ma, musique et gastronomie.<\/p>\n<p>Voici le programme.<\/p>\n<p>Jeudi 4\u00a0septembre<\/p>\n<p><strong>18\u00a0h\u00a0:<\/strong> Pr\u00e9sentation du long m\u00e9trage \u00ab\u00a0Un taxi pour l\u2019Espagne\u00a0\u00bb\u00a0avec les r\u00e9alisateurs<\/p>\n<p><strong>19\u00a0h\u00a0:<\/strong> Masterclass cin\u00e9ma avec <strong>Patrick Timsit<\/strong><\/p>\n<p><strong>20\u00a0h\u00a0:<\/strong> Show des chefs \u2013 <strong>Gilles Goujon\u00a0&amp; Laurent Lemal<\/strong><\/p>\n<p><strong>21\u00a0h\u00a0:<\/strong> Concert <strong>Patrick Fiori<\/strong><\/p>\n<p><strong>22\u00a0h\u00a0:<\/strong> Concert <strong>Thomas Dutronc<\/strong><\/p>\n<p><strong>23\u00a0h\u00a0:<\/strong> Concert <strong>Afternoon in the Park<\/strong><\/p>\n<p>\u00a0<\/p>\n<p>Vendredi 5\u00a0septembre<\/p>\n<p><strong>18\u00a0h\u00a0<\/strong>: Court m\u00e9trage par l\u2019Institut Jean Vigo +\u00a0Discours \u00c9loquencia<\/p>\n<p><strong>19\u00a0h\u00a0<\/strong>: Masterclass cin\u00e9ma avec<strong> Isabelle Nanty<\/strong><\/p>\n<p><strong>20\u00a0h\u00a0:<\/strong> Show des chefs \u2013 <strong>Jean-Fran\u00e7ois Pi\u00e8ge, Gilles Goujon\u00a0&amp; K\u00e9vin de Porre<\/strong><\/p>\n<p><strong>21\u00a0h\u00a0:<\/strong> Concert <strong>Lisa Jazz Trio<\/strong><\/p>\n<p><strong>22\u00a0h\u00a0:<\/strong> Concert<strong> Kimberose<\/strong><\/p>\n<p><strong>23\u00a0h\u00a0:<\/strong> Concert <strong>Santa<\/strong><\/p>\n<p>\u00a0<\/p>\n<p>Samedi 6\u00a0septembre (soir\u00e9e d\u00e9guis\u00e9e)<\/p>\n<p><strong>18\u00a0h\u00a0:<\/strong> Court m\u00e9trage par l\u2019Institut Jean Vigo<\/p>\n<p><strong>19\u00a0h\u00a0:<\/strong> Masterclass cin\u00e9ma avec<strong> Micha\u00ebl Youn<\/strong><\/p>\n<p><strong>20\u00a0h\u00a0: <\/strong>Show des chefs \u2013 <strong>Christophe Michalak\u00a0&amp; Coralie Coms<\/strong><\/p>\n<p><strong>21\u00a0h\u00a0:<\/strong> Concert <strong>Ycare<\/strong><\/p>\n<p><strong>22\u00a0h\u00a0:<\/strong> Concert <strong>Amir<\/strong><\/p>\n<p><strong>23\u00a0h\u00a0:<\/strong> DJ set <strong>Philippe Corti<\/strong><\/p>\n","protected":false},"excerpt":{"rendered":"Le festival Pellicu-live s\u2019installera \u00e0 la villa Palauda \u00e0 Thuir du jeudi\u00a04 au samedi 6\u00a0septembre 2025. Le festival&hellip;\n","protected":false},"author":2,"featured_media":361536,"comment_status":"","ping_status":"","sticky":false,"template":"","format":"standard","meta":{"footnotes":""},"categories":[1355],"tags":[58,59,1011,27,1361,873],"class_list":{"0":"post-361535","1":"post","2":"type-post","3":"status-publish","4":"format-standard","5":"has-post-thumbnail","7":"category-musique","8":"tag-divertissement","9":"tag-entertainment","10":"tag-fr","11":"tag-france","12":"tag-music","13":"tag-musique"},"share_on_mastodon":{"url":"https:\/\/pubeurope.com\/@fr\/115136460485068038","error":""},"_links":{"self":[{"href":"https:\/\/www.europesays.com\/fr\/wp-json\/wp\/v2\/posts\/361535","targetHints":{"allow":["GET"]}}],"collection":[{"href":"https:\/\/www.europesays.com\/fr\/wp-json\/wp\/v2\/posts"}],"about":[{"href":"https:\/\/www.europesays.com\/fr\/wp-json\/wp\/v2\/types\/post"}],"author":[{"embeddable":true,"href":"https:\/\/www.europesays.com\/fr\/wp-json\/wp\/v2\/users\/2"}],"replies":[{"embeddable":true,"href":"https:\/\/www.europesays.com\/fr\/wp-json\/wp\/v2\/comments?post=361535"}],"version-history":[{"count":0,"href":"https:\/\/www.europesays.com\/fr\/wp-json\/wp\/v2\/posts\/361535\/revisions"}],"wp:featuredmedia":[{"embeddable":true,"href":"https:\/\/www.europesays.com\/fr\/wp-json\/wp\/v2\/media\/361536"}],"wp:attachment":[{"href":"https:\/\/www.europesays.com\/fr\/wp-json\/wp\/v2\/media?parent=361535"}],"wp:term":[{"taxonomy":"category","embeddable":true,"href":"https:\/\/www.europesays.com\/fr\/wp-json\/wp\/v2\/categories?post=361535"},{"taxonomy":"post_tag","embeddable":true,"href":"https:\/\/www.europesays.com\/fr\/wp-json\/wp\/v2\/tags?post=361535"}],"curies":[{"name":"wp","href":"https:\/\/api.w.org\/{rel}","templated":true}]}}