{"id":361537,"date":"2025-09-02T19:55:30","date_gmt":"2025-09-02T19:55:30","guid":{"rendered":"https:\/\/www.europesays.com\/fr\/361537\/"},"modified":"2025-09-02T19:55:30","modified_gmt":"2025-09-02T19:55:30","slug":"les-sorties-cinema-de-la-semaine-ciudad-sin-sueno-chroniques-dhaifa-exit-8-telerama","status":"publish","type":"post","link":"https:\/\/www.europesays.com\/fr\/361537\/","title":{"rendered":"Les sorties cin\u00e9ma de la semaine : \u201cCiudad sin sue\u00f1o\u201d, \u201cChroniques d\u2019Ha\u00effa\u201d, \u201cExit 8\u201d\u2026 &#8211; T\u00e9l\u00e9rama"},"content":{"rendered":"<ol>\n<li><a href=\"https:\/\/news.google.com\/rss\/articles\/CBMiugFBVV95cUxPbzlUOWZiMU5uaGtvZ1oxUXM2a09IX2ZyUlVzb2hTOXFLWlJJY2V5STJoT0lNeld2TFN1dTVaa2RPUzJPWXJ0VG52NTNodzFOMTI4QzNoZ0ZvQTg4X193NC1fa0VWNUl4dHQ1U3pyaDhzUXVGMm1JYUZYWHR5Ung5czU3Q21sbHJkOTZjS3ZISUdRdFQ2OXUxNE9TU05vZWZfTzFFWkpDZGlmWGEyOFZRNVJQV1RTcFc5MVE?oc=5\" target=\"_blank\" rel=\"nofollow noopener\">Les sorties cin\u00e9ma de la semaine : \u201cCiudad sin sue\u00f1o\u201d, \u201cChroniques d\u2019Ha\u00effa\u201d, \u201cExit 8\u201d\u2026<\/a>&nbsp;&nbsp;T\u00e9l\u00e9rama<\/li>\n<li><a href=\"https:\/\/news.google.com\/rss\/articles\/CBMifkFVX3lxTE9pNkMweE9DVWdRYm12emtndm1kREVpT3pIX2FnOVJIdmFJVUd3TUwxN2l4RUhySkFEUnFwT1dYQWdDaTI2S0FjMmltTkd3ZVVqMDNXSHVydXdKVUpWUGw1RV9yMU9PZzhzd3o3NGdCNmN5clcyeGRPRWhGaXh2QQ?oc=5\" target=\"_blank\" rel=\"nofollow noopener\">Au cin\u00e9ma le 3 septembre, ce sont les films \u00e0 voir : Fils de avec Fran\u00e7ois Cluzet, Adieu Jean-Pat avec Hakim Jemili, La Voie du serpent&#8230;<\/a>&nbsp;&nbsp;AlloCin\u00e9<\/li>\n<li><a href=\"https:\/\/news.google.com\/rss\/articles\/CBMixAFBVV95cUxPWlBFd2Ezd0hZVm5WOVBCclJsQlRKanA1WFpWYmpqUFdkVlU5UC1ZMnJCbHBwaW9mYzJ3UjdQNjk5RkZGaU9COWZ4TllhY2ZKQ3JtX2dPcjI2eWZ2TmRCLXBEVjFRN3NYTHFiNy0xM3N1UUFrSFR5RmRFZ1NQc19teXMzYUVROVdxUTdyQk50UUVUVkJqTUR4UTBEQzQ4NndvVWM0NWE3V1lNd0g0RENJbHQ5bzJRYmlQUTItSFRjZ3p3Yk1V?oc=5\" target=\"_blank\" rel=\"nofollow noopener\">Scandar Copti, r\u00e9alisateur : \u00ab Il existe 65 lois contre les Palestiniens en Isra\u00ebl \u00bb<\/a>&nbsp;&nbsp;L&rsquo;Humanit\u00e9<\/li>\n<li><a href=\"https:\/\/news.google.com\/rss\/articles\/CBMi3wFBVV95cUxOVHl6ZDdyVGlhc2FjTTJZVERmQ1VrMTJsYTktRUljMFNtYlpReVpVVk5iVmI2X3oxUFRLM2hfcEF1eFVYWmM5QV9rQ1J1b2xwa1hzYkszM0hhS1lhNDJ2azNoZkdCTFRJTlFHLTFHcDBYUFFBWk44d2o3eXFhbGJodDVtMHRiQkM5ZkdhU1NQdllBaVA1RHlMelJQQjl5QWFFc000TnFoOXlqcWtTWGdqVXJLMUN4MWtzUTB6cnE4NHdIX3o4emlDTC1PR2d0a01TUTQyNFprcVhEeW1JOGZz?oc=5\" target=\"_blank\" rel=\"nofollow noopener\">\u201cChroniques d\u2019Ha\u00effa &#8211; Histoires palestiniennes\u201d : un drame choral, \u00e0 la fois intime et politique<\/a>&nbsp;&nbsp;Le Nouvel Obs<\/li>\n<li><a href=\"https:\/\/news.google.com\/rss\/articles\/CBMi9gFBVV95cUxPZC0tM3R0R3Y3bXNhZnBtQWNJeWN2aFctcVZuWFRjdmJVTU5yYlk0UHVGMVYxdE9oZUZMUngtZ0pyaFVtRDFNUUoyVjVLMUR6VkVZWnlxMmQtYUhfZjc5LWJxckdXUG9sU0VWY2JKUE1iX3NNVTc1QXNMVjJ1eUVUalNyaWZLSmhNUjlucUhQUmI2cXpoRVpQMWk2V2wyelMwb2dSNTBKa2FJQkJLU0w1M2dqQXFLc0tCYllxUUJZdHk0alA5MXIxNWpObkc3RF93cjRrMzJuSm1uUlZWSWh6bm9BSHFUNkRTanBjcDhfeENtdU53Mnc?oc=5\" target=\"_blank\" rel=\"nofollow noopener\">\u00ab Connemara \u00bb, \u00ab Exit 8 \u00bb, \u00ab Chroniques d\u2019Ha\u00effa \u00bb&#8230; Nos critiques cin\u00e9ma de la semaine<\/a>&nbsp;&nbsp;La Tribune<\/li>\n<\/ol>\n","protected":false},"excerpt":{"rendered":"Les sorties cin\u00e9ma de la semaine : \u201cCiudad sin sue\u00f1o\u201d, \u201cChroniques d\u2019Ha\u00effa\u201d, \u201cExit 8\u201d\u2026&nbsp;&nbsp;T\u00e9l\u00e9rama Au cin\u00e9ma le 3&hellip;\n","protected":false},"author":2,"featured_media":361538,"comment_status":"","ping_status":"","sticky":false,"template":"","format":"standard","meta":{"footnotes":""},"categories":[1354],"tags":[58,59,1346,1011,27,1360],"class_list":{"0":"post-361537","1":"post","2":"type-post","3":"status-publish","4":"format-standard","5":"has-post-thumbnail","7":"category-films","8":"tag-divertissement","9":"tag-entertainment","10":"tag-films","11":"tag-fr","12":"tag-france","13":"tag-movies"},"share_on_mastodon":{"url":"https:\/\/pubeurope.com\/@fr\/115136464454905946","error":""},"_links":{"self":[{"href":"https:\/\/www.europesays.com\/fr\/wp-json\/wp\/v2\/posts\/361537","targetHints":{"allow":["GET"]}}],"collection":[{"href":"https:\/\/www.europesays.com\/fr\/wp-json\/wp\/v2\/posts"}],"about":[{"href":"https:\/\/www.europesays.com\/fr\/wp-json\/wp\/v2\/types\/post"}],"author":[{"embeddable":true,"href":"https:\/\/www.europesays.com\/fr\/wp-json\/wp\/v2\/users\/2"}],"replies":[{"embeddable":true,"href":"https:\/\/www.europesays.com\/fr\/wp-json\/wp\/v2\/comments?post=361537"}],"version-history":[{"count":0,"href":"https:\/\/www.europesays.com\/fr\/wp-json\/wp\/v2\/posts\/361537\/revisions"}],"wp:featuredmedia":[{"embeddable":true,"href":"https:\/\/www.europesays.com\/fr\/wp-json\/wp\/v2\/media\/361538"}],"wp:attachment":[{"href":"https:\/\/www.europesays.com\/fr\/wp-json\/wp\/v2\/media?parent=361537"}],"wp:term":[{"taxonomy":"category","embeddable":true,"href":"https:\/\/www.europesays.com\/fr\/wp-json\/wp\/v2\/categories?post=361537"},{"taxonomy":"post_tag","embeddable":true,"href":"https:\/\/www.europesays.com\/fr\/wp-json\/wp\/v2\/tags?post=361537"}],"curies":[{"name":"wp","href":"https:\/\/api.w.org\/{rel}","templated":true}]}}