{"id":361539,"date":"2025-09-02T19:56:11","date_gmt":"2025-09-02T19:56:11","guid":{"rendered":"https:\/\/www.europesays.com\/fr\/361539\/"},"modified":"2025-09-02T19:56:11","modified_gmt":"2025-09-02T19:56:11","slug":"le-mythe-de-la-crise-de-la-quarantaine-seffondre-aujourdhui-les-jeunes-sont-plus-tristes-que-les-vieux","status":"publish","type":"post","link":"https:\/\/www.europesays.com\/fr\/361539\/","title":{"rendered":"Le mythe de la crise de la quarantaine s&rsquo;effondre: aujourd&rsquo;hui, les jeunes sont plus tristes que les vieux"},"content":{"rendered":"<p>La jeunesse n&rsquo;est plus vraiment synonyme d&rsquo;insouciance. Alors que, dans l&rsquo;imaginaire collectif, les 20-30 ans sont souvent per\u00e7us comme plus enclins au bonheur, des donn\u00e9es r\u00e9centes montrent au contraire une hausse significative de leur mal-\u00eatre, atteignant des niveaux in\u00e9dits. Longtemps consid\u00e9r\u00e9e comme un passage oblig\u00e9, la crise de la quarantaine\u00a0\u2013que les anglophones qualifie de \u00abmidlife crisis\u00bb ou \u00abcrise de milieu de vie\u00bb\u2013 ne correspond plus aujourd&rsquo;hui au point le plus bas de notre bien-\u00eatre.<\/p>\n<p><a href=\"https:\/\/www.newscientist.com\/article\/2494094-were-no-longer-at-our-unhappiest-during-middle-age\/\" target=\"_blank\" rel=\"nofollow noopener\">Selon un article du magazine sp\u00e9cialis\u00e9 New Scientist,<\/a> cette inversion a \u00e9t\u00e9 mise en \u00e9vidence par une \u00e9quipe de chercheurs dirig\u00e9e par <a href=\"https:\/\/profiles.ucl.ac.uk\/54820-alex-bryson\" target=\"_blank\" rel=\"nofollow noopener\">Alex Bryson<\/a>, professeur de sciences sociales \u00e0 l&rsquo;Universit\u00e9 de Londres. Leur analyse repose sur <a href=\"https:\/\/papers.ssrn.com\/sol3\/papers.cfm?abstract_id=4794387\" target=\"_blank\" rel=\"nofollow noopener\">un vaste corpus<\/a> de donn\u00e9es: aux \u00c9tats-Unis, plus de 10 millions d&rsquo;adultes suivis entre 1993 et 2024; au Royaume-Uni, environ 40.000 foyers interrog\u00e9s entre 2009 et 2023; et, pour \u00e9largir encore la perspective, les r\u00e9sultats du projet consacr\u00e9 \u00e0 la sant\u00e9 mentale, Global Minds, qui a recueilli depuis 2020 les r\u00e9ponses de pr\u00e8s de 2 millions de personnes dans 44 pays.<\/p>\n<p>        <img decoding=\"async\" alt=\"Abonnez-vous gratuitement \u00e0 la newsletter de Slate !\" loading=\"lazy\" class=\"ms-4 ms-md-0\" width=\"82\" height=\"82\" src=\"https:\/\/www.slate.fr\/assets\/newsletter-dd7c4ea7fb4ce45aacc56875521d4bde7ec4ba23f0a0ae088566df808b3a80c3.svg\"\/><br \/>\n        Abonnez-vous gratuitement \u00e0 la newsletter de Slate !Les articles sont s\u00e9lectionn\u00e9s pour vous, en fonction de vos centres d\u2019int\u00e9r\u00eat, tous les jours dans votre bo\u00eete mail.<\/p>\n<p>Partout ou presque, le constat est le m\u00eame: l&rsquo;ancien creux de satisfaction autour de la quarantaine a disparu. Mais cela ne signifie pas pour autant que les <a href=\"https:\/\/www.slate.fr\/story\/236060\/age-adulte-neurosciences-developpement-cerveau-maturite-neurones\" target=\"_blank\" rel=\"nofollow noopener\">adultes<\/a> d&rsquo;\u00e2ge moyen soient plus heureux. \u00abLe milieu de vie reste en r\u00e9alit\u00e9 assez moyen\u00bb, nuance Alex Bryson. \u00abLe vrai basculement concerne les jeunes adultes, dont le niveau de d\u00e9tresse ne cesse d&rsquo;augmenter.\u00bb <\/p>\n<p>R\u00e9sultat: la courbe en U, qui montrait traditionnellement une baisse de bien-\u00eatre \u00e0 la quarantaine avant un regain \u00e0 partir de 50 ou 60 ans, s&rsquo;est aplatie. D\u00e9sormais, plus on vieillit, plus on se d\u00e9clare <a href=\"https:\/\/www.slate.fr\/societe\/recherche-bonheur-trois-lecons-de-vie-conseils-psychologie-heureux-argent-amis-liberte\" target=\"_blank\" rel=\"nofollow noopener\">heureux<\/a>.<\/p>\n<p>Quand la jeunesse perd son monopole bonheur<\/p>\n<p>Ces r\u00e9sultats contredisent les <a href=\"https:\/\/link.springer.com\/article\/10.1007\/s00148-020-00797-z\" target=\"_blank\" rel=\"nofollow noopener\">\u00e9tudes<\/a> men\u00e9es il y a une dizaine d&rsquo;ann\u00e9es. \u00c0 l&rsquo;\u00e9poque, les donn\u00e9es issues de 145 pays dessinaient un sch\u00e9ma presque universel: bonheur \u00e9lev\u00e9 avant 30 ans, chute progressive jusqu&rsquo;\u00e0 un point bas autour de 50 ans, puis remont\u00e9e vers 70 ans. M\u00eame chez les <a href=\"https:\/\/www.pnas.org\/doi\/full\/10.1073\/pnas.1212592109\" target=\"_blank\" rel=\"nofollow noopener\">chimpanz\u00e9s<\/a> et les orangs-outans, une forme de crise de milieu de vie avait \u00e9t\u00e9 observ\u00e9e. La disparition de cette courbe signale donc un changement profond et in\u00e9dit dans la dynamique du bien-\u00eatre.<\/p>\n<p>Comment expliquer ce revirement? Les chercheurs avancent plusieurs facteurs: l&rsquo;usage intensif des <a href=\"https:\/\/www.slate.fr\/societe\/blog-sagalovitsch-interdire-reseaux-sociaux-tiktok-instagram-x-facebook-betise-violence-complotisme-fake-news-enfants-protection\" target=\"_blank\" rel=\"nofollow noopener\">r\u00e9seaux sociaux<\/a>, l&rsquo;isolement li\u00e9 \u00e0 la pand\u00e9mie de Covid-19, et la difficult\u00e9 persistante d&rsquo;acc\u00e9der \u00e0 des soins psychologiques. Autant d&rsquo;\u00e9l\u00e9ments qui fragilisent particuli\u00e8rement les g\u00e9n\u00e9rations les plus connect\u00e9es, mais aussi les moins bien accompagn\u00e9es.<\/p>\n<p>La tendance est nette dans les pays d\u00e9velopp\u00e9s anglophones comme les \u00c9tats-Unis ou le Royaume-Uni. \u00c0 l&rsquo;inverse, dans certaines r\u00e9gions d&rsquo;Afrique o\u00f9 l&rsquo;acc\u00e8s \u00e0 internet reste limit\u00e9\u00a0\u2013comme en <a href=\"https:\/\/www.slate.fr\/monde\/le-chemin-des-ecolieres\/velo-tanzanie-filles-ecolieres-dangers-viols-gangs-serpents\" target=\"_blank\" rel=\"nofollow noopener\">Tanzanie<\/a>\u2013 les jeunes sans connexion se d\u00e9clarent plus heureux que ceux qui en disposent.<\/p>\n<p>Cette \u00e9volution interroge: comment l&rsquo;\u00e2ge cens\u00e9 incarner l&rsquo;\u00e9lan vital et l&rsquo;\u00e9panouissement est-il devenu un moment de vuln\u00e9rabilit\u00e9 <a href=\"https:\/\/www.slate.fr\/sante\/violence-verbale-infantile-impact-devastateur-cerveau-enfants-adultes-sante-mentale\" target=\"_blank\" rel=\"nofollow noopener\">psychologique<\/a>? Le milieu de vie, lui, reste globalement stable. Mais selon les donn\u00e9es les plus r\u00e9centes, le creux du mal-\u00eatre, jadis concentr\u00e9 autour de la quarantaine, s&rsquo;invite d\u00e9sormais d\u00e8s les premi\u00e8res ann\u00e9es de l&rsquo;\u00e2ge adulte.<\/p>\n","protected":false},"excerpt":{"rendered":"La jeunesse n&rsquo;est plus vraiment synonyme d&rsquo;insouciance. Alors que, dans l&rsquo;imaginaire collectif, les 20-30 ans sont souvent per\u00e7us&hellip;\n","protected":false},"author":2,"featured_media":361540,"comment_status":"","ping_status":"","sticky":false,"template":"","format":"standard","meta":{"footnotes":""},"categories":[10],"tags":[1011,27,72,71],"class_list":{"0":"post-361539","1":"post","2":"type-post","3":"status-publish","4":"format-standard","5":"has-post-thumbnail","7":"category-sante","8":"tag-fr","9":"tag-france","10":"tag-health","11":"tag-sante"},"share_on_mastodon":{"url":"https:\/\/pubeurope.com\/@fr\/115136468730792817","error":""},"_links":{"self":[{"href":"https:\/\/www.europesays.com\/fr\/wp-json\/wp\/v2\/posts\/361539","targetHints":{"allow":["GET"]}}],"collection":[{"href":"https:\/\/www.europesays.com\/fr\/wp-json\/wp\/v2\/posts"}],"about":[{"href":"https:\/\/www.europesays.com\/fr\/wp-json\/wp\/v2\/types\/post"}],"author":[{"embeddable":true,"href":"https:\/\/www.europesays.com\/fr\/wp-json\/wp\/v2\/users\/2"}],"replies":[{"embeddable":true,"href":"https:\/\/www.europesays.com\/fr\/wp-json\/wp\/v2\/comments?post=361539"}],"version-history":[{"count":0,"href":"https:\/\/www.europesays.com\/fr\/wp-json\/wp\/v2\/posts\/361539\/revisions"}],"wp:featuredmedia":[{"embeddable":true,"href":"https:\/\/www.europesays.com\/fr\/wp-json\/wp\/v2\/media\/361540"}],"wp:attachment":[{"href":"https:\/\/www.europesays.com\/fr\/wp-json\/wp\/v2\/media?parent=361539"}],"wp:term":[{"taxonomy":"category","embeddable":true,"href":"https:\/\/www.europesays.com\/fr\/wp-json\/wp\/v2\/categories?post=361539"},{"taxonomy":"post_tag","embeddable":true,"href":"https:\/\/www.europesays.com\/fr\/wp-json\/wp\/v2\/tags?post=361539"}],"curies":[{"name":"wp","href":"https:\/\/api.w.org\/{rel}","templated":true}]}}