{"id":361549,"date":"2025-09-02T20:01:11","date_gmt":"2025-09-02T20:01:11","guid":{"rendered":"https:\/\/www.europesays.com\/fr\/361549\/"},"modified":"2025-09-02T20:01:11","modified_gmt":"2025-09-02T20:01:11","slug":"aucune-offensive-ou-tentative-dannexion-nenrayera-le-mouvement-de-reconnaissance-de-la-palestine-promet-emmanuel-macron","status":"publish","type":"post","link":"https:\/\/www.europesays.com\/fr\/361549\/","title":{"rendered":"\u00ab\u00a0Aucune offensive\u00a0\u00bb ou \u00ab\u00a0tentative d\u2019annexion\u00a0\u00bb n\u2019enrayera le mouvement de reconnaissance de la Palestine, promet Emmanuel Macron"},"content":{"rendered":"<p>   La justice fran\u00e7aise saisie pour \u00ab\u00a0manquement\u00a0\u00bb de l\u2019Etat \u00e0 \u00ab\u00a0pr\u00e9venir un g\u00e9nocide\u00a0\u00bb dans la bande de Gaza             <\/p>\n<p class=\"post__live-container--answer-text post__space-node\">Une association de juristes a demand\u00e9 \u00e0 un tribunal \u00e0 Paris de condamner l\u2019Etat fran\u00e7ais \u00ab\u00a0pour l\u2019absence de mise en \u0153uvre de son obligation de pr\u00e9vention du crime de g\u00e9nocide\u00a0\u00bb dans la bande de Gaza, selon son recours dont l\u2019Agence France-Presse (AFP) dit avoir pris connaissance.<\/p>\n<p class=\"post__live-container--answer-text post__space-node\">L\u2019association fran\u00e7aise Juristes pour le respect du droit international (Jurdi), qui a formul\u00e9 sa requ\u00eate aupr\u00e8s du tribunal administratif, estime que la France est tenue \u00e0 une telle obligation en tant que signataire de la Convention pour la pr\u00e9vention et la r\u00e9pression du crime de g\u00e9nocide du 9\u00a0d\u00e9cembre\u00a01948.<\/p>\n<p class=\"post__live-container--answer-text post__space-node\">La France a critiqu\u00e9 tr\u00e8s vivement l\u2019ampleur des moyens employ\u00e9s par l\u2019arm\u00e9e isra\u00e9lienne \u00e0 Gaza, en r\u00e9action \u00e0 l\u2019attaque d\u2019une ampleur in\u00e9dite men\u00e9e le 7\u00a0octobre\u00a02023 par le mouvement islamiste palestinien Hamas sur le sol isra\u00e9lien. Paris n\u2019a cependant jamais utilis\u00e9 le qualificatif de g\u00e9nocide.<\/p>\n<p class=\"post__live-container--answer-text post__space-node\">Le minist\u00e8re des affaires \u00e9trang\u00e8res  fran\u00e7ais, interrog\u00e9 par l\u2019AFP, n\u2019a pas r\u00e9agi.<\/p>\n<p class=\"post__live-container--answer-text post__space-node\">L\u2019association Jurdi demande que la justice \u00ab\u00a0ordonne \u00e0 l\u2019Etat des d\u00e9cisions et des initiatives concr\u00e8tes vis-\u00e0-vis de l\u2019Etat d\u2019Isra\u00ebl (\u2026) pour pr\u00e9venir le crime de g\u00e9nocide\u00a0\u00bb, sous peine d\u2019une astreinte quotidienne de 10\u00a0000\u00a0euros. Elle r\u00e9clame \u00e9galement le versement d\u2019un euro symbolique pour le \u00ab\u00a0pr\u00e9judice\u00a0\u00bb subi.<\/p>\n<p class=\"post__live-container--answer-text post__space-node\">Elle \u00e9pingle notamment des livraisons d\u2019armes fran\u00e7aises \u00e0 l\u2019Etat h\u00e9breu, pr\u00e9sent\u00e9es comme \u00ab\u00a0d\u00e9fensives\u00a0\u00bb par les autorit\u00e9s fran\u00e7aises. \u00ab\u00a0En d\u00e9pit du risque s\u00e9rieux et av\u00e9r\u00e9 de g\u00e9nocide dans la bande de Gaza, l\u2019Etat a manqu\u00e9 de mettre en \u0153uvre les mesures de pr\u00e9vention de ce g\u00e9nocide qui \u00e9tait \u00e0 sa port\u00e9e\u00a0\u00bb, estime la Jurdi, ajoutant que ses courriers pr\u00e9c\u00e9dents aux autorit\u00e9s fran\u00e7aises \u00ab\u00a0sont rest\u00e9s sans r\u00e9ponse\u00a0\u00bb.<\/p>\n","protected":false},"excerpt":{"rendered":"La justice fran\u00e7aise saisie pour \u00ab\u00a0manquement\u00a0\u00bb de l\u2019Etat \u00e0 \u00ab\u00a0pr\u00e9venir un g\u00e9nocide\u00a0\u00bb dans la bande de Gaza Une&hellip;\n","protected":false},"author":2,"featured_media":361550,"comment_status":"","ping_status":"","sticky":false,"template":"","format":"standard","meta":{"footnotes":""},"categories":[5],"tags":[11,1011,27,14,12,28],"class_list":{"0":"post-361549","1":"post","2":"type-post","3":"status-publish","4":"format-standard","5":"has-post-thumbnail","7":"category-international","8":"tag-actualites","9":"tag-fr","10":"tag-france","11":"tag-international","12":"tag-news","13":"tag-world"},"share_on_mastodon":{"url":"https:\/\/pubeurope.com\/@fr\/115136488111928237","error":""},"_links":{"self":[{"href":"https:\/\/www.europesays.com\/fr\/wp-json\/wp\/v2\/posts\/361549","targetHints":{"allow":["GET"]}}],"collection":[{"href":"https:\/\/www.europesays.com\/fr\/wp-json\/wp\/v2\/posts"}],"about":[{"href":"https:\/\/www.europesays.com\/fr\/wp-json\/wp\/v2\/types\/post"}],"author":[{"embeddable":true,"href":"https:\/\/www.europesays.com\/fr\/wp-json\/wp\/v2\/users\/2"}],"replies":[{"embeddable":true,"href":"https:\/\/www.europesays.com\/fr\/wp-json\/wp\/v2\/comments?post=361549"}],"version-history":[{"count":0,"href":"https:\/\/www.europesays.com\/fr\/wp-json\/wp\/v2\/posts\/361549\/revisions"}],"wp:featuredmedia":[{"embeddable":true,"href":"https:\/\/www.europesays.com\/fr\/wp-json\/wp\/v2\/media\/361550"}],"wp:attachment":[{"href":"https:\/\/www.europesays.com\/fr\/wp-json\/wp\/v2\/media?parent=361549"}],"wp:term":[{"taxonomy":"category","embeddable":true,"href":"https:\/\/www.europesays.com\/fr\/wp-json\/wp\/v2\/categories?post=361549"},{"taxonomy":"post_tag","embeddable":true,"href":"https:\/\/www.europesays.com\/fr\/wp-json\/wp\/v2\/tags?post=361549"}],"curies":[{"name":"wp","href":"https:\/\/api.w.org\/{rel}","templated":true}]}}