{"id":361557,"date":"2025-09-02T20:05:31","date_gmt":"2025-09-02T20:05:31","guid":{"rendered":"https:\/\/www.europesays.com\/fr\/361557\/"},"modified":"2025-09-02T20:05:31","modified_gmt":"2025-09-02T20:05:31","slug":"lasse-termine-son-mercato-avec-un-effectif-plethorique","status":"publish","type":"post","link":"https:\/\/www.europesays.com\/fr\/361557\/","title":{"rendered":"L&rsquo;ASSE TERMINE SON MERCATO AVEC UN EFFECTIF PL\u00c9THORIQUE"},"content":{"rendered":"<p>                <a href=\"https:\/\/cadenceradio.fr\" target=\"_blank\" aria-label=\"Banni\u00e8re Cadence 2025\" rel=\"nofollow noopener\"><img loading=\"lazy\" decoding=\"async\" src=\"https:\/\/www.europesays.com\/fr\/wp-content\/uploads\/2025\/07\/Banniere-Cadence-2025-scaled.jpg\" alt=\"\"   width=\"2560\" height=\"738\"\/><\/a><\/p>\n<p>La direction de l\u2019AS Saint-\u00c9tienne a engag\u00e9 sa campagne de recrutement estivale en activant les options d\u2019achat d\u2019Irvin Cardona et Maxime Bernauer. L\u2019effectif s\u2019est ensuite \u00e9toff\u00e9 avec les arriv\u00e9es de Lassana Traor\u00e9, d\u00e9j\u00e0 pr\u00e9sent depuis plusieurs mois dans la Loire, puis de Mahmoud Jaber et Chico Lamba en d\u00e9but de p\u00e9riode des transferts.<\/p>\n<p>Le chantier prioritaire concernait le secteur d\u00e9fensif lat\u00e9ral, identifi\u00e9 comme l\u2019une des faiblesses majeures de l\u2019exercice pr\u00e9c\u00e9dent. D\u00e9but ao\u00fbt, Jo\u00e3o Ferreira et Strahinja Stojkovic venaient renforcer le c\u00f4t\u00e9 droit, tandis qu\u2019Ebenezer Annan apportait sa solution \u00e0 gauche. En attaque, Joshua Duffus rejoignait finalement les Verts apr\u00e8s de complexes d\u00e9marches administratives.<\/p>\n<p>Un d\u00e9graissage partiel de l\u2019effectif<\/p>\n<p>C\u00f4t\u00e9 d\u00e9parts, les mouvements se sont \u00e9galement multipli\u00e9s. Outre les fins de contrat naturelles de L\u00e9o P\u00e9trot, Ibrahima Wadji et Louis Mouton, l\u2019ASSE a facilit\u00e9 le transfert d\u2019Ibrahim Sissoko vers Bochum. Lamine Fomba, Beres Owusu, Cheikh Fall, Darling Bladi et Ayman Aiki ont \u00e9galement quitt\u00e9 le club. Enzo Mayilla a \u00e9t\u00e9 pr\u00eat\u00e9 \u00e0 Aubagne en National 1.<\/p>\n<p>Malgr\u00e9 ces sorties, plusieurs joueurs cibl\u00e9s pour un d\u00e9part n\u2019ont pas trouv\u00e9 preneur. Yvann Ma\u00e7on, Dylan Batubinsika et Benjamin Bouchouari figurent toujours dans l\u2019effectif st\u00e9phanois, la porte leur ayant pourtant \u00e9t\u00e9 ouverte durant de longues semaines. Ces \u00e9l\u00e9ments pourraient encore s\u2019exiler vers des championnats o\u00f9 la p\u00e9riode des transferts reste active, notamment en Turquie.<\/p>\n<p>Ces d\u00e9parts non concr\u00e9tis\u00e9s posent un probl\u00e8me d\u2019effectif pl\u00e9thorique qui risque de compliquer la gestion quotidienne d\u2019Eirik Horneland. L\u2019entra\u00eeneur ne peut s\u00e9lectionner que 18 joueurs pour les matchs de Ligue 2, transformant la composition des groupes en v\u00e9ritable casse-t\u00eate.<\/p>\n<p>Une intransigeance payante sur les stars<\/p>\n<p>Le mercato st\u00e9phanois s\u2019est caract\u00e9ris\u00e9 par une fermet\u00e9 exemplaire concernant Zuriko Davitashvili et Lucas Stassin. Si les sollicitations se sont calm\u00e9es pour le premier en fin de p\u00e9riode, le Paris FC a tent\u00e9 sa chance pour l\u2019attaquant belge. L\u2019ASSE a r\u00e9clam\u00e9 42 millions d\u2019euros pour lib\u00e9rer son buteur, montant prohibitif qui a d\u00e9courag\u00e9 les pr\u00e9tendants.<\/p>\n<p>Les deux joueurs auraient appr\u00e9ci\u00e9 \u00e9voluer dans un championnat majeur europ\u00e9en, mais la direction st\u00e9phanoise comptait sur ses \u00e9l\u00e9ments les plus d\u00e9cisifs de la saison pass\u00e9e en Ligue 1 pour orchestrer le retour dans l\u2019\u00e9lite.<\/p>\n<p>Le feuilleton Ekwah toujours en suspens<\/p>\n<p>Le dossier Pierre Ekwah continue d\u2019alimenter les d\u00e9bats. Sauf d\u00e9part tardif vers un championnat encore ouvert aux transferts ou r\u00e9siliation contractuelle, le milieu de terrain restera lig\u00e9rien cette saison.<\/p>\n<p>Le joueur, peu enthousiaste \u00e0 l\u2019id\u00e9e d\u2019\u00e9voluer en deuxi\u00e8me division, s\u2019expose \u00e0 l\u2019hostilit\u00e9 des supporters st\u00e9phanois qui l\u2019ont vis\u00e9 dans une banderole ce week-end. S\u2019il souhaite retrouver le maillot vert, il devra composer avec cette fronde populaire.<\/p>\n<p>La direction st\u00e9phanoise doit d\u00e9sormais g\u00e9rer cette situation d\u00e9licate avec un effectif surdimensionn\u00e9 et des tensions latentes. Les d\u00e9parts esp\u00e9r\u00e9s pour affiner le groupe d\u2019Eirik Horneland restent d\u2019actualit\u00e9, notamment vers les championnats o\u00f9 le mercato demeure actif.<\/p>\n","protected":false},"excerpt":{"rendered":"La direction de l\u2019AS Saint-\u00c9tienne a engag\u00e9 sa campagne de recrutement estivale en activant les options d\u2019achat d\u2019Irvin&hellip;\n","protected":false},"author":2,"featured_media":361558,"comment_status":"","ping_status":"","sticky":false,"template":"","format":"standard","meta":{"footnotes":""},"categories":[9653],"tags":[1111,11,461,2430,1777,674,1011,27,3367,12,25,4001,517],"class_list":{"0":"post-361557","1":"post","2":"type-post","3":"status-publish","4":"format-standard","5":"has-post-thumbnail","7":"category-saint-etienne","8":"tag-actu","9":"tag-actualites","10":"tag-asse","11":"tag-auvergne-rhone-alpes","12":"tag-eu","13":"tag-europe","14":"tag-fr","15":"tag-france","16":"tag-loire","17":"tag-news","18":"tag-republique-francaise","19":"tag-saint-etienne","20":"tag-sport"},"share_on_mastodon":{"url":"https:\/\/pubeurope.com\/@fr\/115136503885785024","error":""},"_links":{"self":[{"href":"https:\/\/www.europesays.com\/fr\/wp-json\/wp\/v2\/posts\/361557","targetHints":{"allow":["GET"]}}],"collection":[{"href":"https:\/\/www.europesays.com\/fr\/wp-json\/wp\/v2\/posts"}],"about":[{"href":"https:\/\/www.europesays.com\/fr\/wp-json\/wp\/v2\/types\/post"}],"author":[{"embeddable":true,"href":"https:\/\/www.europesays.com\/fr\/wp-json\/wp\/v2\/users\/2"}],"replies":[{"embeddable":true,"href":"https:\/\/www.europesays.com\/fr\/wp-json\/wp\/v2\/comments?post=361557"}],"version-history":[{"count":0,"href":"https:\/\/www.europesays.com\/fr\/wp-json\/wp\/v2\/posts\/361557\/revisions"}],"wp:featuredmedia":[{"embeddable":true,"href":"https:\/\/www.europesays.com\/fr\/wp-json\/wp\/v2\/media\/361558"}],"wp:attachment":[{"href":"https:\/\/www.europesays.com\/fr\/wp-json\/wp\/v2\/media?parent=361557"}],"wp:term":[{"taxonomy":"category","embeddable":true,"href":"https:\/\/www.europesays.com\/fr\/wp-json\/wp\/v2\/categories?post=361557"},{"taxonomy":"post_tag","embeddable":true,"href":"https:\/\/www.europesays.com\/fr\/wp-json\/wp\/v2\/tags?post=361557"}],"curies":[{"name":"wp","href":"https:\/\/api.w.org\/{rel}","templated":true}]}}