{"id":361559,"date":"2025-09-02T20:06:22","date_gmt":"2025-09-02T20:06:22","guid":{"rendered":"https:\/\/www.europesays.com\/fr\/361559\/"},"modified":"2025-09-02T20:06:22","modified_gmt":"2025-09-02T20:06:22","slug":"rtl-infos-le-livre-sur-la-place-a-nancy-des-auteurs-en-pagaille-a-une-heure-trente-du-luxembourg","status":"publish","type":"post","link":"https:\/\/www.europesays.com\/fr\/361559\/","title":{"rendered":"RTL Infos &#8211; Le Livre sur la Place \u00e0 Nancy: Des auteurs en pagaille \u00e0 une heure trente du Luxembourg"},"content":{"rendered":"<p>\n                            D\u2019Anne Sinclair \u00e0 Thomas VDB, de Le\u00efla Slimani \u00e0 Rapha\u00ebl Quenard, la programmation du plus grand salon de la rentr\u00e9e litt\u00e9raire confirme son statut de rendez-vous incontournable.                        <\/p>\n<p>En ces temps incertains pour la cr\u00e9ation o\u00f9 l\u2019intelligence artificielle questionne et m\u00eame effraie, il est plut\u00f4t rassurant de constater l\u2019engouement suscit\u00e9 par des autrices et des auteurs rassembl\u00e9s sous un chapiteau. Chaque ann\u00e9e d\u00e9but septembre, la ville de Nancy accueille le <a href=\"https:\/\/lelivresurlaplace.nancy.fr\/accueil\" target=\"_blank\" rel=\"noopener nofollow\">Livre sur la Place<\/a> et sa place Stanislas se retrouve peupl\u00e9e des plus belles plumes du moment.<\/p>\n<p>Cette 47e \u00e9dition, qui aura lieu <strong>du vendredi 12 au dimanche 14 septembre<\/strong>, ne faillit pas \u00e0 la r\u00e8gle du \u201cils sont tous l\u00e0\u201d, ou presque. L\u2019acteur aux milles visages <strong>Guillaume Gallienne<\/strong> succ\u00e8de \u00e0 <strong>Edgar Morin<\/strong> dans le costume de pr\u00e9sident avec pour mission de faire rayonner l\u2019\u00e9v\u00e9nement. Celui qui est \u00e9galement l\u2019auteur de Le Buveur de brume (Stock) reviendra sur ses racines g\u00e9orgiennes \u00e0 travers ce r\u00e9cit intime.<\/p>\n<p>Aux c\u00f4t\u00e9s de Guillaume Gallienne, trois personnalit\u00e9s accompagneront les grands prix litt\u00e9raires du salon. <strong>Anne Sinclair<\/strong>, figure de proue du journalisme, pr\u00e9sidera la 23\u00e8me \u00e9dition du prix Livre et Droits Humains. La remise du prix aura lieu le 12 septembre. <strong>Kamel Daoud<\/strong>, laur\u00e9at du Goncourt 2024, sera pr\u00e9sident du prix Stanislas, r\u00e9compensant un premier roman francophone. La remise du prix se tiendra le 13 septembre. <strong>Mathias Malzieu<\/strong>, \u00e9crivain et chanteur de <strong>Dionysos<\/strong>, pr\u00e9sidera la 6\u00e8me \u00e9dition du prix Ginkgo du livre audio, le 13 septembre.<\/p>\n<p>Tous les grands \u00e9crivains au centre de l\u2019actualit\u00e9 de la rentr\u00e9e seront au rendez-vous pour des rencontres : <strong>Christine Angot<\/strong> pour La Nuit sur commande (Stock) le vendredi 12 au Mus\u00e9e des Beaux-Arts, <strong>Emmanuel Carr\u00e8re<\/strong> pour Kolkhoze (P.O.L) le samedi 13 \u00e0 l\u2019Op\u00e9ra national de Nancy-Lorraine ou le Britannique <strong>Jonathan Coe<\/strong> qui viendra pr\u00e9senter Les preuves de mon innocence (Gallimard) le dimanche 14 \u00e0 la pr\u00e9fecture.<\/p>\n<p>Le Livre sur la place fait \u00e9galement la part belle aux auteurs connus pour une autre discipline. Sous ses airs de trublion, <strong>Thomas VDB<\/strong> est une plume habile. L\u2019humoriste viendra d\u00e9fendre Fiascorama (Buchet-Chastel) le vendredi 12\/09 au Forum litt\u00e9raire Bernard Pivot. L\u2019acteur <strong>Rapha\u00ebl Quenard<\/strong> viendra f\u00eater le succ\u00e8s de son premier roman, Clamser \u00e0 Tataouine (Flammarion), le samedi 13 salle Poirel.<\/p>\n<p>Un foisonnement d\u2019\u00e9v\u00e9nements<\/p>\n<p>Outre les rencontres et les lectures, le Livre sur la Place est \u00e9galement l\u2019occasion pour la cit\u00e9 ducale de proposer des rendez-vous exceptionnels. Comme par exemple des \u00e9missions de France Inter enregistr\u00e9es \u00e0 Nancy, celle de l\u2019astrophysicien\u00a0<strong>Christophe Galfard<\/strong> ou \u00ab\u00a0Le masque et la plume\u00a0\u00bb. Les deux \u00e9missions seront enregistr\u00e9es le vendredi 12 septembre depuis l\u2019Op\u00e9ra national de Nancy-Lorraine, entre 11h et 16h pour la premi\u00e8re, \u00e0 partir de 20h30 pour la seconde. Quant \u00e0<strong> Nicolas Demorand<\/strong>, ce n\u2019est pas en tant qu\u2019animateur de la matinale de France Inter mais auteur de Int\u00e9rieur nuit (Les Ar\u00e8nes), interrogeant les mots de la sant\u00e9 mentale, qu\u2019il sera pr\u00e9sent le vendredi 12 salle Poirel. Signalons \u00e9galement la lecture musicale de l\u2019\u00e9crivain <strong>Max Lobe<\/strong> d\u2019extraits de son dernier roman La danse des p\u00e8res (Zo\u00e9), accompagn\u00e9e par l\u2019artiste <strong>Alexandre Longo<\/strong>, alias<strong> Cascadeur<\/strong> et <strong>Nathan Gracia<\/strong>, danseur au CCN &#8211; Ballet de Lorraine, le samedi 13 aux Jardins du Livre, place de la Carri\u00e8re.<\/p>\n<p>Parfum d\u2019Italie<\/p>\n<p>Cette ann\u00e9e, le salon fait un focus sur l\u2019Italie, ses arts, sa litt\u00e9rature, sa modernit\u00e9 et ses enjeux politiques, \u00e0 travers des rencontres autour du <strong>Caravage<\/strong>, de <strong>Calvino<\/strong>, et un hommage au ma\u00eetre du polar italien <strong>Andrea Camilleri<\/strong>. Le Livre sur la Place a invit\u00e9 des \u00e9crivains transalpins \u00e9mergents et reconnus (<strong>Ilaria Gaspari<\/strong>, <strong>Barbaglia<\/strong>\u2026), mais \u00e9galement des auteurs fran\u00e7ais, comme <strong>Jean-Marie Gustave Le Cl\u00e9zio<\/strong>, qui ont un lien avec ce pays si proche de la Lorraine par l\u2019histoire li\u00e9e \u00e0 l\u2019immigration.<\/p>\n<p>D\u00e9couvrez le programme complet sur le site du <a href=\"https:\/\/lelivresurlaplace.nancy.fr\/accueil\" target=\"_blank\" rel=\"noopener nofollow\">Livre sur la Place<\/a>.<\/p>\n<p><strong>\u00c0 lire \u00e9galement :\u00a0<\/strong><\/p>\n<p><a href=\"https:\/\/infos.rtl.lu\/photos-et-videos\/face-b\/a\/1804125.html\" target=\"_blank\" rel=\"noopener nofollow\">Face B avec Thomas VDB, humoriste<\/a><\/p>\n<p><a href=\"https:\/\/infos.rtl.lu\/photos-et-videos\/face-b\/a\/1795687.html\" target=\"_blank\" rel=\"noopener nofollow\">Face B avec Jonathan Coe, romancier<\/a><\/p>\n<p><a href=\"https:\/\/infos.rtl.lu\/photos-et-videos\/face-b\/a\/1788267.html\" target=\"_blank\" rel=\"noopener nofollow\">Face B avec Lilia Hassaine, journaliste et romanci\u00e8re<\/a><\/p>\n<p><a href=\"https:\/\/infos.rtl.lu\/photos-et-videos\/face-b\/a\/1608959.html\" target=\"_blank\" rel=\"noopener nofollow\">Face B avec Cascadeur, musicien<\/a><\/p>\n","protected":false},"excerpt":{"rendered":"D\u2019Anne Sinclair \u00e0 Thomas VDB, de Le\u00efla Slimani \u00e0 Rapha\u00ebl Quenard, la programmation du plus grand salon de&hellip;\n","protected":false},"author":2,"featured_media":361560,"comment_status":"","ping_status":"","sticky":false,"template":"","format":"standard","meta":{"footnotes":""},"categories":[9635],"tags":[1111,11,1777,674,1011,27,775,1702,12,25],"class_list":{"0":"post-361559","1":"post","2":"type-post","3":"status-publish","4":"format-standard","5":"has-post-thumbnail","7":"category-nancy","8":"tag-actu","9":"tag-actualites","10":"tag-eu","11":"tag-europe","12":"tag-fr","13":"tag-france","14":"tag-grand-est","15":"tag-nancy","16":"tag-news","17":"tag-republique-francaise"},"share_on_mastodon":{"url":"https:\/\/pubeurope.com\/@fr\/115136507740256500","error":""},"_links":{"self":[{"href":"https:\/\/www.europesays.com\/fr\/wp-json\/wp\/v2\/posts\/361559","targetHints":{"allow":["GET"]}}],"collection":[{"href":"https:\/\/www.europesays.com\/fr\/wp-json\/wp\/v2\/posts"}],"about":[{"href":"https:\/\/www.europesays.com\/fr\/wp-json\/wp\/v2\/types\/post"}],"author":[{"embeddable":true,"href":"https:\/\/www.europesays.com\/fr\/wp-json\/wp\/v2\/users\/2"}],"replies":[{"embeddable":true,"href":"https:\/\/www.europesays.com\/fr\/wp-json\/wp\/v2\/comments?post=361559"}],"version-history":[{"count":0,"href":"https:\/\/www.europesays.com\/fr\/wp-json\/wp\/v2\/posts\/361559\/revisions"}],"wp:featuredmedia":[{"embeddable":true,"href":"https:\/\/www.europesays.com\/fr\/wp-json\/wp\/v2\/media\/361560"}],"wp:attachment":[{"href":"https:\/\/www.europesays.com\/fr\/wp-json\/wp\/v2\/media?parent=361559"}],"wp:term":[{"taxonomy":"category","embeddable":true,"href":"https:\/\/www.europesays.com\/fr\/wp-json\/wp\/v2\/categories?post=361559"},{"taxonomy":"post_tag","embeddable":true,"href":"https:\/\/www.europesays.com\/fr\/wp-json\/wp\/v2\/tags?post=361559"}],"curies":[{"name":"wp","href":"https:\/\/api.w.org\/{rel}","templated":true}]}}