{"id":361563,"date":"2025-09-02T20:09:29","date_gmt":"2025-09-02T20:09:29","guid":{"rendered":"https:\/\/www.europesays.com\/fr\/361563\/"},"modified":"2025-09-02T20:09:29","modified_gmt":"2025-09-02T20:09:29","slug":"montpellier-toulon-decouvrez-les-arbitres-de-la-rencontre","status":"publish","type":"post","link":"https:\/\/www.europesays.com\/fr\/361563\/","title":{"rendered":"Montpellier \u2013 Toulon : D\u00e9couvrez les arbitres de la rencontre !"},"content":{"rendered":"<p>Ce samedi \u00e0 19h00, le Rugby Club Toulonnais d\u00e9butera sa saison 2025 \/ 2026 par un p\u00e9rilleux d\u00e9placement \u00e0 Montpellier.<\/p>\n<p>Ce lundi, la F\u00e9d\u00e9ration Fran\u00e7aise de Rugby a d\u00e9voil\u00e9 la liste des arbitres qui dirigeront cette rencontre.<\/p>\n<p>Ainsi, c\u2019est Monsieur Ludovic Cayre (Comit\u00e9 P\u00e9rigord-Agenais) qui sera au sifflet.<\/p>\n<p>Il sera assist\u00e9 par Monsieur David Beun (Comit\u00e9 de Provence) et par Monsieur St\u00e9phane Coulon (Comit\u00e9 Occitanie).<\/p>\n<p>Enfin, l\u2019arbitre vid\u00e9o sera Monsieur Cyril Lafon (Comit\u00e9 Lyonnais).<\/p>\n<p><strong>Le match sera diffus\u00e9 en direct sur Canal + \u00e0 partir de 19h00.<\/strong><\/p>\n","protected":false},"excerpt":{"rendered":"Ce samedi \u00e0 19h00, le Rugby Club Toulonnais d\u00e9butera sa saison 2025 \/ 2026 par un p\u00e9rilleux d\u00e9placement&hellip;\n","protected":false},"author":2,"featured_media":361564,"comment_status":"","ping_status":"","sticky":false,"template":"","format":"standard","meta":{"footnotes":""},"categories":[9619],"tags":[1111,11,1777,674,1011,27,12,882,25,2310],"class_list":{"0":"post-361563","1":"post","2":"type-post","3":"status-publish","4":"format-standard","5":"has-post-thumbnail","7":"category-toulon","8":"tag-actu","9":"tag-actualites","10":"tag-eu","11":"tag-europe","12":"tag-fr","13":"tag-france","14":"tag-news","15":"tag-provence-alpes-cote-dazur","16":"tag-republique-francaise","17":"tag-toulon"},"share_on_mastodon":{"url":"https:\/\/pubeurope.com\/@fr\/115136519449530740","error":""},"_links":{"self":[{"href":"https:\/\/www.europesays.com\/fr\/wp-json\/wp\/v2\/posts\/361563","targetHints":{"allow":["GET"]}}],"collection":[{"href":"https:\/\/www.europesays.com\/fr\/wp-json\/wp\/v2\/posts"}],"about":[{"href":"https:\/\/www.europesays.com\/fr\/wp-json\/wp\/v2\/types\/post"}],"author":[{"embeddable":true,"href":"https:\/\/www.europesays.com\/fr\/wp-json\/wp\/v2\/users\/2"}],"replies":[{"embeddable":true,"href":"https:\/\/www.europesays.com\/fr\/wp-json\/wp\/v2\/comments?post=361563"}],"version-history":[{"count":0,"href":"https:\/\/www.europesays.com\/fr\/wp-json\/wp\/v2\/posts\/361563\/revisions"}],"wp:featuredmedia":[{"embeddable":true,"href":"https:\/\/www.europesays.com\/fr\/wp-json\/wp\/v2\/media\/361564"}],"wp:attachment":[{"href":"https:\/\/www.europesays.com\/fr\/wp-json\/wp\/v2\/media?parent=361563"}],"wp:term":[{"taxonomy":"category","embeddable":true,"href":"https:\/\/www.europesays.com\/fr\/wp-json\/wp\/v2\/categories?post=361563"},{"taxonomy":"post_tag","embeddable":true,"href":"https:\/\/www.europesays.com\/fr\/wp-json\/wp\/v2\/tags?post=361563"}],"curies":[{"name":"wp","href":"https:\/\/api.w.org\/{rel}","templated":true}]}}