{"id":361565,"date":"2025-09-02T20:10:09","date_gmt":"2025-09-02T20:10:09","guid":{"rendered":"https:\/\/www.europesays.com\/fr\/361565\/"},"modified":"2025-09-02T20:10:09","modified_gmt":"2025-09-02T20:10:09","slug":"une-operation-de-police-denvergure-de-dix-jours-lancee-a-la-mosson","status":"publish","type":"post","link":"https:\/\/www.europesays.com\/fr\/361565\/","title":{"rendered":"une op\u00e9ration de police d&rsquo;envergure de dix jours lanc\u00e9e \u00e0 la Mosson"},"content":{"rendered":"<p>            Par<br \/>\n        <strong><br \/>\n            <a href=\"https:\/\/actu.fr\/auteur\/jm-aubert\" title=\"Consulter tous les articles de Jean-Marc Aubert\" rel=\"nofollow noopener\" target=\"_blank\">Jean-Marc Aubert<\/a><br \/>\n        <\/strong><\/p>\n<p>        Publi\u00e9 le<\/p>\n<p>            2 sept. 2025 \u00e0 21h40<br \/>\n        ; mis \u00e0 jour le 2 sept. 2025 \u00e0 21h57    <\/p>\n<p>L\u2019arriv\u00e9e ce mardi 2 septembre 2025 en d\u00e9but de soir\u00e9e de tr\u00e8s nombreux v\u00e9hicules de la police nationale, dont des <strong>CRS<\/strong> actuellement en renfort dans l\u2019<strong>H\u00e9rault,<\/strong> ainsi que des effectifs en uniforme et en civil n\u2019est pas pass\u00e9 inaper\u00e7ue dans la cit\u00e9 de la Mosson, \u00e0 <strong>Montpellier<\/strong> : une <strong>vaste op\u00e9ration de lutte contre le narcotrafic<\/strong> a \u00e9t\u00e9 lanc\u00e9e, supervis\u00e9e par le pr\u00e9fet, <strong>Fran\u00e7ois-Xavier Lauch<\/strong>.<\/p>\n<p class=\" wall-content\">\u00ab\u00a0La lutte contre le narcotrafic est une priorit\u00e9 de l\u2019Etat. Le pr\u00e9fet de l\u2019H\u00e9rault a lanc\u00e9 ce jour, en lien avec le nouveau <strong>procureur de la R\u00e9publique<\/strong> de Montpellier, une importante op\u00e9ration de police \u00e0 Montpellier, quartier de la Mosson, dans le cadre du dispositif \u00ab\u00a0Ville de S\u00e9curit\u00e9 Renforc\u00e9e\u00a0\u00bb, confirme ce soir la pr\u00e9fecture de l\u2019H\u00e9rault. Une op\u00e9ration pr\u00e9par\u00e9e dans le plus grand secret depuis la fin de semaine derni\u00e8re.<\/p>\n<p>    <a href=\"https:\/\/www.google.com\/maps\/embed?pb=!1m18!1m12!1m3!1d5736.528075542062!2d3.8157317413795555!3d43.62289569865777!2m3!1f0!2f0!3f0!3m2!1i1024!2i768!4f13.1!3m3!1m2!1s0x12b6ac25a5d999b3%3A0x20cd269de1509074!2sAv.%20de%20Barcelone%2C%2034080%20Montpellier!5e0!3m2!1sfr!2sfr!4v1756841769627!5m2!1sfr!2sfr\" title=\"Ouvrie le lien\" rel=\"nofollow noopener\" target=\"_blank\">Cliquez ici pour visualiser le contenu<\/a><\/p>\n<p class=\" wall-content\">Elle ajoute que, \u00ab\u00a0fruit de longues investigations judiciaires et d\u2019un travail administratif minutieux des services de l\u2019Etat -forces de s\u00e9curit\u00e9, pr\u00e9fecture, Imp\u00f4ts- cette op\u00e9ration de police \u00ab\u00a0Ville de S\u00e9curit\u00e9 Renforc\u00e9e\u00a0\u00bb consiste \u00e0 traquer les acteurs des trafics de stup\u00e9fiants, \u00e0 d\u00e9manteler les points de deal, \u00e0 s\u2019attaquer aux vitrines du blanchiment d\u2019argent et \u00e0 toutes formes de trafics ill\u00e9gaux par la multiplication des contr\u00f4les de commerces\u00a0\u00bb.<\/p>\n<p class=\" wall-content\"><strong>Plus de cent policiers nationaux<\/strong> sont mobilis\u00e9s dans le quartier de la Mosson, dont 60 CRS et 50 effectifs de la DIPN 34 : police judiciaire, s\u00e9curit\u00e9 publique, brigade canine, Police aux fronti\u00e8res, avec plusieurs objectifs :\u00a0d\u00e9manteler un point de deal\u00a0;\u00a0contr\u00f4ler de nombreux commerces avec l\u2019appui des services partenaires : DDFIP, DDPP, URSSAF, inspection du travail- ;\u00a0s\u00e9curiser le quartier par le maintien d\u2019une forte pr\u00e9sence polici\u00e8re pendant dix \u00a0jours. Des cars de CRS ont pris position vers 19h sur l\u2019avenue de Barcelone, d\u2019autres art\u00e8res proches sont \u00e9galement investies.<\/p>\n<p>Vid\u00e9os : en ce moment sur Actu<\/p>\n<p class=\" wall-content\">Les forces de s\u00e9curit\u00e9 vont occuper le terrain pour assainir le quartier, fouiller les caves, les parties communes des immeubles, d\u00e9manteler les squats, s\u00e9curiser la voie publique et les transports en commun, proc\u00e9der \u00e0 des contr\u00f4les d\u2019identit\u00e9s ainsi qu\u2019\u00e0 des contr\u00f4les routiers. Avec l\u2019appui de la police municipale, de la police municipale des transports et du GSRI, c\u2019est tout un continuum de s\u00e9curit\u00e9 qui est mobilis\u00e9 pour briser l\u2019\u00e9cosyst\u00e8me de la drogue. Les \u00e9piceries sont dans le collimateur des forces de l\u2019ordre.<\/p>\n<p>Votre r\u00e9gion, votre actu !<\/p>\n<p>Recevez chaque jour les infos qui comptent pour vous.<\/p>\n<p>\t<a href=\"https:\/\/actu.fr\/newsletter\" class=\"ac-btn ac-btn--corner ac-btn--medium ac-btn--blue800\" rel=\"nofollow noopener\" target=\"_blank\">S&rsquo;incrire<\/a><\/p>\n<p class=\" wall-content\">\u00ab\u00a0Le bilan complet de cette op\u00e9ration fera l\u2019objet d\u2019une communication ult\u00e9rieure.\u00a0Tous les moyens sont utilis\u00e9s pour stopper ces trafics qui pourrissent la vie du quartier\u00a0\u00bb, pr\u00e9vient la pr\u00e9fecture.<\/p>\n<p class=\" wall-content\">Le pr\u00e9fet a prononc\u00e9 cinq fermetures administratives de commerces dans le secteur Mosson\/Celleneuve depuis la mise en en place \u00e0 Montpellier du dispositif \u00ab\u00a0Ville de S\u00e9curit\u00e9 Renforc\u00e9e\u00a0\u00bb en f\u00e9vrier dernier.\u00a0Dans l\u2019H\u00e9rault, les nouveaux pouvoirs octroy\u00e9s par la loi aux pr\u00e9fets produisent des effets concrets\u00a0: 13 interdictions de para\u00eetre dans des points de deal ont d\u00e9j\u00e0 notifi\u00e9es.<\/p>\n<p class=\" wall-content\">Cette op\u00e9ration d\u2019envergure intervient \u00e0 l\u2019heure o\u00f9 des sc\u00e8nes de violence ont eu lieu ces derni\u00e8res 24h \u00e0 Montpellier : deux bless\u00e9s \u00e0 coups de machette lors d\u2019un r\u00e8glement de compte \u00e0 la Mosson et <a href=\"https:\/\/actu.fr\/occitanie\/montpellier_34172\/montpellier-coups-de-feu-au-mas-drevon-des-tireurs-visent-un-appartement-dans-une-residence_63106198.html\" rel=\"nofollow noopener\" target=\"_blank\">une fa\u00e7ade d\u2019une r\u00e9sidence mitraill\u00e9e<\/a> dans le quartier du Mas Drevon, o\u00f9 l\u2019appartement d\u2019un repris de justice \u00e9tait semble t-il vis\u00e9, sans faire de victime, mais en cr\u00e9ant un vif \u00e9moi parmi les locataires.<\/p>\n<p class=\" wall-content\">\n<p>60 policiers en plus<\/p>\n<p class=\" wall-content\">Elle survient par ailleurs 24h apr\u00e8s l\u2019arriv\u00e9e de<strong> 60 policiers nationaux<\/strong>\u00a0en uniforme sur la voie publique et dans les services d\u2019enqu\u00eate qui vont \u00eatre dispatcher dans les quatre circonscriptions de la DIPN 34 de Montpellier, B\u00e9ziers, S\u00e8te et Agde. Des renforts bienvenus, m\u00eame s\u2019ils ne vont pas compenser des d\u00e9parts \u00e0 la retraite.<\/p>\n<p class=\" wall-content\">Personnalisez votre actualit\u00e9 en ajoutant vos villes et m\u00e9dias en favori avec <a href=\"https:\/\/moncompte.actu.fr\" title=\"D\u00e9couvez Mon Actu\" rel=\"nofollow noopener\" data-trk=\"{&quot;cta&quot;:{&quot;action&quot;:&quot;https:\\\/\\\/moncompte.actu.fr&quot;,&quot;category&quot;:&quot;mon compte&quot;,&quot;from&quot;:&quot;article footer&quot;,&quot;name&quot;:&quot;Mon actu&quot;,&quot;type&quot;:&quot;cta&quot;}}\" target=\"_blank\">Mon Actu<\/a>.<\/p>\n","protected":false},"excerpt":{"rendered":"Par Jean-Marc Aubert Publi\u00e9 le 2 sept. 2025 \u00e0 21h40 ; mis \u00e0 jour le 2 sept. 2025&hellip;\n","protected":false},"author":2,"featured_media":361566,"comment_status":"","ping_status":"","sticky":false,"template":"","format":"standard","meta":{"footnotes":""},"categories":[9599],"tags":[1111,11,1777,674,1011,27,303,2208,813,12,2680,1072,25,104],"class_list":{"0":"post-361565","1":"post","2":"type-post","3":"status-publish","4":"format-standard","5":"has-post-thumbnail","7":"category-montpellier","8":"tag-actu","9":"tag-actualites","10":"tag-eu","11":"tag-europe","12":"tag-fr","13":"tag-france","14":"tag-justice","15":"tag-montpellier","16":"tag-narcotrafiquants","17":"tag-news","18":"tag-occitanie","19":"tag-police","20":"tag-republique-francaise","21":"tag-societe"},"share_on_mastodon":{"url":"https:\/\/pubeurope.com\/@fr\/115136523429568523","error":""},"_links":{"self":[{"href":"https:\/\/www.europesays.com\/fr\/wp-json\/wp\/v2\/posts\/361565","targetHints":{"allow":["GET"]}}],"collection":[{"href":"https:\/\/www.europesays.com\/fr\/wp-json\/wp\/v2\/posts"}],"about":[{"href":"https:\/\/www.europesays.com\/fr\/wp-json\/wp\/v2\/types\/post"}],"author":[{"embeddable":true,"href":"https:\/\/www.europesays.com\/fr\/wp-json\/wp\/v2\/users\/2"}],"replies":[{"embeddable":true,"href":"https:\/\/www.europesays.com\/fr\/wp-json\/wp\/v2\/comments?post=361565"}],"version-history":[{"count":0,"href":"https:\/\/www.europesays.com\/fr\/wp-json\/wp\/v2\/posts\/361565\/revisions"}],"wp:featuredmedia":[{"embeddable":true,"href":"https:\/\/www.europesays.com\/fr\/wp-json\/wp\/v2\/media\/361566"}],"wp:attachment":[{"href":"https:\/\/www.europesays.com\/fr\/wp-json\/wp\/v2\/media?parent=361565"}],"wp:term":[{"taxonomy":"category","embeddable":true,"href":"https:\/\/www.europesays.com\/fr\/wp-json\/wp\/v2\/categories?post=361565"},{"taxonomy":"post_tag","embeddable":true,"href":"https:\/\/www.europesays.com\/fr\/wp-json\/wp\/v2\/tags?post=361565"}],"curies":[{"name":"wp","href":"https:\/\/api.w.org\/{rel}","templated":true}]}}