{"id":361567,"date":"2025-09-02T20:11:12","date_gmt":"2025-09-02T20:11:12","guid":{"rendered":"https:\/\/www.europesays.com\/fr\/361567\/"},"modified":"2025-09-02T20:11:12","modified_gmt":"2025-09-02T20:11:12","slug":"coupe-de-france-dans-un-palais-des-sports-en-fusion-valence-frole-lexploit-contre-montpellier","status":"publish","type":"post","link":"https:\/\/www.europesays.com\/fr\/361567\/","title":{"rendered":"Coupe de France. Dans un Palais des sports en fusion, Valence fr\u00f4le l&rsquo;exploit contre Montpellier"},"content":{"rendered":"<p>Dans un Palais des sports Mend\u00e8s-France en fusion, les Valentinois ont tenu la drag\u00e9e haute \u00e0 des Montpelli\u00e9rains dans la suffisance.<\/p>\n<p>Malgr\u00e9 un retard de quatre unit\u00e9s \u00e0 la pause, les B\u00e9liers ont su renverser la vapeur jusqu\u2019aux dix derni\u00e8res minutes, lors desquelles les\u00a0Dr\u00f4mois ont livr\u00e9 du d\u00e9chet technique, fatal face \u00e0 une formation qui a su faire marcher l\u2019exp\u00e9rience, \u00e0 l\u2019image de Bolzinger, d\u00e9cisif.<\/p>\n<p>De bons enseignements avant la reprise <br \/>du championnat<\/p>\n<p>Avec une d\u00e9fense plus que rugueuse, les Valentinois ont montr\u00e9 qu\u2019ils pouvaient rivaliser avec l\u2019Elite au moins pour un match.<\/p>\n<p>De bons enseignements pour la premi\u00e8re journ\u00e9e de championnat, ce vendredi face \u00e0 Massy.<\/p>\n","protected":false},"excerpt":{"rendered":"Dans un Palais des sports Mend\u00e8s-France en fusion, les Valentinois ont tenu la drag\u00e9e haute \u00e0 des Montpelli\u00e9rains&hellip;\n","protected":false},"author":2,"featured_media":361568,"comment_status":"","ping_status":"","sticky":false,"template":"","format":"standard","meta":{"footnotes":""},"categories":[9599],"tags":[1111,11,2730,6436,2737,2735,1777,674,1701,1011,27,1792,2208,12,2680,25,517,2733,2734],"class_list":{"0":"post-361567","1":"post","2":"type-post","3":"status-publish","4":"format-standard","5":"has-post-thumbnail","7":"category-montpellier","8":"tag-actu","9":"tag-actualites","10":"tag-drome","11":"tag-edition-montelimar-drome-provencale","12":"tag-edition-romans-nord-drome","13":"tag-edition-valence-rhone-crussol-vallee-de-la-drome","14":"tag-eu","15":"tag-europe","16":"tag-fil-info-sport","17":"tag-fr","18":"tag-france","19":"tag-handball","20":"tag-montpellier","21":"tag-news","22":"tag-occitanie","23":"tag-republique-francaise","24":"tag-sport","25":"tag-valence","26":"tag-valence-bassin"},"share_on_mastodon":{"url":"https:\/\/pubeurope.com\/@fr\/115136527227734513","error":""},"_links":{"self":[{"href":"https:\/\/www.europesays.com\/fr\/wp-json\/wp\/v2\/posts\/361567","targetHints":{"allow":["GET"]}}],"collection":[{"href":"https:\/\/www.europesays.com\/fr\/wp-json\/wp\/v2\/posts"}],"about":[{"href":"https:\/\/www.europesays.com\/fr\/wp-json\/wp\/v2\/types\/post"}],"author":[{"embeddable":true,"href":"https:\/\/www.europesays.com\/fr\/wp-json\/wp\/v2\/users\/2"}],"replies":[{"embeddable":true,"href":"https:\/\/www.europesays.com\/fr\/wp-json\/wp\/v2\/comments?post=361567"}],"version-history":[{"count":0,"href":"https:\/\/www.europesays.com\/fr\/wp-json\/wp\/v2\/posts\/361567\/revisions"}],"wp:featuredmedia":[{"embeddable":true,"href":"https:\/\/www.europesays.com\/fr\/wp-json\/wp\/v2\/media\/361568"}],"wp:attachment":[{"href":"https:\/\/www.europesays.com\/fr\/wp-json\/wp\/v2\/media?parent=361567"}],"wp:term":[{"taxonomy":"category","embeddable":true,"href":"https:\/\/www.europesays.com\/fr\/wp-json\/wp\/v2\/categories?post=361567"},{"taxonomy":"post_tag","embeddable":true,"href":"https:\/\/www.europesays.com\/fr\/wp-json\/wp\/v2\/tags?post=361567"}],"curies":[{"name":"wp","href":"https:\/\/api.w.org\/{rel}","templated":true}]}}