{"id":361572,"date":"2025-09-02T20:16:24","date_gmt":"2025-09-02T20:16:24","guid":{"rendered":"https:\/\/www.europesays.com\/fr\/361572\/"},"modified":"2025-09-02T20:16:24","modified_gmt":"2025-09-02T20:16:24","slug":"un-boulanger-grievement-blesse-parce-quil-a-refuse-de-vendre-du-pain-a-4-h-30-du-matin","status":"publish","type":"post","link":"https:\/\/www.europesays.com\/fr\/361572\/","title":{"rendered":"un boulanger gri\u00e8vement bless\u00e9 parce qu\u2019il a refus\u00e9 de vendre du pain \u00e0 4 h 30 du matin"},"content":{"rendered":"<p>Un boulanger a \u00e9t\u00e9 gri\u00e8vement bless\u00e9, apr\u00e8s avoir \u00e9t\u00e9 agress\u00e9 \u00e0 l\u2019arme blanche pour du pain, lundi 1er\u00a0septembre 2025, \u00e0 <a target=\"_self\" href=\"https:\/\/www.lanouvellerepublique.fr\/a-la-une\/un-ancien-caid-abattu-dans-une-fusillade-sur-l-a41-pres-de-grenoble-1741779759\" rel=\"nofollow noopener\">Grenoble<\/a> (Is\u00e8re).\u00a0Son pronostic vital \u00e9tait engag\u00e9 lorsqu\u2019il a \u00e9t\u00e9 pris en charge par le Samu et transport\u00e9 au centre hospitalier universitaire de la Tronche, selon la police, mais ce n\u2019est plus le cas d\u00e9sormais, a indiqu\u00e9 le procureur de Grenoble \u00c9tienne Manteaux.\u00a0Il a donc pu \u00eatre interrog\u00e9 par les enqu\u00eateurs.<\/p>\n<p>Les faits se sont d\u00e9roul\u00e9s vers 4\u00a0h\u00a030 du matin. La devanture de la boulangerie n\u2019\u00e9tait pas encore ouverte lorsque trois personnes sont arriv\u00e9es par l\u2019arri\u00e8re de la boutique, voyant que des miches de pain \u00e9taient pr\u00eates et r\u00e9clamant alors du pain au boulanger pr\u00e9sent, \u00e2g\u00e9 de 26\u00a0ans.<\/p>\n<p>Des miches de pain vol\u00e9es<\/p>\n<p>Devant le refus du salari\u00e9, les trois individus se sont empar\u00e9s des miches de pain, \u00ab\u00a0engageant une r\u00e9action du salari\u00e9 qui s\u2019est empar\u00e9 de sa pelle \u00e0 pain et est sorti de la boutique pour essayer de les dissuader de voler\u00a0\u00bb, selon \u00c9tienne Manteaux.<\/p>\n<p>C\u2019est l\u00e0 que le boulanger a \u00e9t\u00e9 \u00ab\u00a0ceintur\u00e9, frapp\u00e9\u00a0\u00bb avec une arme blanche par ses assaillants qui ont ensuite pris la fuite avec le pain.\u00a0Le jeune homme n\u2019a \u00ab\u00a0pas vu de couteau\u00a0\u00bb lors de son agression mais il a r\u00e9alis\u00e9 qu\u2019il avait une blessure au thorax et une autre au ventre \u00e0 son retour \u00e0 la boulangerie, selon le procureur.<\/p>\n","protected":false},"excerpt":{"rendered":"Un boulanger a \u00e9t\u00e9 gri\u00e8vement bless\u00e9, apr\u00e8s avoir \u00e9t\u00e9 agress\u00e9 \u00e0 l\u2019arme blanche pour du pain, lundi 1er\u00a0septembre&hellip;\n","protected":false},"author":2,"featured_media":361573,"comment_status":"","ping_status":"","sticky":false,"template":"","format":"standard","meta":{"footnotes":""},"categories":[9566],"tags":[328,1111,11,2430,1777,674,274,1011,27,329,2731,12,25],"class_list":{"0":"post-361572","1":"post","2":"type-post","3":"status-publish","4":"format-standard","5":"has-post-thumbnail","7":"category-grenoble","8":"tag-a-la-une","9":"tag-actu","10":"tag-actualites","11":"tag-auvergne-rhone-alpes","12":"tag-eu","13":"tag-europe","14":"tag-faits-divers-justice","15":"tag-fr","16":"tag-france","17":"tag-france-monde","18":"tag-grenoble","19":"tag-news","20":"tag-republique-francaise"},"share_on_mastodon":{"url":"https:\/\/pubeurope.com\/@fr\/115136546903873988","error":""},"_links":{"self":[{"href":"https:\/\/www.europesays.com\/fr\/wp-json\/wp\/v2\/posts\/361572","targetHints":{"allow":["GET"]}}],"collection":[{"href":"https:\/\/www.europesays.com\/fr\/wp-json\/wp\/v2\/posts"}],"about":[{"href":"https:\/\/www.europesays.com\/fr\/wp-json\/wp\/v2\/types\/post"}],"author":[{"embeddable":true,"href":"https:\/\/www.europesays.com\/fr\/wp-json\/wp\/v2\/users\/2"}],"replies":[{"embeddable":true,"href":"https:\/\/www.europesays.com\/fr\/wp-json\/wp\/v2\/comments?post=361572"}],"version-history":[{"count":0,"href":"https:\/\/www.europesays.com\/fr\/wp-json\/wp\/v2\/posts\/361572\/revisions"}],"wp:featuredmedia":[{"embeddable":true,"href":"https:\/\/www.europesays.com\/fr\/wp-json\/wp\/v2\/media\/361573"}],"wp:attachment":[{"href":"https:\/\/www.europesays.com\/fr\/wp-json\/wp\/v2\/media?parent=361572"}],"wp:term":[{"taxonomy":"category","embeddable":true,"href":"https:\/\/www.europesays.com\/fr\/wp-json\/wp\/v2\/categories?post=361572"},{"taxonomy":"post_tag","embeddable":true,"href":"https:\/\/www.europesays.com\/fr\/wp-json\/wp\/v2\/tags?post=361572"}],"curies":[{"name":"wp","href":"https:\/\/api.w.org\/{rel}","templated":true}]}}